{"id":52489,"date":"2022-01-26T17:01:14","date_gmt":"2022-01-26T20:01:14","guid":{"rendered":"https:\/\/informateesquina.com\/?p=52489"},"modified":"2022-01-26T17:03:04","modified_gmt":"2022-01-26T20:03:04","slug":"coronavirus-murio-una-beba-goyana-de-7-meses","status":"publish","type":"post","link":"http:\/\/informateesquina.com\/?p=52489","title":{"rendered":"Coronavirus: Muri\u00f3 una beba goyana de 7 meses"},"content":{"rendered":"<h1><a class=\"fotos-desarrollo unlink\" style=\"font-size: 15px;\" title=\"Muri\u00f3 la beba que estaba internada en el Pediatrico tras haber contra\u00eddo COVID-19\" href=\"https:\/\/www.radiosudamericana.com\/notix\/multimedia\/imagenes\/fotos\/2022-01-26\/357175.png\"><img loading=\"lazy\" decoding=\"async\" class=\"img-responsive lazyload center-block\" src=\"https:\/\/www.radiosudamericana.com\/notix\/multimedia\/imagenes\/fotos\/2022-01-26\/357175.png_nota.png\" alt=\"Muri\u00f3 la beba que estaba internada en el Pediatrico tras haber contra\u00eddo COVID-19\" width=\"700\" height=\"466\" \/><\/a><\/h1>\n<p>&nbsp;<\/p>\n<div class=\"cuerpo\">\n<p>La ni\u00f1a goyana de tan solo 7 meses muri\u00f3 por un fallo agudo multiorganico tras contraer coronavirus. La menor fue internada en el Hospital Pedi\u00e1trico hace algunos d\u00edas en estado extremadamente delicado.<\/p>\n<p>Fue trasladada desde Goya cursando el quinto dia de la enfermedad.<\/p>\n<p>Pese a los esfuerzos m\u00e9dicos, la ni\u00f1a termin\u00f3 falleciendo en el mediod\u00eda del mi\u00e9rcoles.<\/p>\n<\/div>\n","protected":false},"excerpt":{"rendered":"<p>&nbsp; La ni\u00f1a goyana de tan solo 7 meses muri\u00f3 por un fallo agudo multiorganico tras contraer coronavirus. La menor fue internada en el Hospital Pedi\u00e1trico hace algunos d\u00edas en estado extremadamente delicado. Fue trasladada desde Goya cursando el quinto dia de la enfermedad. Pese a los esfuerzos m\u00e9dicos, la ni\u00f1a termin\u00f3 falleciendo en el [&hellip;]<\/p>\n","protected":false},"author":3,"featured_media":52490,"comment_status":"open","ping_status":"open","sticky":false,"template":"","format":"standard","meta":{"footnotes":""},"categories":[6,11],"tags":[136],"class_list":["post-52489","post","type-post","status-publish","format-standard","has-post-thumbnail","hentry","category-locales","category-sociedad","tag-destacados"],"_links":{"self":[{"href":"http:\/\/informateesquina.com\/index.php?rest_route=\/wp\/v2\/posts\/52489","targetHints":{"allow":["GET"]}}],"collection":[{"href":"http:\/\/informateesquina.com\/index.php?rest_route=\/wp\/v2\/posts"}],"about":[{"href":"http:\/\/informateesquina.com\/index.php?rest_route=\/wp\/v2\/types\/post"}],"author":[{"embeddable":true,"href":"http:\/\/informateesquina.com\/index.php?rest_route=\/wp\/v2\/users\/3"}],"replies":[{"embeddable":true,"href":"http:\/\/informateesquina.com\/index.php?rest_route=%2Fwp%2Fv2%2Fcomments&post=52489"}],"version-history":[{"count":0,"href":"http:\/\/informateesquina.com\/index.php?rest_route=\/wp\/v2\/posts\/52489\/revisions"}],"wp:featuredmedia":[{"embeddable":true,"href":"http:\/\/informateesquina.com\/index.php?rest_route=\/wp\/v2\/media\/52490"}],"wp:attachment":[{"href":"http:\/\/informateesquina.com\/index.php?rest_route=%2Fwp%2Fv2%2Fmedia&parent=52489"}],"wp:term":[{"taxonomy":"category","embeddable":true,"href":"http:\/\/informateesquina.com\/index.php?rest_route=%2Fwp%2Fv2%2Fcategories&post=52489"},{"taxonomy":"post_tag","embeddable":true,"href":"http:\/\/informateesquina.com\/index.php?rest_route=%2Fwp%2Fv2%2Ftags&post=52489"}],"curies":[{"name":"wp","href":"https:\/\/api.w.org\/{rel}","templated":true}]}}