{"id":52492,"date":"2022-01-26T18:20:26","date_gmt":"2022-01-26T21:20:26","guid":{"rendered":"https:\/\/informateesquina.com\/?p=52492"},"modified":"2022-01-26T18:20:26","modified_gmt":"2022-01-26T21:20:26","slug":"coronavirus-hospital-de-alvear-cerrado-por-contagios-en-el-personal-de-salud","status":"publish","type":"post","link":"http:\/\/informateesquina.com\/?p=52492","title":{"rendered":"Coronavirus: Hospital de Alvear cerrado por contagios en el personal de salud"},"content":{"rendered":"<header class=\"header-interior\"><\/header>\n<div class=\"cont-nota\">\n<article class=\"cont-cuerpo\">\n<div class=\"seguinos\">\n<h2><span style=\"color: #333333; font-size: 15px;\">El director del hospital de Alvear, Dr. Roberto Oscar Ayala, esta ma\u00f1ana debi\u00f3 ser trasladado al Hospital de Campa\u00f1a luego de sufrir una descompensaci\u00f3n. El profesional m\u00e9dico se encuentra cursando su cuarto d\u00eda de Covid positivo.<\/span><\/h2>\n<\/div>\n<section class=\"texto\">\nLiliana Oliveira, sostuvo que el hospital local se encuentra pr\u00e1cticamente cerrado y que s\u00f3lo es atendido por un m\u00e9dico. &#8220;No hay insumos, a veces no le dan ni los barbijos. La situaci\u00f3n con el coronavirus es muy complicada, seguimos enterrando vecinos&#8221;, manifest\u00f3.<\/p>\n<\/section>\n<\/article>\n<\/div>\n","protected":false},"excerpt":{"rendered":"<p>El director del hospital de Alvear, Dr. Roberto Oscar Ayala, esta ma\u00f1ana debi\u00f3 ser trasladado al Hospital de Campa\u00f1a luego de sufrir una descompensaci\u00f3n. El profesional m\u00e9dico se encuentra cursando su cuarto d\u00eda de Covid positivo. Liliana Oliveira, sostuvo que el hospital local se encuentra pr\u00e1cticamente cerrado y que s\u00f3lo es atendido por un m\u00e9dico. [&hellip;]<\/p>\n","protected":false},"author":3,"featured_media":52493,"comment_status":"open","ping_status":"open","sticky":false,"template":"","format":"standard","meta":{"footnotes":""},"categories":[10,11],"tags":[],"class_list":["post-52492","post","type-post","status-publish","format-standard","has-post-thumbnail","hentry","category-provinciales","category-sociedad"],"_links":{"self":[{"href":"http:\/\/informateesquina.com\/index.php?rest_route=\/wp\/v2\/posts\/52492","targetHints":{"allow":["GET"]}}],"collection":[{"href":"http:\/\/informateesquina.com\/index.php?rest_route=\/wp\/v2\/posts"}],"about":[{"href":"http:\/\/informateesquina.com\/index.php?rest_route=\/wp\/v2\/types\/post"}],"author":[{"embeddable":true,"href":"http:\/\/informateesquina.com\/index.php?rest_route=\/wp\/v2\/users\/3"}],"replies":[{"embeddable":true,"href":"http:\/\/informateesquina.com\/index.php?rest_route=%2Fwp%2Fv2%2Fcomments&post=52492"}],"version-history":[{"count":0,"href":"http:\/\/informateesquina.com\/index.php?rest_route=\/wp\/v2\/posts\/52492\/revisions"}],"wp:featuredmedia":[{"embeddable":true,"href":"http:\/\/informateesquina.com\/index.php?rest_route=\/wp\/v2\/media\/52493"}],"wp:attachment":[{"href":"http:\/\/informateesquina.com\/index.php?rest_route=%2Fwp%2Fv2%2Fmedia&parent=52492"}],"wp:term":[{"taxonomy":"category","embeddable":true,"href":"http:\/\/informateesquina.com\/index.php?rest_route=%2Fwp%2Fv2%2Fcategories&post=52492"},{"taxonomy":"post_tag","embeddable":true,"href":"http:\/\/informateesquina.com\/index.php?rest_route=%2Fwp%2Fv2%2Ftags&post=52492"}],"curies":[{"name":"wp","href":"https:\/\/api.w.org\/{rel}","templated":true}]}}