{"id":52498,"date":"2022-01-26T18:23:24","date_gmt":"2022-01-26T21:23:24","guid":{"rendered":"https:\/\/informateesquina.com\/?p=52498"},"modified":"2022-01-26T18:23:24","modified_gmt":"2022-01-26T21:23:24","slug":"pension-vitalicia-para-familiares-de-muertos-por-covid-como-tramitarla","status":"publish","type":"post","link":"http:\/\/informateesquina.com\/?p=52498","title":{"rendered":"Pensi\u00f3n vitalicia para familiares de muertos por Covid: c\u00f3mo tramitarla"},"content":{"rendered":"<div>\n<p class=\"copete\">La pensi\u00f3n vitalicia para familiares de v\u00edctimas del Covid-19 fue establecida por el Gobierno nacional a trav\u00e9s del Decreto 854\/2021, que se public\u00f3 en el Bolet\u00edn Oficial el pasado 17 de diciembre. \u00bfC\u00f3mo tramitarla?<\/p>\n<\/div>\n<div class=\"fotos-y-videos\">\n<p>Dicha asistencia social, comprendida en la Ley 27.549 de 2020, otorga beneficios impositivos al personal de la salud, Fuerzas Armadas, de Seguridad y otros rubros considerados esenciales durante la\u00a0pandemia\u00a0del coronavirus. Esta disposici\u00f3n establece la eximici\u00f3n del pago del Impuesto a las Ganancias por horas extra, guardias o todo otro concepto que se liquide de manera espec\u00edfica y adicional en virtud de le emergencia sanitaria.<\/p>\n<p>En tanto, tambi\u00e9n contempl\u00f3 una pensi\u00f3n graciable vitalicia para los familiares de los trabajadores comprendidos en esa ley que hayan perdido la vida a consecuencia de Covid-19, entre el 1\u00b0 de marzo de 2020 y el 31 de diciembre de ese mismo a\u00f1o, quienes podr\u00e1n cobrarla inmediatamente despu\u00e9s de haber comenzado el tr\u00e1mite y no una vez que finalice, debido a que es un proceso que puede demandar varios meses.<\/p>\n<div class=\"tab-content\">\n<div id=\"fotos\" class=\"tab-pane fade in active\" role=\"tabpanel\"><a class=\"fotos-desarrollo unlink\" title=\"Pensi\u00f3n vitalicia para familiares de muertos por Covid: c\u00f3mo tramitarla\" href=\"https:\/\/www.radiosudamericana.com\/notix\/multimedia\/imagenes\/fotos\/2022-01-26\/603273.jpg\"><img loading=\"lazy\" decoding=\"async\" class=\"img-responsive lazyload center-block\" src=\"https:\/\/www.radiosudamericana.com\/notix\/multimedia\/imagenes\/fotos\/2022-01-26\/603273.jpg_nota.jpg\" alt=\"Pensi\u00f3n vitalicia para familiares de muertos por Covid: c\u00f3mo tramitarla\" width=\"700\" height=\"466\" \/><\/a><\/div>\n<\/div>\n<\/div>\n<p>&nbsp;<\/p>\n<div class=\"cuerpo\">\n<p>La medida indica que la pensi\u00f3n\u00a0\u201cse abonar\u00e1 a sus beneficiarios y beneficiarias desde la fecha de solicitud para su tramitaci\u00f3n ante la Administraci\u00f3n Nacional de Seguridad Social (ANSES) o desde la fecha en que se haya solicitado en forma fehaciente ante cualquier organismo del Estado Nacional, si ello es anterior a la entrada en vigencia del presente decreto\u201d.<\/p>\n<p>&nbsp;<\/p>\n<p>En este sentido, tambi\u00e9n aclararon que quienes a\u00fan esperan por la aprobaci\u00f3n\u00a0recibir\u00e1n un retroactivo desde la fecha que se comenz\u00f3 la gesti\u00f3n.<\/p>\n<h2><strong>\u00bfCu\u00e1l es el monto?<\/strong><\/h2>\n<ul>\n<li>El monto equivale a dos haberes m\u00ednimos, lo que representa un total actual de $58.124 al d\u00eda de hoy.<\/li>\n<\/ul>\n<h2><strong>\u00bfQui\u00e9nes podr\u00e1 solicitarlo?<\/strong><\/h2>\n<p>El beneficio est\u00e1 destinado para aquellos familiares de quienes fueron\u00a0trabajadores esenciales\u00a0y fallecieron por convirtamos entre el 1 de marzo y el 31 de diciembre de 2021.<\/p>\n<ul>\n<li>C\u00f3nyuge sup\u00e9rstite:\u00a0en caso de divorcio esta pensi\u00f3n solo proceder\u00eda en caso de que \u201cel causante tuviere a su cargo un deber alimentario en favor del derechohabiente\u201d.<\/li>\n<li>Conviviente sup\u00e9rstite:\u00a0con quien el fallecido mantuvo una uni\u00f3n convivencial.<\/li>\n<li>Hijos\/as solteros\/as hasta los 21 a\u00f1os de edad:\u00a0esta limitaci\u00f3n de edad no rige si los\/as hijos\/as se encuentran restringidos en su capacidad o perciben alimentos establecidos hasta los 25 a\u00f1os.<\/li>\n<li>Personas a cargo del causante al momento del fallecimiento, conforme lo reglamente la autoridad de aplicaci\u00f3n.<\/li>\n<\/ul>\n<h2><strong>\u00bfQu\u00e9 rubros contempla la Ley 27.549?<\/strong><\/h2>\n<ul>\n<li>Profesionales, t\u00e9cnicos, auxiliares (incluidos los de gastronom\u00eda, maestranza y limpieza) y personal operativo de los sistemas de salud p\u00fablica y privada.<\/li>\n<li>Personal de las Fuerzas Armadas.<\/li>\n<li>Personal de las Fuerzas de Seguridad.<\/li>\n<li>Personal de la Actividad Migratoria.<\/li>\n<li>Personal de la Actividad Aduanera.<\/li>\n<li>Bomberos.<\/li>\n<li>Recolectores de residuos domiciliarios y recolectores de residuos patog\u00e9nicos, que presten servicios relacionados con la emergencia sanitaria.<\/li>\n<\/ul>\n<p>Fuente: MinutoUno<\/p>\n<\/div>\n","protected":false},"excerpt":{"rendered":"<p>La pensi\u00f3n vitalicia para familiares de v\u00edctimas del Covid-19 fue establecida por el Gobierno nacional a trav\u00e9s del Decreto 854\/2021, que se public\u00f3 en el Bolet\u00edn Oficial el pasado 17 de diciembre. \u00bfC\u00f3mo tramitarla? Dicha asistencia social, comprendida en la Ley 27.549 de 2020, otorga beneficios impositivos al personal de la salud, Fuerzas Armadas, de [&hellip;]<\/p>\n","protected":false},"author":3,"featured_media":52440,"comment_status":"open","ping_status":"open","sticky":false,"template":"","format":"standard","meta":{"footnotes":""},"categories":[7,10,11],"tags":[],"class_list":["post-52498","post","type-post","status-publish","format-standard","has-post-thumbnail","hentry","category-nacionales","category-provinciales","category-sociedad"],"_links":{"self":[{"href":"http:\/\/informateesquina.com\/index.php?rest_route=\/wp\/v2\/posts\/52498","targetHints":{"allow":["GET"]}}],"collection":[{"href":"http:\/\/informateesquina.com\/index.php?rest_route=\/wp\/v2\/posts"}],"about":[{"href":"http:\/\/informateesquina.com\/index.php?rest_route=\/wp\/v2\/types\/post"}],"author":[{"embeddable":true,"href":"http:\/\/informateesquina.com\/index.php?rest_route=\/wp\/v2\/users\/3"}],"replies":[{"embeddable":true,"href":"http:\/\/informateesquina.com\/index.php?rest_route=%2Fwp%2Fv2%2Fcomments&post=52498"}],"version-history":[{"count":0,"href":"http:\/\/informateesquina.com\/index.php?rest_route=\/wp\/v2\/posts\/52498\/revisions"}],"wp:featuredmedia":[{"embeddable":true,"href":"http:\/\/informateesquina.com\/index.php?rest_route=\/wp\/v2\/media\/52440"}],"wp:attachment":[{"href":"http:\/\/informateesquina.com\/index.php?rest_route=%2Fwp%2Fv2%2Fmedia&parent=52498"}],"wp:term":[{"taxonomy":"category","embeddable":true,"href":"http:\/\/informateesquina.com\/index.php?rest_route=%2Fwp%2Fv2%2Fcategories&post=52498"},{"taxonomy":"post_tag","embeddable":true,"href":"http:\/\/informateesquina.com\/index.php?rest_route=%2Fwp%2Fv2%2Ftags&post=52498"}],"curies":[{"name":"wp","href":"https:\/\/api.w.org\/{rel}","templated":true}]}}