{"id":52500,"date":"2022-01-26T18:29:34","date_gmt":"2022-01-26T21:29:34","guid":{"rendered":"https:\/\/informateesquina.com\/?p=52500"},"modified":"2022-01-26T18:29:34","modified_gmt":"2022-01-26T21:29:34","slug":"cordoba-que-dice-la-autopsia-de-la-nena-que-fue-al-hospital-por-un-raspon-y-murio","status":"publish","type":"post","link":"http:\/\/informateesquina.com\/?p=52500","title":{"rendered":"C\u00f3rdoba: \u00bfqu\u00e9 dice la autopsia de la nena que fue al hospital por un rasp\u00f3n y muri\u00f3?"},"content":{"rendered":"<div class=\"article__header article__header article__story article__header article__article\">\n<div class=\"article__headline-byline-container\">\n<h2 class=\"article__dropline soft\"><span style=\"color: #333333; font-size: 15px;\">\u201cEl coraz\u00f3n le <\/span><b style=\"color: #333333; font-size: 15px;\">dej\u00f3 de latir por la gran infecci\u00f3n<\/b><span style=\"color: #333333; font-size: 15px;\">\u00a0que ten\u00eda\u201d, asegur\u00f3 Karen Baldobino, la mam\u00e1 de la nena de seis a\u00f1os que fue a un hospital de C\u00f3rdoba\u00a0<\/span><b style=\"color: #333333; font-size: 15px;\">por un rasp\u00f3n y muri\u00f3<\/b><span style=\"color: #333333; font-size: 15px;\">\u00a0tres d\u00edas despu\u00e9s. As\u00ed se expres\u00f3 la mujer este martes tras recibir el resultado de la autopsia.<\/span><\/h2>\n<\/div>\n<\/div>\n<div class=\"default-article-color policiales-article-color article__body article__article\">\n<div id=\"div-gpt-ad-1614365044997-0\" class=\"infeed-container\" data-google-query-id=\"CNb1-9Ot0PUCFf4FuQYd4EsIFw\">\n<div id=\"google_ads_iframe_\/113951150\/tn-arc\/policiales\/nota\/infeed_0__container__\"><\/div>\n<\/div>\n<p class=\"paragraph\">Seg\u00fan el estudio realizado por el Instituto de Medicina Forense del Poder Judicial, Danae Olgu\u00edn muri\u00f3 por\u00a0<b>un \u201cshock cardiog\u00e9nico irreversible\u201d<\/b>. Antes, a los familiares les hab\u00edan informado que la nena hab\u00eda fallecido como consecuencia de un\u00a0<b>contagio de covid-19\u00a0<\/b>y ellos denunciaron entonces mala praxis.<\/p>\n<p class=\"paragraph\">\n<p class=\"paragraph\">Tras conocer las conclusiones de los forenses, la defensa de la familia precis\u00f3 a<i>\u00a0La Voz\u00a0<\/i>que la muerte se produjo por \u201cun cuadro infeccioso grave, un proceso inflamatorio que dio origen a que gran parte de los \u00f3rganos empiecen a fallar\u201d. En este sentido, adelantaron que\u00a0<b>pedir\u00e1n una Junta M\u00e9dica<\/b>\u00a0para que no haya ninguna duda respecto de la interpretaci\u00f3n de los resultados.<\/p>\n<div id=\"hybs-mslot-3040-1\" class=\"hybs-mslot\"><\/div>\n<figure class=\"\">\n<div class=\"aspect_ratio__container\"><picture class=\"responsive-image\"><source srcset=\"https:\/\/tn.com.ar\/resizer\/uwlT3y1mWaz5w4W6HDZI1HIYQDM=\/767x0\/smart\/filters:quality(60)\/cloudfront-us-east-1.images.arcpublishing.com\/artear\/LHZ5GUXYRVF3ZJEMTQQD2Z3674.png\" type=\"image\/jpg\" media=\"(max-width: 728px)\" \/><source srcset=\"https:\/\/tn.com.ar\/resizer\/U5kHSnJzxDpQRgSjhlkOZgfU6Ng=\/1023x0\/smart\/filters:quality(60)\/cloudfront-us-east-1.images.arcpublishing.com\/artear\/LHZ5GUXYRVF3ZJEMTQQD2Z3674.png\" type=\"image\/jpg\" media=\"(max-width: 1023px)\" \/><source srcset=\"https:\/\/tn.com.ar\/resizer\/yAawceZQ8gGxNL8KndIqiOHmG8w=\/1440x0\/smart\/filters:quality(60)\/cloudfront-us-east-1.images.arcpublishing.com\/artear\/LHZ5GUXYRVF3ZJEMTQQD2Z3674.png\" type=\"image\/jpg\" \/><img decoding=\"async\" class=\"margin_bottom image flex flex_column image_placeholder\" src=\"https:\/\/tn.com.ar\/resizer\/uwlT3y1mWaz5w4W6HDZI1HIYQDM=\/767x0\/smart\/filters:quality(60)\/cloudfront-us-east-1.images.arcpublishing.com\/artear\/LHZ5GUXYRVF3ZJEMTQQD2Z3674.png\" alt=\"\u201cShock cardiog\u00e9nico irreversible\u201d: la autopsia de la nena que fue al hospital por un rasp\u00f3n y muri\u00f3\" \/><\/picture><\/div><figcaption class=\"flex flex_column caption_image\"><span class=\"margin_top-xxxxs credits_image\">Por:\u00a0<b>TN.com.ar<\/b><\/span><\/figcaption><\/figure>\n<p class=\"paragraph\">\u201cAhora m\u00e1s que nunca vamos a necesitar que\u00a0<b>la Justicia act\u00fae\u201d<\/b>, reclam\u00f3 Baldobino, y agreg\u00f3: \u201cPido al fiscal que nos ayude y que\u00a0<b>pague quien le haya hecho eso a mi hija<\/b>. Es tan doloroso todo esto para nosotros que aun sabiendo la verdad no entendemos como personas que se hacen llamar doctores, profesionales, hayan abandonado de esa manera a mi hija. S\u00f3lo el fiscal puede hacer que ellos paguen para que esto no vuelva a pasar m\u00e1s con nadie\u201d.<\/p>\n<p class=\"paragraph\">La mam\u00e1 de Danae est\u00e1 embarazada de cuatro meses y tiene un nene de cinco a\u00f1os, habl\u00f3 tambi\u00e9n en nombre de su marido, Hugo Olgu\u00edn: \u201cEl dolor lo vamos a llevar siempre. Nunca voy a entender el ser humano,\u00a0<b>nos destrozaron la vida<\/b>. Espero que Dios nos ayude en este proceso y que el se\u00f1or fiscal les haga caer todo el peso de la ley\u201d.<\/p>\n<div id=\"hybs-mslot-3040-2\" class=\"hybs-mslot\"><\/div>\n<figure class=\"\">\n<div class=\"aspect_ratio__container\"><picture class=\"responsive-image\"><source srcset=\"https:\/\/tn.com.ar\/resizer\/fAWCcuidfK2AykfGSnim3PNA09w=\/767x0\/smart\/filters:quality(60)\/cloudfront-us-east-1.images.arcpublishing.com\/artear\/N3TNX6GLL5GKRMXYLCCV7G3RMU.jpg\" type=\"image\/jpg\" media=\"(max-width: 728px)\" \/><source srcset=\"https:\/\/tn.com.ar\/resizer\/NZFwbrNnWzvdjihwbCE8nfsIXAA=\/1023x0\/smart\/filters:quality(60)\/cloudfront-us-east-1.images.arcpublishing.com\/artear\/N3TNX6GLL5GKRMXYLCCV7G3RMU.jpg\" type=\"image\/jpg\" media=\"(max-width: 1023px)\" \/><source srcset=\"https:\/\/tn.com.ar\/resizer\/97E7MZcmPlvHDUJaOLwq8MOMasc=\/1440x0\/smart\/filters:quality(60)\/cloudfront-us-east-1.images.arcpublishing.com\/artear\/N3TNX6GLL5GKRMXYLCCV7G3RMU.jpg\" type=\"image\/jpg\" \/><img decoding=\"async\" class=\"margin_bottom image flex flex_column image_placeholder\" src=\"https:\/\/tn.com.ar\/resizer\/fAWCcuidfK2AykfGSnim3PNA09w=\/767x0\/smart\/filters:quality(60)\/cloudfront-us-east-1.images.arcpublishing.com\/artear\/N3TNX6GLL5GKRMXYLCCV7G3RMU.jpg\" alt=\"Los padres de Danae denunciaron que se trata de un caso de mala praxis (Foto: La Voz de C\u00f3rdoba).\" \/><\/picture><\/div><figcaption class=\"flex flex_column caption_image\">Los padres de Danae denunciaron que se trata de un caso de mala praxis (Foto: La Voz de C\u00f3rdoba).<\/figcaption><\/figure>\n<h2 class=\"font--primary\">C\u00f3mo fue la muerte de Danae Olgu\u00edn<\/h2>\n<p class=\"paragraph\">Danae Olgu\u00edn muri\u00f3 el 8 de enero en un centro de salud de R\u00edo Cuarto. Previamente, hab\u00eda sido atendida en el Hospital Municipal \u201cTom\u00e1s Ponsone\u201d de Coronel Moldes, su ciudad natal. Desde el d\u00eda en que tuvo que ser derivada al segundo centro de salud, su familia<b>\u00a0reclama que no fue bien atendida.<\/b><\/p>\n<p class=\"paragraph\">Por el caso, ya hay un expediente judicial en curso. El fiscal Daniel Miralles de R\u00edo Cuarto inici\u00f3 una investigaci\u00f3n y se\u00a0<b>orden\u00f3 el allanamiento del hospital<\/b>\u00a0de Coronel Moldes.<\/p>\n<p class=\"paragraph\">Sergio Bernal Valverde, el abogado de la familia, explic\u00f3 a los medios locales: \u201cEste caso est\u00e1 signado por las dudas de una mam\u00e1 que\u00a0<b>tiene todas las razones de dudar,\u00a0<\/b>porque no fueron claros en su momento con respecto a las causas de la muerte de su hija\u201d.<\/p>\n<\/div>\n","protected":false},"excerpt":{"rendered":"<p>\u201cEl coraz\u00f3n le dej\u00f3 de latir por la gran infecci\u00f3n\u00a0que ten\u00eda\u201d, asegur\u00f3 Karen Baldobino, la mam\u00e1 de la nena de seis a\u00f1os que fue a un hospital de C\u00f3rdoba\u00a0por un rasp\u00f3n y muri\u00f3\u00a0tres d\u00edas despu\u00e9s. As\u00ed se expres\u00f3 la mujer este martes tras recibir el resultado de la autopsia. Seg\u00fan el estudio realizado por el [&hellip;]<\/p>\n","protected":false},"author":3,"featured_media":52501,"comment_status":"open","ping_status":"open","sticky":false,"template":"","format":"standard","meta":{"footnotes":""},"categories":[7,11],"tags":[],"class_list":["post-52500","post","type-post","status-publish","format-standard","has-post-thumbnail","hentry","category-nacionales","category-sociedad"],"_links":{"self":[{"href":"http:\/\/informateesquina.com\/index.php?rest_route=\/wp\/v2\/posts\/52500","targetHints":{"allow":["GET"]}}],"collection":[{"href":"http:\/\/informateesquina.com\/index.php?rest_route=\/wp\/v2\/posts"}],"about":[{"href":"http:\/\/informateesquina.com\/index.php?rest_route=\/wp\/v2\/types\/post"}],"author":[{"embeddable":true,"href":"http:\/\/informateesquina.com\/index.php?rest_route=\/wp\/v2\/users\/3"}],"replies":[{"embeddable":true,"href":"http:\/\/informateesquina.com\/index.php?rest_route=%2Fwp%2Fv2%2Fcomments&post=52500"}],"version-history":[{"count":0,"href":"http:\/\/informateesquina.com\/index.php?rest_route=\/wp\/v2\/posts\/52500\/revisions"}],"wp:featuredmedia":[{"embeddable":true,"href":"http:\/\/informateesquina.com\/index.php?rest_route=\/wp\/v2\/media\/52501"}],"wp:attachment":[{"href":"http:\/\/informateesquina.com\/index.php?rest_route=%2Fwp%2Fv2%2Fmedia&parent=52500"}],"wp:term":[{"taxonomy":"category","embeddable":true,"href":"http:\/\/informateesquina.com\/index.php?rest_route=%2Fwp%2Fv2%2Fcategories&post=52500"},{"taxonomy":"post_tag","embeddable":true,"href":"http:\/\/informateesquina.com\/index.php?rest_route=%2Fwp%2Fv2%2Ftags&post=52500"}],"curies":[{"name":"wp","href":"https:\/\/api.w.org\/{rel}","templated":true}]}}