{"id":52503,"date":"2022-01-26T18:47:24","date_gmt":"2022-01-26T21:47:24","guid":{"rendered":"https:\/\/informateesquina.com\/?p=52503"},"modified":"2022-01-26T18:47:24","modified_gmt":"2022-01-26T21:47:24","slug":"corrientes-operarios-de-dpec-se-salvan-en-accidente-vial","status":"publish","type":"post","link":"http:\/\/informateesquina.com\/?p=52503","title":{"rendered":"Corrientes: Operarios de DPEC se salvan en accidente vial"},"content":{"rendered":"<header class=\"header-interior\"><\/header>\n<div class=\"cont-nota\">\n<article class=\"cont-cuerpo\">\n<section class=\"texto\">El veh\u00edculo de la DPEC termin\u00f3 con serios da\u00f1os en su parte frontal que es donde golpe\u00f3 de lleno la rueda de un transporte de carga sobre la Ruta Nacional 119 a la altura de una estancia llamada Aguay.<\/p>\n<figure class=\"embed\"><img decoding=\"async\" class=\"\" src=\"https:\/\/www.corrienteshoy.com\/galeria\/fotos\/2022\/01\/26\/o_1643198182.jpg\" alt=\"\" data-src=\"https:\/\/www.corrienteshoy.com\/galeria\/fotos\/2022\/01\/26\/o_1643198182.jpg\" \/><\/figure>\n<p>Los dos operarios reportaron heridas leves a pesar del fuerte impacto en el frente de la camioneta en la que viajaban.<\/p>\n<div class=\"banner banner banner-hide\">\n<div id=\"banner-ad-interior-texto\" data-slot=\"ctesinteriornotacuerpotexto\"><\/div>\n<\/div>\n<\/section>\n<\/article>\n<\/div>\n","protected":false},"excerpt":{"rendered":"<p>El veh\u00edculo de la DPEC termin\u00f3 con serios da\u00f1os en su parte frontal que es donde golpe\u00f3 de lleno la rueda de un transporte de carga sobre la Ruta Nacional 119 a la altura de una estancia llamada Aguay. Los dos operarios reportaron heridas leves a pesar del fuerte impacto en el frente de la [&hellip;]<\/p>\n","protected":false},"author":3,"featured_media":52504,"comment_status":"open","ping_status":"open","sticky":false,"template":"","format":"standard","meta":{"footnotes":""},"categories":[8,10,11],"tags":[],"class_list":["post-52503","post","type-post","status-publish","format-standard","has-post-thumbnail","hentry","category-policiales","category-provinciales","category-sociedad"],"_links":{"self":[{"href":"http:\/\/informateesquina.com\/index.php?rest_route=\/wp\/v2\/posts\/52503","targetHints":{"allow":["GET"]}}],"collection":[{"href":"http:\/\/informateesquina.com\/index.php?rest_route=\/wp\/v2\/posts"}],"about":[{"href":"http:\/\/informateesquina.com\/index.php?rest_route=\/wp\/v2\/types\/post"}],"author":[{"embeddable":true,"href":"http:\/\/informateesquina.com\/index.php?rest_route=\/wp\/v2\/users\/3"}],"replies":[{"embeddable":true,"href":"http:\/\/informateesquina.com\/index.php?rest_route=%2Fwp%2Fv2%2Fcomments&post=52503"}],"version-history":[{"count":0,"href":"http:\/\/informateesquina.com\/index.php?rest_route=\/wp\/v2\/posts\/52503\/revisions"}],"wp:featuredmedia":[{"embeddable":true,"href":"http:\/\/informateesquina.com\/index.php?rest_route=\/wp\/v2\/media\/52504"}],"wp:attachment":[{"href":"http:\/\/informateesquina.com\/index.php?rest_route=%2Fwp%2Fv2%2Fmedia&parent=52503"}],"wp:term":[{"taxonomy":"category","embeddable":true,"href":"http:\/\/informateesquina.com\/index.php?rest_route=%2Fwp%2Fv2%2Fcategories&post=52503"},{"taxonomy":"post_tag","embeddable":true,"href":"http:\/\/informateesquina.com\/index.php?rest_route=%2Fwp%2Fv2%2Ftags&post=52503"}],"curies":[{"name":"wp","href":"https:\/\/api.w.org\/{rel}","templated":true}]}}