{"id":52506,"date":"2022-01-26T18:49:57","date_gmt":"2022-01-26T21:49:57","guid":{"rendered":"https:\/\/informateesquina.com\/?p=52506"},"modified":"2022-01-26T18:49:57","modified_gmt":"2022-01-26T21:49:57","slug":"bomberos-de-caa-cati-se-recuperan-de-las-quemaduras-que-sufrieron-en-un-incendio","status":"publish","type":"post","link":"http:\/\/informateesquina.com\/?p=52506","title":{"rendered":"Bomberos de Ca\u00e1 Cat\u00ed se recuperan de las quemaduras que sufrieron en un incendio"},"content":{"rendered":"<header class=\"header-interior\">\n<p id=\"nota-title\">Omar L\u00f3pez es artesano y Marcelo Salina es administrativo en un colegio, pero ambos tienen en com\u00fan que son voluntarios en el cuartel local. Ahora, ambos permanecen internados en el hospital Escuela.<\/p>\n<p>Un cambio en el viento gener\u00f3 un remolino de llamas que provoc\u00f3 quemaduras en los cuerpos de dos bomberos de voluntarios de Ca\u00e1 Cat\u00ed. Este accidente se produjo el pasado s\u00e1bado 22, jornada en la que ambos fueron derivados a la capital correntina mientras que otro par de sus colegas fueron asistidos en el hospital local. Ahora la prioridad es la recuperaci\u00f3n de quienes fueron afectados por las llamas y ruegan que se registren precipitaciones en la zona, porque advierten que todos los integrantes del cuartel est\u00e1n extenuados.<\/p>\n<p>Desde el pasado mi\u00e9rcoles 5 es ininterrumpido el combate al fuego por parte de los bomberos e inclusive en una misma jornada deben actuar en diferentes lugares de su jurisdicci\u00f3n. Precisamente como esa situaci\u00f3n se repite en otros lugares de la provincia, por estos d\u00edas &#8220;no podemos pedir colaboraci\u00f3n a voluntarios de otras poblaciones&#8221;, se\u00f1al\u00f3 el presidente de la Asociaci\u00f3n de Bomberos Voluntarios de Ca\u00e1 Cat\u00ed, Ram\u00f3n Sosa, quien indic\u00f3 que son 17 los integrantes del cuerpo activo, pero ahora est\u00e1n desarrollando tareas no m\u00e1s de una docena.<\/p>\n<p>Es que &#8220;tenemos voluntarios aislados por la covid-19 y dos que est\u00e1n internados&#8221;, afirm\u00f3 en di\u00e1logo con Rep\u00fablica de Corrientes. Se refiri\u00f3 en el \u00faltimo caso a Omar L\u00f3pez y Marcelo Salina, que el pasado s\u00e1bado 22 sufrieron quemaduras de segundo grado cuando estaban combatiendo un incendio para tratar de evitar que este se extendiera a otra forestaci\u00f3n.<\/p>\n<\/header>\n<div class=\"cont-nota\">\n<article class=\"cont-cuerpo\">\n<div class=\"seguinos\">\n<div class=\"redes-seguinos\"><\/div>\n<\/div>\n<div class=\"cont-foto\">\n<figure class=\"nota-foto \"><img decoding=\"async\" title=\"\" src=\"https:\/\/www.corrienteshoy.com\/galeria\/fotos\/2022\/01\/26\/l_1643197548.jpg\" alt=\"\" data-src=\"\/images\/lazy.png\" \/><\/figure>\n<\/div>\n<div class=\"banner banner banner-728\">\n<div id=\"banner-ad-interior-nota\" data-slot=\"ctesinteriornotafoto\"><\/div>\n<\/div>\n<div class=\"herramientas is-fixed\">\n<div class=\"advthis\"><\/div>\n<\/div>\n<section class=\"texto\">\n<p>&#8220;Ellos siguen internados en el hospital Escuela. En un principio recibir\u00edan el alta el jueves, pero eso depender\u00e1 de la evoluci\u00f3n de ambos porque todos los d\u00edas ah\u00ed les hacen las curaciones. Hay que tener en cuenta que las llamas les afectaron en distintas partes del cuerpo&#8221;, manifest\u00f3 Sosa, tras lo cual precis\u00f3 que ambos voluntarios tienen heridas en las piernas, los brazos, el rostro y las manos.<\/p>\n<p>Si bien en el momento del accidente los bomberos ten\u00edan puestas las m\u00e1scaras y el uniforme para combatir el fuego, igual las llamas alcanzaron a generar da\u00f1os en los bomberos que -al igual que sus pares- son voluntarios. Para ganar el sustento diario, Omar es un artesano que trabaja con cueros y Marcelo se desempe\u00f1a como administrativo en el colegio primario.<\/p>\n<p><b>M\u00e1s afectados<\/b><\/p>\n<p>Adem\u00e1s de quienes est\u00e1n internados en la capital correntina, ese mismo s\u00e1bado fueron asistidos en el centro de salud local otros dos bomberos que se descompensaron.<\/p>\n<p>Mientras que &#8220;ayer (lunes) a la tarde tuvimos internado a otro voluntario que sufri\u00f3 un golpe de calor&#8221;, coment\u00f3 Sosa, quien asever\u00f3: &#8220;Est\u00e1n todos extenuados. Los que formamos parte de la comisi\u00f3n tratamos de ayudarlos conduciendo la unidad, haciendo guardia, colaborando con la log\u00edstica, pero la verdad es que todos est\u00e1n muy cansados porque hace muchos d\u00edas que de forma ininterrumpida est\u00e1n combatiendo incendios&#8221;.<\/p>\n<\/section>\n<\/article>\n<\/div>\n","protected":false},"excerpt":{"rendered":"<p>Omar L\u00f3pez es artesano y Marcelo Salina es administrativo en un colegio, pero ambos tienen en com\u00fan que son voluntarios en el cuartel local. Ahora, ambos permanecen internados en el hospital Escuela. Un cambio en el viento gener\u00f3 un remolino de llamas que provoc\u00f3 quemaduras en los cuerpos de dos bomberos de voluntarios de Ca\u00e1 [&hellip;]<\/p>\n","protected":false},"author":3,"featured_media":52507,"comment_status":"open","ping_status":"open","sticky":false,"template":"","format":"standard","meta":{"footnotes":""},"categories":[10,11],"tags":[],"class_list":["post-52506","post","type-post","status-publish","format-standard","has-post-thumbnail","hentry","category-provinciales","category-sociedad"],"_links":{"self":[{"href":"http:\/\/informateesquina.com\/index.php?rest_route=\/wp\/v2\/posts\/52506","targetHints":{"allow":["GET"]}}],"collection":[{"href":"http:\/\/informateesquina.com\/index.php?rest_route=\/wp\/v2\/posts"}],"about":[{"href":"http:\/\/informateesquina.com\/index.php?rest_route=\/wp\/v2\/types\/post"}],"author":[{"embeddable":true,"href":"http:\/\/informateesquina.com\/index.php?rest_route=\/wp\/v2\/users\/3"}],"replies":[{"embeddable":true,"href":"http:\/\/informateesquina.com\/index.php?rest_route=%2Fwp%2Fv2%2Fcomments&post=52506"}],"version-history":[{"count":0,"href":"http:\/\/informateesquina.com\/index.php?rest_route=\/wp\/v2\/posts\/52506\/revisions"}],"wp:featuredmedia":[{"embeddable":true,"href":"http:\/\/informateesquina.com\/index.php?rest_route=\/wp\/v2\/media\/52507"}],"wp:attachment":[{"href":"http:\/\/informateesquina.com\/index.php?rest_route=%2Fwp%2Fv2%2Fmedia&parent=52506"}],"wp:term":[{"taxonomy":"category","embeddable":true,"href":"http:\/\/informateesquina.com\/index.php?rest_route=%2Fwp%2Fv2%2Fcategories&post=52506"},{"taxonomy":"post_tag","embeddable":true,"href":"http:\/\/informateesquina.com\/index.php?rest_route=%2Fwp%2Fv2%2Ftags&post=52506"}],"curies":[{"name":"wp","href":"https:\/\/api.w.org\/{rel}","templated":true}]}}