{"id":52513,"date":"2022-01-27T21:12:21","date_gmt":"2022-01-28T00:12:21","guid":{"rendered":"https:\/\/informateesquina.com\/?p=52513"},"modified":"2022-01-27T21:12:21","modified_gmt":"2022-01-28T00:12:21","slug":"como-saber-si-tuviste-covid-19-y-no-te-diste-cuenta","status":"publish","type":"post","link":"http:\/\/informateesquina.com\/?p=52513","title":{"rendered":"C\u00f3mo saber si tuviste Covid-19 y no te diste cuenta"},"content":{"rendered":"<div class=\"row\">\n<div class=\"col-12 col-md-12 col-lg-8\">\n<section class=\"detail-body content-protected-false\">\n<div class=\"detail-gallery\">\n<div class=\"gallery lite\">\n<div class=\"itemGallery classid7620691\">\n<div class=\"gallery-slide\">\n<figure class=\"gallery-figure\"><img decoding=\"async\" class=\"gallery-figure-img img-fluid\" title=\"C\u00f3mo saber si tuviste Covid-19 y no te diste cuenta\" src=\"https:\/\/media.minutouno.com\/p\/26b13ffe0b9d1be1ab708261b30ae814\/adjuntos\/150\/imagenes\/039\/612\/0039612892\/infeccion-ojos.jpg\" alt=\"C\u00f3mo saber si tuviste Covid-19 y no te diste cuenta\" width=\"613\" data-td-src-property=\"https:\/\/media.minutouno.com\/p\/26b13ffe0b9d1be1ab708261b30ae814\/adjuntos\/150\/imagenes\/039\/612\/0039612892\/infeccion-ojos.jpg\" \/><\/p>\n<div class=\"gallery-nav\"><\/div>\n<\/figure>\n<\/div>\n<div class=\"figure-caption\">\n<div class=\"credit-media  \"><\/div>\n<\/div>\n<\/div>\n<\/div>\n<\/div>\n<\/section>\n<section class=\"detail-body first-paragraph\">\n<section id=\"note-body\" class=\"body-content note-body content-protected-false\" data-twitter-link=\"https:\/\/twitter.com\/intent\/tweet?url=https:\/\/www.minutouno.com\/c5359546&amp;v\u00eda=Ambitocom&amp;related=MinutoUno&amp;text=\">Con el avance de la vacunaci\u00f3n contra el\u00a0coronavirus\u00a0en nuestro pa\u00eds hizo que, en muchas personas, los s\u00edntomas sean leves o inclusos que lo transites sin s\u00edntomas, pero hay otros signos que confirman que transitaste la enfermedad.<\/p>\n<\/section>\n<\/section>\n<section class=\"detail-body second-paragraph\">\n<section class=\"body-content note-body content-protected-false\"><span id=\"saysCMSEmphasis1w6eitbhofe\" class=\"saysCMSEmphasis\">La variante Delta y las que precedieron luego se caracterizaron, en los casos leves, por traer dolor de cuerpo, tos persistente, fiebre y p\u00e9rdida del gusto y el olfato. Aunque en el caso de \u00d3micron, la situaci\u00f3n parece ser m\u00e1s dif\u00edcil de diagnosticar dado a que los indicios son bastante gen\u00e9ricos que hasta incluso no coinciden con la sintomatolog\u00eda del virus original.<\/span><\/p>\n<\/section>\n<\/section>\n<section class=\"detail-body\">\n<section class=\"body-content note-body content-protected-false\">De hecho, con los fuertes cambios de clima que se vivieron en algunas zonas del pa\u00eds, muchas personas sintieron un peque\u00f1o resfr\u00edo y luego descubrieron que en realidad se trataba de Flurona, que es una infecci\u00f3n simult\u00e1nea de gripe y\u00a0coronavirus.<\/p>\n<h4>Los extra\u00f1os s\u00edntomas que podr\u00edan ayudar a un diagn\u00f3stico m\u00e1s espec\u00edfico<\/h4>\n<ul>\n<li>\u00a0<strong>Ca\u00edda de cabello:\u00a0<\/strong>Si se nota una p\u00e9rdida de cabello inusual podr\u00eda haber cursado el virus. Un estudio publicado en\u00a0<em>The Lancet<\/em>\u00a0se\u00f1ala que el 22% de los pacientes sufren p\u00e9rdida de cabello en los seis meses posteriores a la infecci\u00f3n, y las mujeres corren un mayor riesgo.<\/li>\n<\/ul>\n<p>Los investigadores, que examinaron una variedad de s\u00edntomas a largo plazo del virus, encontraron que 359 de 1655 pacientes en Wuhan sufr\u00edan p\u00e9rdida de cabello. Seg\u00fan sus hallazgos, la p\u00e9rdida de cabello es un s\u00edntoma principal a largo plazo, junto con fatiga, dificultad para respirar, mareos y dolor en las articulaciones, seg\u00fan public\u00f3 The Jerusalem Post.<\/p>\n<ul>\n<li><strong>Infecci\u00f3n en el ojo:\u00a0<\/strong>La inflamaci\u00f3n ocular o conjuntivitis, pueden ser un s\u00edntoma, pero es muy raro, seg\u00fan la Academia Estadounidense de Oftalmolog\u00eda.<\/li>\n<\/ul>\n<p>Los informes de ojos rojos como un signo de coronavirus comenzaron a fines de marzo, cuando Chelsea Ernest, una enfermera que trabajaba en una vivienda tutelada donde 50 de los 180 residentes contrajeron el virus y 37 murieron, dijo que todos los pacientes con el virus ten\u00edan los ojos rojos como si tuvieran &#8220;alergias&#8221; e indic\u00f3: &#8220;tuvimos pacientes cuyos ojos rojos eran el \u00fanico s\u00edntoma que vimos&#8221;.<\/p>\n<ul>\n<li><strong>Extra\u00f1a erupci\u00f3n o infecci\u00f3n en los dedos de los pies:\u00a0<\/strong>Un estudio realizado en Espa\u00f1a encontr\u00f3 cinco tipos de erupciones en la piel, incluido lo que llaman dedo del pie Covid, que se vieron en pacientes en diferentes hospitales. Seg\u00fan los hallazgos, la erupci\u00f3n aparece principalmente en pacientes j\u00f3venes y tiende a permanecer durante varios d\u00edas.<\/li>\n<\/ul>\n<\/section>\n<\/section>\n<\/div>\n<\/div>\n","protected":false},"excerpt":{"rendered":"<p>Con el avance de la vacunaci\u00f3n contra el\u00a0coronavirus\u00a0en nuestro pa\u00eds hizo que, en muchas personas, los s\u00edntomas sean leves o inclusos que lo transites sin s\u00edntomas, pero hay otros signos que confirman que transitaste la enfermedad. La variante Delta y las que precedieron luego se caracterizaron, en los casos leves, por traer dolor de cuerpo, [&hellip;]<\/p>\n","protected":false},"author":3,"featured_media":52514,"comment_status":"open","ping_status":"open","sticky":false,"template":"","format":"standard","meta":{"footnotes":""},"categories":[7,11],"tags":[],"class_list":["post-52513","post","type-post","status-publish","format-standard","has-post-thumbnail","hentry","category-nacionales","category-sociedad"],"_links":{"self":[{"href":"http:\/\/informateesquina.com\/index.php?rest_route=\/wp\/v2\/posts\/52513","targetHints":{"allow":["GET"]}}],"collection":[{"href":"http:\/\/informateesquina.com\/index.php?rest_route=\/wp\/v2\/posts"}],"about":[{"href":"http:\/\/informateesquina.com\/index.php?rest_route=\/wp\/v2\/types\/post"}],"author":[{"embeddable":true,"href":"http:\/\/informateesquina.com\/index.php?rest_route=\/wp\/v2\/users\/3"}],"replies":[{"embeddable":true,"href":"http:\/\/informateesquina.com\/index.php?rest_route=%2Fwp%2Fv2%2Fcomments&post=52513"}],"version-history":[{"count":0,"href":"http:\/\/informateesquina.com\/index.php?rest_route=\/wp\/v2\/posts\/52513\/revisions"}],"wp:featuredmedia":[{"embeddable":true,"href":"http:\/\/informateesquina.com\/index.php?rest_route=\/wp\/v2\/media\/52514"}],"wp:attachment":[{"href":"http:\/\/informateesquina.com\/index.php?rest_route=%2Fwp%2Fv2%2Fmedia&parent=52513"}],"wp:term":[{"taxonomy":"category","embeddable":true,"href":"http:\/\/informateesquina.com\/index.php?rest_route=%2Fwp%2Fv2%2Fcategories&post=52513"},{"taxonomy":"post_tag","embeddable":true,"href":"http:\/\/informateesquina.com\/index.php?rest_route=%2Fwp%2Fv2%2Ftags&post=52513"}],"curies":[{"name":"wp","href":"https:\/\/api.w.org\/{rel}","templated":true}]}}