{"id":52516,"date":"2022-01-27T21:54:44","date_gmt":"2022-01-28T00:54:44","guid":{"rendered":"https:\/\/informateesquina.com\/?p=52516"},"modified":"2022-01-27T21:54:44","modified_gmt":"2022-01-28T00:54:44","slug":"el-kun-aguero-descansando-y-de-pesca-en-esquina","status":"publish","type":"post","link":"http:\/\/informateesquina.com\/?p=52516","title":{"rendered":"El &#8220;Kun&#8221; Ag\u00fcero, descansando y de pesca en Esquina"},"content":{"rendered":"<div class=\"cxmmr5t8 oygrvhab hcukyx3x c1et5uql o9v6fnle ii04i59q\">\n<div dir=\"auto\">Uno de los \u00eddolos de la Selecci\u00f3n Argentina, recientemente retirado del f\u00fatbol, Sergio \u201cKun\u201d Ag\u00fcero lleg\u00f3 a Corrientes para disfrutar de unos d\u00edas de pesca. Hasta el momento solo trascendi\u00f3 una imagen con un polic\u00eda de un puesto de control en Entre R\u00edos, en su camino hacia Esquina.<\/div>\n<div dir=\"auto\"><img loading=\"lazy\" decoding=\"async\" class=\"alignnone size-medium wp-image-52517\" src=\"https:\/\/informateesquina.com\/wp-content\/uploads\/2022\/01\/272405789_1016679555548188_8370656636078108065_n-240x300.jpg\" alt=\"\" width=\"240\" height=\"300\" srcset=\"http:\/\/informateesquina.com\/wp-content\/uploads\/2022\/01\/272405789_1016679555548188_8370656636078108065_n-240x300.jpg 240w, http:\/\/informateesquina.com\/wp-content\/uploads\/2022\/01\/272405789_1016679555548188_8370656636078108065_n.jpg 720w\" sizes=\"auto, (max-width: 240px) 100vw, 240px\" \/> <img loading=\"lazy\" decoding=\"async\" class=\"alignnone size-medium wp-image-52518\" src=\"https:\/\/informateesquina.com\/wp-content\/uploads\/2022\/01\/272671308_1016679582214852_6408505137440842146_n-240x300.jpg\" alt=\"\" width=\"240\" height=\"300\" srcset=\"http:\/\/informateesquina.com\/wp-content\/uploads\/2022\/01\/272671308_1016679582214852_6408505137440842146_n-240x300.jpg 240w, http:\/\/informateesquina.com\/wp-content\/uploads\/2022\/01\/272671308_1016679582214852_6408505137440842146_n.jpg 720w\" sizes=\"auto, (max-width: 240px) 100vw, 240px\" \/> <img loading=\"lazy\" decoding=\"async\" class=\"alignnone size-medium wp-image-52520\" src=\"https:\/\/informateesquina.com\/wp-content\/uploads\/2022\/01\/272968185_1016679498881527_2513663695499961844_n-240x300.jpg\" alt=\"\" width=\"240\" height=\"300\" srcset=\"http:\/\/informateesquina.com\/wp-content\/uploads\/2022\/01\/272968185_1016679498881527_2513663695499961844_n-240x300.jpg 240w, http:\/\/informateesquina.com\/wp-content\/uploads\/2022\/01\/272968185_1016679498881527_2513663695499961844_n.jpg 720w\" sizes=\"auto, (max-width: 240px) 100vw, 240px\" \/><\/div>\n<div dir=\"auto\"><\/div>\n<\/div>\n<div class=\"cxmmr5t8 oygrvhab hcukyx3x c1et5uql o9v6fnle ii04i59q\">\n<div dir=\"auto\">El exfutbolista y streamer de 33 a\u00f1os recientemente retirado en el Barcelona de Espa\u00f1a por una afecci\u00f3n card\u00edaca lleg\u00f3 en las \u00faltimas horas a Esquina, Corrientes, para pescar con amigos.<\/div>\n<div dir=\"auto\"><\/div>\n<\/div>\n<div class=\"cxmmr5t8 oygrvhab hcukyx3x c1et5uql o9v6fnle ii04i59q\">\n<div dir=\"auto\">El Kun lleg\u00f3 anoche a un complejo de caba\u00f1as de la localidad. Se habr\u00eda contactado con \u201cPablito\u201d Lezcano reconocido cantante de cumbia y un fan\u00e1tico de la pesca en Corrientes, quien le habr\u00eda recomendado el sitio para disfrutar de este deporte.<\/div>\n<div dir=\"auto\"><\/div>\n<\/div>\n<div class=\"cxmmr5t8 oygrvhab hcukyx3x c1et5uql o9v6fnle ii04i59q\">\n<div dir=\"auto\">Entrevistada por Radio Del Guar\u00e1n, una de las responsables del complejo donde se aloja el exjugador de la albiceleste confirm\u00f3 su llegada: , \u201clleg\u00f3 anoche para cenar\u201d y se\u00f1al\u00f3 que la pesca est\u00e1 dif\u00edcil, sin embargo \u201cel grupo decidi\u00f3 venir igual\u2026 quiere estar tranquilo con sus amigos\u201d.<\/div>\n<div dir=\"auto\"><\/div>\n<\/div>\n<div class=\"cxmmr5t8 oygrvhab hcukyx3x c1et5uql o9v6fnle ii04i59q\">\n<div dir=\"auto\">Hasta el momento trascendi\u00f3 solo una imagen del Kun en un puesto de control policial sobre Ruta Nacional 12, en el departamento entrerriano de La Paz donde se mostr\u00f3 muy relajado, incluso descendi\u00f3 del veh\u00edculo y acept\u00f3 sacarse fotos con los efectivos policiales.<\/div>\n<div dir=\"auto\"><\/div>\n<div dir=\"auto\">FUENTE: COMUNIC\u00c1NDONOS<\/div>\n<\/div>\n","protected":false},"excerpt":{"rendered":"<p>Uno de los \u00eddolos de la Selecci\u00f3n Argentina, recientemente retirado del f\u00fatbol, Sergio \u201cKun\u201d Ag\u00fcero lleg\u00f3 a Corrientes para disfrutar de unos d\u00edas de pesca. Hasta el momento solo trascendi\u00f3 una imagen con un polic\u00eda de un puesto de control en Entre R\u00edos, en su camino hacia Esquina. El exfutbolista y streamer de 33 a\u00f1os [&hellip;]<\/p>\n","protected":false},"author":3,"featured_media":52519,"comment_status":"open","ping_status":"open","sticky":false,"template":"","format":"standard","meta":{"footnotes":""},"categories":[6,11],"tags":[136],"class_list":["post-52516","post","type-post","status-publish","format-standard","has-post-thumbnail","hentry","category-locales","category-sociedad","tag-destacados"],"_links":{"self":[{"href":"http:\/\/informateesquina.com\/index.php?rest_route=\/wp\/v2\/posts\/52516","targetHints":{"allow":["GET"]}}],"collection":[{"href":"http:\/\/informateesquina.com\/index.php?rest_route=\/wp\/v2\/posts"}],"about":[{"href":"http:\/\/informateesquina.com\/index.php?rest_route=\/wp\/v2\/types\/post"}],"author":[{"embeddable":true,"href":"http:\/\/informateesquina.com\/index.php?rest_route=\/wp\/v2\/users\/3"}],"replies":[{"embeddable":true,"href":"http:\/\/informateesquina.com\/index.php?rest_route=%2Fwp%2Fv2%2Fcomments&post=52516"}],"version-history":[{"count":0,"href":"http:\/\/informateesquina.com\/index.php?rest_route=\/wp\/v2\/posts\/52516\/revisions"}],"wp:featuredmedia":[{"embeddable":true,"href":"http:\/\/informateesquina.com\/index.php?rest_route=\/wp\/v2\/media\/52519"}],"wp:attachment":[{"href":"http:\/\/informateesquina.com\/index.php?rest_route=%2Fwp%2Fv2%2Fmedia&parent=52516"}],"wp:term":[{"taxonomy":"category","embeddable":true,"href":"http:\/\/informateesquina.com\/index.php?rest_route=%2Fwp%2Fv2%2Fcategories&post=52516"},{"taxonomy":"post_tag","embeddable":true,"href":"http:\/\/informateesquina.com\/index.php?rest_route=%2Fwp%2Fv2%2Ftags&post=52516"}],"curies":[{"name":"wp","href":"https:\/\/api.w.org\/{rel}","templated":true}]}}