{"id":52525,"date":"2022-01-28T22:46:49","date_gmt":"2022-01-29T01:46:49","guid":{"rendered":"https:\/\/informateesquina.com\/?p=52525"},"modified":"2022-01-28T22:46:49","modified_gmt":"2022-01-29T01:46:49","slug":"quiso-desarmar-un-artefacto-de-artilleria-exploto-y-murio-en-el-acto","status":"publish","type":"post","link":"http:\/\/informateesquina.com\/?p=52525","title":{"rendered":"Quiso desarmar un artefacto de artiller\u00eda, explot\u00f3 y muri\u00f3 en el acto"},"content":{"rendered":"<div>\n<p class=\"copete\"><strong>La tragedia se hizo presente esta ma\u00f1ana en la localidad correntina de Riachuelo<\/strong>. Un hombre apellidado Blanco y de unos 73 a\u00f1os de edad\u00a0<strong>falleci\u00f3 a causa de la explosi\u00f3n de un artefacto de artiller\u00eda<\/strong>.<\/p>\n<\/div>\n<div class=\"cuerpo\">\n<p>Lo curioso del caso es que el fallecimiento se dio cuando esta persona\u00a0<strong>quiso desarmar el elemento con un soldador<\/strong>. Las primeras informaciones aseguran que, al entrar en contacto con el calor del soldador, el artefacto explot\u00f3, ocasionando de esta manera la muerte de este sujeto.<\/p>\n<p>Seg\u00fan las primeras informaciones sobre el caso, Blanco habr\u00eda sido un reciclador. Es por eso que quer\u00eda desarmarlo al elemento de artiller\u00eda.<\/p>\n<\/div>\n","protected":false},"excerpt":{"rendered":"<p>La tragedia se hizo presente esta ma\u00f1ana en la localidad correntina de Riachuelo. Un hombre apellidado Blanco y de unos 73 a\u00f1os de edad\u00a0falleci\u00f3 a causa de la explosi\u00f3n de un artefacto de artiller\u00eda. Lo curioso del caso es que el fallecimiento se dio cuando esta persona\u00a0quiso desarmar el elemento con un soldador. Las primeras [&hellip;]<\/p>\n","protected":false},"author":3,"featured_media":52526,"comment_status":"open","ping_status":"open","sticky":false,"template":"","format":"standard","meta":{"footnotes":""},"categories":[10,11],"tags":[136],"class_list":["post-52525","post","type-post","status-publish","format-standard","has-post-thumbnail","hentry","category-provinciales","category-sociedad","tag-destacados"],"_links":{"self":[{"href":"http:\/\/informateesquina.com\/index.php?rest_route=\/wp\/v2\/posts\/52525","targetHints":{"allow":["GET"]}}],"collection":[{"href":"http:\/\/informateesquina.com\/index.php?rest_route=\/wp\/v2\/posts"}],"about":[{"href":"http:\/\/informateesquina.com\/index.php?rest_route=\/wp\/v2\/types\/post"}],"author":[{"embeddable":true,"href":"http:\/\/informateesquina.com\/index.php?rest_route=\/wp\/v2\/users\/3"}],"replies":[{"embeddable":true,"href":"http:\/\/informateesquina.com\/index.php?rest_route=%2Fwp%2Fv2%2Fcomments&post=52525"}],"version-history":[{"count":0,"href":"http:\/\/informateesquina.com\/index.php?rest_route=\/wp\/v2\/posts\/52525\/revisions"}],"wp:featuredmedia":[{"embeddable":true,"href":"http:\/\/informateesquina.com\/index.php?rest_route=\/wp\/v2\/media\/52526"}],"wp:attachment":[{"href":"http:\/\/informateesquina.com\/index.php?rest_route=%2Fwp%2Fv2%2Fmedia&parent=52525"}],"wp:term":[{"taxonomy":"category","embeddable":true,"href":"http:\/\/informateesquina.com\/index.php?rest_route=%2Fwp%2Fv2%2Fcategories&post=52525"},{"taxonomy":"post_tag","embeddable":true,"href":"http:\/\/informateesquina.com\/index.php?rest_route=%2Fwp%2Fv2%2Ftags&post=52525"}],"curies":[{"name":"wp","href":"https:\/\/api.w.org\/{rel}","templated":true}]}}