{"id":52528,"date":"2022-01-28T22:48:46","date_gmt":"2022-01-29T01:48:46","guid":{"rendered":"https:\/\/informateesquina.com\/?p=52528"},"modified":"2022-01-28T22:48:46","modified_gmt":"2022-01-29T01:48:46","slug":"escandalo-en-chaco-que-paso-con-los-43-fallecidos-por-covid19","status":"publish","type":"post","link":"http:\/\/informateesquina.com\/?p=52528","title":{"rendered":"Esc\u00e1ndalo en Chaco: qu\u00e9 pas\u00f3 con los 43 fallecidos por Covid19"},"content":{"rendered":"<h1><span style=\"color: #333333; font-size: 15px;\">El Gobierno provincial, a trav\u00e9s del Ministerio de Salud P\u00fablica, brind\u00f3 detalles acerca de los \u00faltimos datos del Sistema Integrado de Informaci\u00f3n Sanitaria Argentino (SISA), <\/span><strong style=\"color: #333333; font-size: 15px;\">en el que\u00a0se inform\u00f3 el fallecimiento de 43 personas por Covid-19 en el Chaco, este jueves 27 de enero.<\/strong><\/h1>\n<div class=\"fotos-y-videos\">\n<p><strong>El aumento del n\u00famero de fallecidos corresponde a los \u00faltimos diez d\u00edas, y se debe a una acumulaci\u00f3n en la carga de datos, producto de la alta demanda del sistema.<\/strong><\/p>\n<div class=\"tab-content\">\n<div id=\"fotos\" class=\"tab-pane fade in active\" role=\"tabpanel\"><a class=\"fotos-desarrollo unlink\" title=\"Esc\u00e1ndalo en Chaco: qu\u00e9 pas\u00f3 con los 43 fallecidos por Covid19\" href=\"https:\/\/www.radiosudamericana.com\/notix\/multimedia\/imagenes\/fotos\/2022-01-28\/494242.jpg\"><img loading=\"lazy\" decoding=\"async\" class=\"img-responsive lazyload center-block\" src=\"https:\/\/www.radiosudamericana.com\/notix\/multimedia\/imagenes\/fotos\/2022-01-28\/494242.jpg_nota.jpg\" alt=\"Esc\u00e1ndalo en Chaco: qu\u00e9 pas\u00f3 con los 43 fallecidos por Covid19\" width=\"700\" height=\"452\" \/><\/a><\/div>\n<\/div>\n<\/div>\n<p>&nbsp;<\/p>\n<div class=\"cuerpo\">\n<p>\u201cEs muy importante llevar claridad a la poblaci\u00f3n. Estos 43 fallecidos no corresponden a un solo d\u00eda, sino que el sistema ha tenido en estas \u00faltimas semanas actualizaciones generaron retrasos en la carga\u201d, explic\u00f3 la ministra de Salud P\u00fablica, Carolina Centeno.<\/p>\n<p><strong>El n\u00famero corresponde a personas fallecidas en diferentes fechas de los \u00faltimos diez d\u00edas, y la acumulaci\u00f3n en la carga de datos ocurri\u00f3 debido a que, al producirse un fallecimiento, el SISA no permite cargarlo sin antes contar con el resultado positivo del laboratorio.<\/strong>\u00a0Estos resultados se vieron demorados debido a la alta demanda de pruebas diagn\u00f3sticas de las \u00faltimas semanas.<\/p>\n<p>\u201cLa cantidad de fallecidos que tenemos diariamente ronda entre tres a cinco casos. Y tambi\u00e9n hemos tenido jornadas donde se ha superado ese n\u00famero, y eso se debe a que quienes ingresan a asistencia respiratoria mec\u00e1nica en un 60% a 70% tienen esquemas incompletos o no est\u00e1n vacunados\u201d, detall\u00f3 Centeno.\u00a0<strong>La funcionaria inform\u00f3 que, actualmente, en la provincia hay cerca de 270 personas internadas, la mayor\u00eda encuadradas como casos leves y moderados.<\/strong><\/p>\n<p>El organismo nacional tambi\u00e9n inform\u00f3 esta tarde 39 fallecimientos en C\u00f3rdoba (22 mujeres, 16 hombres y uno sin dato); 35 en Salta (15 mujeres, 19 hombres y una persona sin dato) y 109 en la provincia de Buenos Aires (54 mujeres y 55 hombres).<\/p>\n<h2><strong>VACUNACI\u00d3N: CLAVE PARA PREVENIR CUADROS GRAVES<\/strong><\/h2>\n<p>Centeno destac\u00f3, adem\u00e1s, que \u201cla principal herramienta de prevenci\u00f3n contra el Covid-19 es la vacunaci\u00f3n, y es lo que nos ha permitido mantener el nivel de apertura de actividades y flexibilizaci\u00f3n con la cantidad de activos que existen en el pa\u00eds\u201d.<\/p>\n<\/div>\n","protected":false},"excerpt":{"rendered":"<p>El Gobierno provincial, a trav\u00e9s del Ministerio de Salud P\u00fablica, brind\u00f3 detalles acerca de los \u00faltimos datos del Sistema Integrado de Informaci\u00f3n Sanitaria Argentino (SISA), en el que\u00a0se inform\u00f3 el fallecimiento de 43 personas por Covid-19 en el Chaco, este jueves 27 de enero. El aumento del n\u00famero de fallecidos corresponde a los \u00faltimos diez [&hellip;]<\/p>\n","protected":false},"author":3,"featured_media":52529,"comment_status":"open","ping_status":"open","sticky":false,"template":"","format":"standard","meta":{"footnotes":""},"categories":[10,11],"tags":[],"class_list":["post-52528","post","type-post","status-publish","format-standard","has-post-thumbnail","hentry","category-provinciales","category-sociedad"],"_links":{"self":[{"href":"http:\/\/informateesquina.com\/index.php?rest_route=\/wp\/v2\/posts\/52528","targetHints":{"allow":["GET"]}}],"collection":[{"href":"http:\/\/informateesquina.com\/index.php?rest_route=\/wp\/v2\/posts"}],"about":[{"href":"http:\/\/informateesquina.com\/index.php?rest_route=\/wp\/v2\/types\/post"}],"author":[{"embeddable":true,"href":"http:\/\/informateesquina.com\/index.php?rest_route=\/wp\/v2\/users\/3"}],"replies":[{"embeddable":true,"href":"http:\/\/informateesquina.com\/index.php?rest_route=%2Fwp%2Fv2%2Fcomments&post=52528"}],"version-history":[{"count":0,"href":"http:\/\/informateesquina.com\/index.php?rest_route=\/wp\/v2\/posts\/52528\/revisions"}],"wp:featuredmedia":[{"embeddable":true,"href":"http:\/\/informateesquina.com\/index.php?rest_route=\/wp\/v2\/media\/52529"}],"wp:attachment":[{"href":"http:\/\/informateesquina.com\/index.php?rest_route=%2Fwp%2Fv2%2Fmedia&parent=52528"}],"wp:term":[{"taxonomy":"category","embeddable":true,"href":"http:\/\/informateesquina.com\/index.php?rest_route=%2Fwp%2Fv2%2Fcategories&post=52528"},{"taxonomy":"post_tag","embeddable":true,"href":"http:\/\/informateesquina.com\/index.php?rest_route=%2Fwp%2Fv2%2Ftags&post=52528"}],"curies":[{"name":"wp","href":"https:\/\/api.w.org\/{rel}","templated":true}]}}