{"id":52537,"date":"2022-01-28T22:52:31","date_gmt":"2022-01-29T01:52:31","guid":{"rendered":"https:\/\/informateesquina.com\/?p=52537"},"modified":"2022-01-28T22:52:31","modified_gmt":"2022-01-29T01:52:31","slug":"estaba-paralitico-y-mudo-se-vacuno-contra-el-covid-y-recupero-el-habla-y-la-movilidad","status":"publish","type":"post","link":"http:\/\/informateesquina.com\/?p=52537","title":{"rendered":"Estaba paral\u00edtico y mudo, se vacun\u00f3 contra el Covid y recuper\u00f3 el habla y la movilidad"},"content":{"rendered":"<div>\n<h1><a class=\"fotos-desarrollo unlink\" style=\"font-size: 15px;\" title=\"Estaba paral\u00edtico y mudo, se vacun\u00f3 contra el Covid y recuper\u00f3 el habla y la movilidad\" href=\"https:\/\/www.radiosudamericana.com\/notix\/multimedia\/imagenes\/fotos\/2022-01-28\/642563.jpg\"><img loading=\"lazy\" decoding=\"async\" class=\"img-responsive lazyload center-block\" src=\"https:\/\/www.radiosudamericana.com\/notix\/multimedia\/imagenes\/fotos\/2022-01-28\/642563.jpg_nota.jpg\" alt=\"Estaba paral\u00edtico y mudo, se vacun\u00f3 contra el Covid y recuper\u00f3 el habla y la movilidad\" width=\"700\" height=\"393\" \/><\/a><\/h1>\n<div class=\"cuerpo\">\n<p>Una sorprendente historia gener\u00f3 impacto en el mundo de la ciencia y los especialistas todav\u00eda no le encuentran una explicaci\u00f3n.\u00a0Un hombre que se hab\u00eda quedado paral\u00edtico y mudo luego de un grave accidente vehicular,\u00a0se vacun\u00f3 contra el coronavirus\u00a0y horas m\u00e1s tarde no solo volvi\u00f3 a caminar, sino que adem\u00e1s recuper\u00f3 el habla.<\/p>\n<p>El incre\u00edble caso que se hizo viral a trav\u00e9s de las redes sociales ocurri\u00f3 en\u00a0Jharkhand, un estado ubicado al noreste la Rep\u00fablica de la\u00a0India. El protagonista de esta historia se llama\u00a0Dularchand Munda\u00a0y tiene 55 a\u00f1os.\u00a0En un terrible accidente automovil\u00edstico que sufri\u00f3 hace cinco a\u00f1os, el hombre perdi\u00f3 la voz y la movilidad. Pero todo cambi\u00f3 de repente cuando decidi\u00f3 inocularse contra el Covid-19.<\/p>\n<p>Munda se dio la vacuna el pasado 4 de enero\u00a0y en apenas unas horas comenz\u00f3 a sentir nuevamente sus piernas. Como si fuera poco,\u00a0con el correr de los d\u00edas\u00a0incluso pudo volver a hablar. \u201cMe alegro de haberme dado esta vacuna.\u00a0Tengo movimiento en las piernas desde que me vacun\u00e9\u00a0el 4 de enero\u201d, dijo Dularchand en di\u00e1logo con la agencia de noticias india\u00a0ANI. \u201cMi voz volvi\u00f3 y mis pies tambi\u00e9n se movieron\u201d, agreg\u00f3 visiblemente conmovido por la situaci\u00f3n.<\/p>\n<p>Munda y su familia viven en una peque\u00f1a aldea de no m\u00e1s de 800 habitantes llamada\u00a0Salgadih, en la localidad de Bokaro, ubicada a unos 40 kil\u00f3metros al suroeste de Ranchi, la capital del estado. Despu\u00e9s del accidente que lo dej\u00f3 paral\u00edtico,\u00a0el hombre se someti\u00f3 a un tratamiento para poder volver a caminar, pero no dio resultado.\u00a0No solo perdi\u00f3 la sensibilidad en la mitad inferior de su cuerpo sino que adem\u00e1s dej\u00f3 de hablar.<\/p>\n<p>Pero lo que nunca se imagin\u00f3 es que la vacuna contra el coronavirus le iba a dar la posibilidad de volver a ponerse de pie.\u00a0El hombre logr\u00f3 mover las piernas nuevamente\u00a0y hasta se anim\u00f3 a dar algunos pasos con algo de ayuda.\u00a0Ahora usa un bast\u00f3n para trasladarse\u00a0y est\u00e1 feliz.<\/p>\n<p><a class=\"fotos-desarrollo unlink\" title=\"Estaba paral\u00edtico y mudo, se vacun\u00f3 contra el Covid y recuper\u00f3 el habla y la movilidad\" href=\"https:\/\/www.radiosudamericana.com\/notix\/multimedia\/imagenes\/fotos\/2022-01-28\/753252.jpg\"><img decoding=\"async\" class=\"img-responsive\" src=\"https:\/\/www.radiosudamericana.com\/notix\/multimedia\/imagenes\/fotos\/2022-01-28\/753252.jpg_nota.jpg\" \/><\/a><\/p>\n<p>Sin embargo,\u00a0el milagroso caso de Dularchand Munda gener\u00f3 varias dudas entre\u00a0los profesionales de la salud, que se mostraron esc\u00e9pticos ante esta suerte de efecto secundario -positivo, en este caso- de la vacuna contra el Covid. Espec\u00edficamente, el hombre\u00a0se dio la vacuna de\u00a0Covishield, el in\u00f3culo de AstraZeneca confeccionado en la India\u00a0por el Serum Institute, el mayor fabricante de vacunas del mundo, con 50 millones de dosis al mes.<\/p>\n<p>Para dilucidar qu\u00e9 fue lo que pas\u00f3 a ciencia cierta, y despejar todo tipo de dudas,\u00a0se form\u00f3 un equipo m\u00e9dico que analizar\u00e1 el historial del caso y brindar\u00e1\u00a0informaci\u00f3n objetiva a la comunidad cient\u00edfica. En di\u00e1logo con el canal local\u00a0New Delhi Television Limited\u00a0(NDTV), el doctor\u00a0Jitendra Kumar\u00a0reconoci\u00f3: \u201cMe asombr\u00f3 ver esto, pero los cient\u00edficos deben determinarlo\u201d.<\/p>\n<p>&nbsp;<\/p>\n<p>Y concluy\u00f3: \u201cSi se hubiera recuperado de una afecci\u00f3n m\u00e9dica de no m\u00e1s de unos d\u00edas, podr\u00eda entenderse; pero\u00a0se recuper\u00f3 repentinamente de una afecci\u00f3n m\u00e9dica de cinco a\u00f1os\u00a0despu\u00e9s de tomar la vacuna.\u00a0Es incre\u00edble\u201d.<\/p>\n<\/div>\n<\/div>\n<div id=\"embeds\" class=\"center-block\"><iframe loading=\"lazy\" title=\"YouTube video player\" src=\"https:\/\/www.youtube.com\/embed\/RTigtCvdEaI\" width=\"560\" height=\"315\" frameborder=\"0\" allowfullscreen=\"allowfullscreen\" data-mce-fragment=\"1\"><\/iframe><\/div>\n<div id=\"Native-MultiPlex\"><\/div>\n<div class=\"acciones\"><\/div>\n","protected":false},"excerpt":{"rendered":"<p>Una sorprendente historia gener\u00f3 impacto en el mundo de la ciencia y los especialistas todav\u00eda no le encuentran una explicaci\u00f3n.\u00a0Un hombre que se hab\u00eda quedado paral\u00edtico y mudo luego de un grave accidente vehicular,\u00a0se vacun\u00f3 contra el coronavirus\u00a0y horas m\u00e1s tarde no solo volvi\u00f3 a caminar, sino que adem\u00e1s recuper\u00f3 el habla. El incre\u00edble caso [&hellip;]<\/p>\n","protected":false},"author":3,"featured_media":52538,"comment_status":"open","ping_status":"open","sticky":false,"template":"","format":"standard","meta":{"footnotes":""},"categories":[5,11],"tags":[],"class_list":["post-52537","post","type-post","status-publish","format-standard","has-post-thumbnail","hentry","category-internacionales","category-sociedad"],"_links":{"self":[{"href":"http:\/\/informateesquina.com\/index.php?rest_route=\/wp\/v2\/posts\/52537","targetHints":{"allow":["GET"]}}],"collection":[{"href":"http:\/\/informateesquina.com\/index.php?rest_route=\/wp\/v2\/posts"}],"about":[{"href":"http:\/\/informateesquina.com\/index.php?rest_route=\/wp\/v2\/types\/post"}],"author":[{"embeddable":true,"href":"http:\/\/informateesquina.com\/index.php?rest_route=\/wp\/v2\/users\/3"}],"replies":[{"embeddable":true,"href":"http:\/\/informateesquina.com\/index.php?rest_route=%2Fwp%2Fv2%2Fcomments&post=52537"}],"version-history":[{"count":0,"href":"http:\/\/informateesquina.com\/index.php?rest_route=\/wp\/v2\/posts\/52537\/revisions"}],"wp:featuredmedia":[{"embeddable":true,"href":"http:\/\/informateesquina.com\/index.php?rest_route=\/wp\/v2\/media\/52538"}],"wp:attachment":[{"href":"http:\/\/informateesquina.com\/index.php?rest_route=%2Fwp%2Fv2%2Fmedia&parent=52537"}],"wp:term":[{"taxonomy":"category","embeddable":true,"href":"http:\/\/informateesquina.com\/index.php?rest_route=%2Fwp%2Fv2%2Fcategories&post=52537"},{"taxonomy":"post_tag","embeddable":true,"href":"http:\/\/informateesquina.com\/index.php?rest_route=%2Fwp%2Fv2%2Ftags&post=52537"}],"curies":[{"name":"wp","href":"https:\/\/api.w.org\/{rel}","templated":true}]}}