{"id":52541,"date":"2022-01-28T22:59:39","date_gmt":"2022-01-29T01:59:39","guid":{"rendered":"https:\/\/informateesquina.com\/?p=52541"},"modified":"2022-01-28T22:59:39","modified_gmt":"2022-01-29T01:59:39","slug":"carnaval-de-la-frontera-en-libres-programa-especial-y-transmision-en-vivo-del-desfile","status":"publish","type":"post","link":"http:\/\/informateesquina.com\/?p=52541","title":{"rendered":"Carnaval de la Frontera en Libres: Programa especial y transmisi\u00f3n en vivo del desfile"},"content":{"rendered":"<header><\/header>\n<section class=\"body\">\n<section class=\"content\">\n<div class=\"main-text\">\n<div class=\"social\">\n<div class=\"share\">A las 22 hs iniciar\u00e1 la transmisi\u00f3n oficial del desfile de las comparsas. Contar\u00e1 con la conducci\u00f3n de Ignacio Villanueva, Silvina Oviedo, Rub\u00e9n S\u00e1nchez e invitados.<\/div>\n<\/div>\n<p>En la noche de hoy, viernes 28 de enero; el Carnaval de la Frontera 2022 tendr\u00e1 su gran inicio. El Samb\u00f3dromo Carlos &#8220;Mu\u00f1eca&#8221; Da Costa recibir\u00e1 a las seis comparsas del Grupo Popular, con entrada y tribuna libre y gratuita para el p\u00fablico.<\/p>\n<div class=\"center large m_image\">\n<figure><img decoding=\"async\" class=\"large\" src=\"https:\/\/www.diarioepoca.com\/content\/bucket\/3\/1204033w980h1800.jpg\" alt=\"carna v.jfif\" \/><\/figure>\n<\/div>\n<p>La gran fiesta tendr\u00e1 televisaci\u00f3n oficial que comenzar\u00e1 con la previa, Guillermo Romero y el ciclo &#8220;Pasarela 2022&#8221; que se emitir\u00e1 desde el Samb\u00f3dromo a las 21 horas.<\/p>\n<p>Desde las 22 hs se transmitir\u00e1n los desfiles de las comparsas Imperatriz, Catamarca, Bella Flor, Armon\u00eda del Samba, Renacer Libre\u00f1o y Esplendor. Contar\u00e1 con la conducci\u00f3n de Ignacio Villanueva, Silvina Oviedo, Rub\u00e9n S\u00e1nchez e invitados.<\/p>\n<p>Un equipo de profesionales, asistidos por un \u00fanico equipo t\u00e9cnico, trasladar\u00e1 la m\u00edstica del carnaval al hogar de los televidentes.<br \/>\nLa transmisi\u00f3n ser\u00e1 en full HD y contar\u00e1 con entrevistas, an\u00e1lisis y todo lo que dejar\u00e1n las seis noches de desfile del Carnaval de la Frontera, tanto del grupo popular como del grupo especial.<\/p>\n<p>\u00bfD\u00f3nde pod\u00e9s ver el Carnaval de la Frontera de Paso de los Libres?<\/p>\n<p>\u27a1\ufe0f TV: Canales 2 (Cable) y 5 (Aire).<\/p>\n<p>\u27a1\ufe0f Redes Sociales: Telediez y Municipio de Paso de los Libres.<\/p>\n<p>\u27a1\ufe0f Youtube: https:\/\/www.youtube.com\/user\/TLDIEZ<\/p>\n<p>\u27a1\ufe0f Sitio web: http:\/\/www.infolibres.com\/inicio\/menuItem\/2<\/p>\n<\/div>\n<\/section>\n<\/section>\n","protected":false},"excerpt":{"rendered":"<p>A las 22 hs iniciar\u00e1 la transmisi\u00f3n oficial del desfile de las comparsas. Contar\u00e1 con la conducci\u00f3n de Ignacio Villanueva, Silvina Oviedo, Rub\u00e9n S\u00e1nchez e invitados. En la noche de hoy, viernes 28 de enero; el Carnaval de la Frontera 2022 tendr\u00e1 su gran inicio. El Samb\u00f3dromo Carlos &#8220;Mu\u00f1eca&#8221; Da Costa recibir\u00e1 a las seis [&hellip;]<\/p>\n","protected":false},"author":3,"featured_media":52542,"comment_status":"open","ping_status":"open","sticky":false,"template":"","format":"standard","meta":{"footnotes":""},"categories":[10,11],"tags":[],"class_list":["post-52541","post","type-post","status-publish","format-standard","has-post-thumbnail","hentry","category-provinciales","category-sociedad"],"_links":{"self":[{"href":"http:\/\/informateesquina.com\/index.php?rest_route=\/wp\/v2\/posts\/52541","targetHints":{"allow":["GET"]}}],"collection":[{"href":"http:\/\/informateesquina.com\/index.php?rest_route=\/wp\/v2\/posts"}],"about":[{"href":"http:\/\/informateesquina.com\/index.php?rest_route=\/wp\/v2\/types\/post"}],"author":[{"embeddable":true,"href":"http:\/\/informateesquina.com\/index.php?rest_route=\/wp\/v2\/users\/3"}],"replies":[{"embeddable":true,"href":"http:\/\/informateesquina.com\/index.php?rest_route=%2Fwp%2Fv2%2Fcomments&post=52541"}],"version-history":[{"count":0,"href":"http:\/\/informateesquina.com\/index.php?rest_route=\/wp\/v2\/posts\/52541\/revisions"}],"wp:featuredmedia":[{"embeddable":true,"href":"http:\/\/informateesquina.com\/index.php?rest_route=\/wp\/v2\/media\/52542"}],"wp:attachment":[{"href":"http:\/\/informateesquina.com\/index.php?rest_route=%2Fwp%2Fv2%2Fmedia&parent=52541"}],"wp:term":[{"taxonomy":"category","embeddable":true,"href":"http:\/\/informateesquina.com\/index.php?rest_route=%2Fwp%2Fv2%2Fcategories&post=52541"},{"taxonomy":"post_tag","embeddable":true,"href":"http:\/\/informateesquina.com\/index.php?rest_route=%2Fwp%2Fv2%2Ftags&post=52541"}],"curies":[{"name":"wp","href":"https:\/\/api.w.org\/{rel}","templated":true}]}}