{"id":52546,"date":"2022-01-31T22:44:03","date_gmt":"2022-02-01T01:44:03","guid":{"rendered":"https:\/\/informateesquina.com\/?p=52546"},"modified":"2022-01-31T22:44:03","modified_gmt":"2022-02-01T01:44:03","slug":"inicio-de-clases-2022-corrientes-pedira-carnet-de-vacunacion","status":"publish","type":"post","link":"http:\/\/informateesquina.com\/?p=52546","title":{"rendered":"Inicio de clases 2022: Corrientes pedir\u00e1 carnet de vacunaci\u00f3n"},"content":{"rendered":"<h1><span style=\"color: #333333; font-size: 15px;\">La Ministra de Educaci\u00f3n de Corrientes, Pr\u00e1xedes L\u00f3pez, dialog\u00f3 con Radio Sudamericana en exclusiva y se refiri\u00f3 a la vuelta a clases en el ciclo lectivo 2022.<\/span><\/h1>\n<div class=\"cuerpo\">\n<p><a class=\"fotos-desarrollo unlink\" title=\"Inicio de clases 2022: Corrientes pedir\u00e1 carnet de vacunaci\u00f3n\" href=\"https:\/\/www.radiosudamericana.com\/notix\/multimedia\/imagenes\/fotos\/2022-01-31\/510349.jpeg\"><img decoding=\"async\" class=\"img-responsive\" src=\"https:\/\/www.radiosudamericana.com\/notix\/multimedia\/imagenes\/fotos\/2022-01-31\/510349.jpeg_nota.jpeg\" \/><\/a><\/p>\n<p>Diagramando ya lo que ser\u00e1 el inicio de las actividades, indic\u00f3 que pedir\u00e1n carnet de vacunaci\u00f3n tanto a alumnos como a docentes para tener un registro de la situaci\u00f3n de cada instituci\u00f3n educativa.<\/p>\n<p>&nbsp;<\/p>\n<p>En tanto que en las pr\u00f3ximas horas definir\u00e1n, junto al Gobernador Vald\u00e9s, si solicitar\u00e1n Pase Sanitario.<\/p>\n<\/div>\n","protected":false},"excerpt":{"rendered":"<p>La Ministra de Educaci\u00f3n de Corrientes, Pr\u00e1xedes L\u00f3pez, dialog\u00f3 con Radio Sudamericana en exclusiva y se refiri\u00f3 a la vuelta a clases en el ciclo lectivo 2022. Diagramando ya lo que ser\u00e1 el inicio de las actividades, indic\u00f3 que pedir\u00e1n carnet de vacunaci\u00f3n tanto a alumnos como a docentes para tener un registro de la [&hellip;]<\/p>\n","protected":false},"author":3,"featured_media":52547,"comment_status":"open","ping_status":"open","sticky":false,"template":"","format":"standard","meta":{"footnotes":""},"categories":[10,11],"tags":[136],"class_list":["post-52546","post","type-post","status-publish","format-standard","has-post-thumbnail","hentry","category-provinciales","category-sociedad","tag-destacados"],"_links":{"self":[{"href":"http:\/\/informateesquina.com\/index.php?rest_route=\/wp\/v2\/posts\/52546","targetHints":{"allow":["GET"]}}],"collection":[{"href":"http:\/\/informateesquina.com\/index.php?rest_route=\/wp\/v2\/posts"}],"about":[{"href":"http:\/\/informateesquina.com\/index.php?rest_route=\/wp\/v2\/types\/post"}],"author":[{"embeddable":true,"href":"http:\/\/informateesquina.com\/index.php?rest_route=\/wp\/v2\/users\/3"}],"replies":[{"embeddable":true,"href":"http:\/\/informateesquina.com\/index.php?rest_route=%2Fwp%2Fv2%2Fcomments&post=52546"}],"version-history":[{"count":0,"href":"http:\/\/informateesquina.com\/index.php?rest_route=\/wp\/v2\/posts\/52546\/revisions"}],"wp:featuredmedia":[{"embeddable":true,"href":"http:\/\/informateesquina.com\/index.php?rest_route=\/wp\/v2\/media\/52547"}],"wp:attachment":[{"href":"http:\/\/informateesquina.com\/index.php?rest_route=%2Fwp%2Fv2%2Fmedia&parent=52546"}],"wp:term":[{"taxonomy":"category","embeddable":true,"href":"http:\/\/informateesquina.com\/index.php?rest_route=%2Fwp%2Fv2%2Fcategories&post=52546"},{"taxonomy":"post_tag","embeddable":true,"href":"http:\/\/informateesquina.com\/index.php?rest_route=%2Fwp%2Fv2%2Ftags&post=52546"}],"curies":[{"name":"wp","href":"https:\/\/api.w.org\/{rel}","templated":true}]}}