{"id":52568,"date":"2022-01-31T23:01:13","date_gmt":"2022-02-01T02:01:13","guid":{"rendered":"https:\/\/informateesquina.com\/?p=52568"},"modified":"2022-01-31T23:01:13","modified_gmt":"2022-02-01T02:01:13","slug":"detienen-a-un-cordobes-relacionado-a-un-hecho-delictivo-que-damnifico-a-una-polleria","status":"publish","type":"post","link":"http:\/\/informateesquina.com\/?p=52568","title":{"rendered":"Detienen a un cordob\u00e9s relacionado a un hecho delictivo que damnific\u00f3 a una poller\u00eda"},"content":{"rendered":"<header>\n<div class=\"meta\"><\/div>\n<\/header>\n<section class=\"body\">\n<section class=\"content\">\n<div class=\"main-text\">\n<div class=\"center large m_image\">\n<figure><picture><source srcset=\"https:\/\/www.radiodos.com.ar\/content\/bucket\/5\/154855w770h1200.jpg\" media=\"(min-width: 1200px)\" \/><source srcset=\"https:\/\/www.radiodos.com.ar\/content\/bucket\/5\/154855w570h1000.jpg\" media=\"(min-width: 960px)\" \/><source srcset=\"https:\/\/www.radiodos.com.ar\/content\/bucket\/5\/154855w680h900.jpg\" media=\"(min-width: 640px)\" \/><img decoding=\"async\" class=\"large\" src=\"https:\/\/www.radiodos.com.ar\/content\/bucket\/5\/154855w335h600.jpg\" alt=\"\" \/><\/picture><\/figure>\n<\/div>\n<p>Efectivos de la Divisi\u00f3n de Investigaci\u00f3n Metropolitana debido a un hecho delictivo que se produjo durante la jornada de este domingo en una poller\u00eda y en la cual se habr\u00edan robado una importante suma de dinero procedieron a la detenci\u00f3n de un hombre -mayor de edad- oriundo de C\u00f3rdoba quien estar\u00eda vinculado al hecho.<\/p>\n<p>Los uniformados a su vez lograron recuperar y secuestrar el dinero en efectivo. A su vez tambi\u00e9n incautaron boletas de dep\u00f3sitos en cuentas bancarias que el hombre habr\u00eda realizado en las \u00faltimas horas.<\/p>\n<p>Posteriormente desde la Metropolitana adelantaron a La Dos que contin\u00faan investigando el hecho y que se encuentran trabajando tras las pistas de dem\u00e1s participantes.<\/p>\n<div class=\"center large m_image\"><\/div>\n<div class=\"item-relations\"><\/div>\n<\/div>\n<\/section>\n<\/section>\n","protected":false},"excerpt":{"rendered":"<p>Efectivos de la Divisi\u00f3n de Investigaci\u00f3n Metropolitana debido a un hecho delictivo que se produjo durante la jornada de este domingo en una poller\u00eda y en la cual se habr\u00edan robado una importante suma de dinero procedieron a la detenci\u00f3n de un hombre -mayor de edad- oriundo de C\u00f3rdoba quien estar\u00eda vinculado al hecho. Los [&hellip;]<\/p>\n","protected":false},"author":3,"featured_media":52569,"comment_status":"open","ping_status":"open","sticky":false,"template":"","format":"standard","meta":{"footnotes":""},"categories":[8,10,11],"tags":[],"class_list":["post-52568","post","type-post","status-publish","format-standard","has-post-thumbnail","hentry","category-policiales","category-provinciales","category-sociedad"],"_links":{"self":[{"href":"http:\/\/informateesquina.com\/index.php?rest_route=\/wp\/v2\/posts\/52568","targetHints":{"allow":["GET"]}}],"collection":[{"href":"http:\/\/informateesquina.com\/index.php?rest_route=\/wp\/v2\/posts"}],"about":[{"href":"http:\/\/informateesquina.com\/index.php?rest_route=\/wp\/v2\/types\/post"}],"author":[{"embeddable":true,"href":"http:\/\/informateesquina.com\/index.php?rest_route=\/wp\/v2\/users\/3"}],"replies":[{"embeddable":true,"href":"http:\/\/informateesquina.com\/index.php?rest_route=%2Fwp%2Fv2%2Fcomments&post=52568"}],"version-history":[{"count":0,"href":"http:\/\/informateesquina.com\/index.php?rest_route=\/wp\/v2\/posts\/52568\/revisions"}],"wp:featuredmedia":[{"embeddable":true,"href":"http:\/\/informateesquina.com\/index.php?rest_route=\/wp\/v2\/media\/52569"}],"wp:attachment":[{"href":"http:\/\/informateesquina.com\/index.php?rest_route=%2Fwp%2Fv2%2Fmedia&parent=52568"}],"wp:term":[{"taxonomy":"category","embeddable":true,"href":"http:\/\/informateesquina.com\/index.php?rest_route=%2Fwp%2Fv2%2Fcategories&post=52568"},{"taxonomy":"post_tag","embeddable":true,"href":"http:\/\/informateesquina.com\/index.php?rest_route=%2Fwp%2Fv2%2Ftags&post=52568"}],"curies":[{"name":"wp","href":"https:\/\/api.w.org\/{rel}","templated":true}]}}