{"id":52571,"date":"2022-01-31T23:12:59","date_gmt":"2022-02-01T02:12:59","guid":{"rendered":"https:\/\/informateesquina.com\/?p=52571"},"modified":"2022-01-31T23:12:59","modified_gmt":"2022-02-01T02:12:59","slug":"un-intendente-correntino-dono-su-primer-sueldo-a-los-bomberos","status":"publish","type":"post","link":"http:\/\/informateesquina.com\/?p=52571","title":{"rendered":"Un intendente correntino don\u00f3 su primer sueldo a los bomberos"},"content":{"rendered":"<h1><\/h1>\n<div class=\"fotos-y-videos\">\n<ul class=\"nav nav-tabs\" role=\"tablist\">\n<li class=\"active\" role=\"presentation\"><\/li>\n<\/ul>\n<div class=\"tab-content\">\n<div id=\"fotos\" class=\"tab-pane fade in active\" role=\"tabpanel\"><a class=\"fotos-desarrollo unlink\" title=\"Un intendente correntino don\u00f3 su primer sueldo a los bomberos\" href=\"https:\/\/www.radiosudamericana.com\/notix\/multimedia\/imagenes\/fotos\/2022-01-31\/970124.jpg\"><img loading=\"lazy\" decoding=\"async\" class=\"img-responsive lazyload center-block\" src=\"https:\/\/www.radiosudamericana.com\/notix\/multimedia\/imagenes\/fotos\/2022-01-31\/970124.jpg_nota.jpg\" alt=\"Un intendente correntino don\u00f3 su primer sueldo a los bomberos\" width=\"700\" height=\"466\" \/><\/a><\/div>\n<\/div>\n<\/div>\n<p>&nbsp;<\/p>\n<div class=\"cuerpo\">\n<p>Ante la\u00a0complicada situaci\u00f3n que atraviesan algunas localidades correntinas debido a los incendios forestales, el intendente de Ituzaing\u00f3 Juan Pablo Vald\u00e9s decidi\u00f3 donar su primer sueldo a los Bomberos Voluntarios.<\/p>\n<p><a class=\"fotos-desarrollo unlink\" title=\"Un intendente correntino don\u00f3 su primer sueldo a los bomberos\" href=\"https:\/\/www.radiosudamericana.com\/notix\/multimedia\/imagenes\/fotos\/2022-01-31\/364840.jpg\"><img decoding=\"async\" class=\"img-responsive\" src=\"https:\/\/www.radiosudamericana.com\/notix\/multimedia\/imagenes\/fotos\/2022-01-31\/364840.jpg_nota.jpg\" \/><\/a><\/p>\n<p>\u201cHoy me toca cobrar mi primer sueldo como Intendente y ese sueldo se los voy a donar a los bomberos para que en esta emergencia que estamos sufriendo en Ituzaing\u00f3, puedan adquirir insumos y lo que ellos consideran que necesitan\u201d, expres\u00f3 el Jefe Comunal.<\/p>\n<\/div>\n","protected":false},"excerpt":{"rendered":"<p>&nbsp; Ante la\u00a0complicada situaci\u00f3n que atraviesan algunas localidades correntinas debido a los incendios forestales, el intendente de Ituzaing\u00f3 Juan Pablo Vald\u00e9s decidi\u00f3 donar su primer sueldo a los Bomberos Voluntarios. \u201cHoy me toca cobrar mi primer sueldo como Intendente y ese sueldo se los voy a donar a los bomberos para que en esta emergencia [&hellip;]<\/p>\n","protected":false},"author":3,"featured_media":52572,"comment_status":"open","ping_status":"open","sticky":false,"template":"","format":"standard","meta":{"footnotes":""},"categories":[6,10,11],"tags":[],"class_list":["post-52571","post","type-post","status-publish","format-standard","has-post-thumbnail","hentry","category-locales","category-provinciales","category-sociedad"],"_links":{"self":[{"href":"http:\/\/informateesquina.com\/index.php?rest_route=\/wp\/v2\/posts\/52571","targetHints":{"allow":["GET"]}}],"collection":[{"href":"http:\/\/informateesquina.com\/index.php?rest_route=\/wp\/v2\/posts"}],"about":[{"href":"http:\/\/informateesquina.com\/index.php?rest_route=\/wp\/v2\/types\/post"}],"author":[{"embeddable":true,"href":"http:\/\/informateesquina.com\/index.php?rest_route=\/wp\/v2\/users\/3"}],"replies":[{"embeddable":true,"href":"http:\/\/informateesquina.com\/index.php?rest_route=%2Fwp%2Fv2%2Fcomments&post=52571"}],"version-history":[{"count":0,"href":"http:\/\/informateesquina.com\/index.php?rest_route=\/wp\/v2\/posts\/52571\/revisions"}],"wp:featuredmedia":[{"embeddable":true,"href":"http:\/\/informateesquina.com\/index.php?rest_route=\/wp\/v2\/media\/52572"}],"wp:attachment":[{"href":"http:\/\/informateesquina.com\/index.php?rest_route=%2Fwp%2Fv2%2Fmedia&parent=52571"}],"wp:term":[{"taxonomy":"category","embeddable":true,"href":"http:\/\/informateesquina.com\/index.php?rest_route=%2Fwp%2Fv2%2Fcategories&post=52571"},{"taxonomy":"post_tag","embeddable":true,"href":"http:\/\/informateesquina.com\/index.php?rest_route=%2Fwp%2Fv2%2Ftags&post=52571"}],"curies":[{"name":"wp","href":"https:\/\/api.w.org\/{rel}","templated":true}]}}