{"id":52574,"date":"2022-01-31T23:17:31","date_gmt":"2022-02-01T02:17:31","guid":{"rendered":"https:\/\/informateesquina.com\/?p=52574"},"modified":"2022-01-31T23:17:31","modified_gmt":"2022-02-01T02:17:31","slug":"chaco-detuvieron-a-una-madre-de-19-anos-por-maltratar-a-su-hijo","status":"publish","type":"post","link":"http:\/\/informateesquina.com\/?p=52574","title":{"rendered":"Chaco: detuvieron a una madre de 19 a\u00f1os por maltratar a su hijo"},"content":{"rendered":"<div>\n<p class=\"copete\">Una mujer identificada como Ayel\u00e9n Gonz\u00e1lez, fue detenida este domingo en la localidad de Las Garitas departamento Sargento Cabral en la Provincia del Chaco, acusada de maltrato infantil.<\/p>\n<\/div>\n<div class=\"cuerpo\">\n<p>Personal perteneciente a la Comisaria Las Garcitas estaba investigaban un video que se publico en Facebook, donde se ve\u00eda a la mujer agrediendo a un menor. Las tremendas im\u00e1genes alertaron a los lugare\u00f1os que mostraban en redes el repudio hacia el accionar de la violenta madre y aportaron datos a la polic\u00eda para dar con el domicilio donde ocurr\u00eda el violento hecho<\/p>\n<p>Fue as\u00ed que, los polic\u00edas pudieron saber que se tratar\u00eda de una joven de 19 a\u00f1os del barrio 28 viviendas de esa localidad.<\/p>\n<div style=\"width: 396px;\" class=\"wp-video\"><video class=\"wp-video-shortcode\" id=\"video-52574-1\" width=\"396\" height=\"720\" preload=\"metadata\" controls=\"controls\"><source type=\"video\/mp4\" src=\"https:\/\/informateesquina.com\/wp-content\/uploads\/2022\/01\/COME.mp4?_=1\" \/><a href=\"https:\/\/informateesquina.com\/wp-content\/uploads\/2022\/01\/COME.mp4\">https:\/\/informateesquina.com\/wp-content\/uploads\/2022\/01\/COME.mp4<\/a><\/video><\/div>\n<p>R\u00e1pidamente, llegaron a la casa donde se hab\u00edan grabado las im\u00e1genes y demoraron a la denunciada. Adem\u00e1s, trasladaron a su hijo de tres a\u00f1os hasta el hospital local acompa\u00f1ado de una mujer de 43 a\u00f1os, donde el menor fue asistido. Seg\u00fan el informe que dieron los facultativos: \u201cal momento del examen f\u00edsico no presenta lesiones f\u00edsicas evidentes a simple vista\u201d. De todas maneras va a ser sometido a controles rigurosos para saber si le quedaron algunas secuelas anteriores.<\/p>\n<p>Lo que se ve en las im\u00e1genes, se habr\u00eda repetido en otras oportunidades, seg\u00fan el relato de vecinos que testimoniaron sobre el &#8220;infierno que viv\u00eda esa criatura&#8221;<\/p>\n<p>El fiscal en turno determin\u00f3 que se de intervenci\u00f3n al Juzgado de Faltas local y a la Unidad de Protecci\u00f3n Integral (UPI).<\/p>\n<\/div>\n","protected":false},"excerpt":{"rendered":"<p>Una mujer identificada como Ayel\u00e9n Gonz\u00e1lez, fue detenida este domingo en la localidad de Las Garitas departamento Sargento Cabral en la Provincia del Chaco, acusada de maltrato infantil. Personal perteneciente a la Comisaria Las Garcitas estaba investigaban un video que se publico en Facebook, donde se ve\u00eda a la mujer agrediendo a un menor. Las [&hellip;]<\/p>\n","protected":false},"author":3,"featured_media":52576,"comment_status":"open","ping_status":"open","sticky":false,"template":"","format":"standard","meta":{"footnotes":""},"categories":[8,10,11],"tags":[],"class_list":["post-52574","post","type-post","status-publish","format-standard","has-post-thumbnail","hentry","category-policiales","category-provinciales","category-sociedad"],"_links":{"self":[{"href":"http:\/\/informateesquina.com\/index.php?rest_route=\/wp\/v2\/posts\/52574","targetHints":{"allow":["GET"]}}],"collection":[{"href":"http:\/\/informateesquina.com\/index.php?rest_route=\/wp\/v2\/posts"}],"about":[{"href":"http:\/\/informateesquina.com\/index.php?rest_route=\/wp\/v2\/types\/post"}],"author":[{"embeddable":true,"href":"http:\/\/informateesquina.com\/index.php?rest_route=\/wp\/v2\/users\/3"}],"replies":[{"embeddable":true,"href":"http:\/\/informateesquina.com\/index.php?rest_route=%2Fwp%2Fv2%2Fcomments&post=52574"}],"version-history":[{"count":0,"href":"http:\/\/informateesquina.com\/index.php?rest_route=\/wp\/v2\/posts\/52574\/revisions"}],"wp:featuredmedia":[{"embeddable":true,"href":"http:\/\/informateesquina.com\/index.php?rest_route=\/wp\/v2\/media\/52576"}],"wp:attachment":[{"href":"http:\/\/informateesquina.com\/index.php?rest_route=%2Fwp%2Fv2%2Fmedia&parent=52574"}],"wp:term":[{"taxonomy":"category","embeddable":true,"href":"http:\/\/informateesquina.com\/index.php?rest_route=%2Fwp%2Fv2%2Fcategories&post=52574"},{"taxonomy":"post_tag","embeddable":true,"href":"http:\/\/informateesquina.com\/index.php?rest_route=%2Fwp%2Fv2%2Ftags&post=52574"}],"curies":[{"name":"wp","href":"https:\/\/api.w.org\/{rel}","templated":true}]}}