{"id":52592,"date":"2022-02-01T19:29:43","date_gmt":"2022-02-01T22:29:43","guid":{"rendered":"https:\/\/informateesquina.com\/?p=52592"},"modified":"2022-02-01T20:05:31","modified_gmt":"2022-02-01T23:05:31","slug":"murio-dominicus-rohde-dueno-de-la-empresa-pecan-argentina","status":"publish","type":"post","link":"http:\/\/informateesquina.com\/?p=52592","title":{"rendered":"Muri\u00f3 Dominicus Rohde, due\u00f1o de la empresa Pec\u00e1n Argentina"},"content":{"rendered":"<h1><a class=\"fotos-desarrollo unlink\" style=\"font-size: 15px;\" title=\"Muri\u00f3 Dominicus Rohde, due\u00f1o de la empresa Pec\u00e1n Argentina\" href=\"https:\/\/www.radiosudamericana.com\/notix\/multimedia\/imagenes\/fotos\/2022-02-01\/335260.jpg\"><img loading=\"lazy\" decoding=\"async\" class=\"img-responsive lazyload center-block\" src=\"https:\/\/www.radiosudamericana.com\/notix\/multimedia\/imagenes\/fotos\/2022-02-01\/335260.jpg_nota.jpg\" alt=\"Muri\u00f3 Dominicus Rohde, due\u00f1o de la empresa Pec\u00e1n Argentina\" width=\"700\" height=\"466\" \/><\/a><\/h1>\n<p>&nbsp;<\/p>\n<div class=\"cuerpo\">\n<p>Fuentes del gobierno de la Provincia de Corrientes confirmaron a Radio Sudamericana la muerte del alem\u00e1n Dominicus Rohde (53), propietario de la empresa Pec\u00e1n Argentina, una empresa de producci\u00f3n de nuez pec\u00e1n.<\/p>\n<p>Si bien no hay informaci\u00f3n oficial, trascendi\u00f3 que su muerte se habr\u00eda dado por un paro cardiorrespiratorio.<\/p>\n<p>La empresa con superficie total de 2000 hect\u00e1reas, tiene fincas productivas en Corrientes, Entre R\u00edos y Tucum\u00e1n.<\/p>\n<p>Vino de Alemania por una pasant\u00eda en 1989, se cas\u00f3 con una correntina, tuvo siete hijos y desde hace unos a\u00f1os mont\u00f3 la exitosa empresa de producci\u00f3n de nuez.<\/p>\n<\/div>\n","protected":false},"excerpt":{"rendered":"<p>&nbsp; Fuentes del gobierno de la Provincia de Corrientes confirmaron a Radio Sudamericana la muerte del alem\u00e1n Dominicus Rohde (53), propietario de la empresa Pec\u00e1n Argentina, una empresa de producci\u00f3n de nuez pec\u00e1n. Si bien no hay informaci\u00f3n oficial, trascendi\u00f3 que su muerte se habr\u00eda dado por un paro cardiorrespiratorio. La empresa con superficie total [&hellip;]<\/p>\n","protected":false},"author":3,"featured_media":52594,"comment_status":"open","ping_status":"open","sticky":false,"template":"","format":"standard","meta":{"footnotes":""},"categories":[9,10,11],"tags":[],"class_list":["post-52592","post","type-post","status-publish","format-standard","has-post-thumbnail","hentry","category-politica","category-provinciales","category-sociedad"],"_links":{"self":[{"href":"http:\/\/informateesquina.com\/index.php?rest_route=\/wp\/v2\/posts\/52592","targetHints":{"allow":["GET"]}}],"collection":[{"href":"http:\/\/informateesquina.com\/index.php?rest_route=\/wp\/v2\/posts"}],"about":[{"href":"http:\/\/informateesquina.com\/index.php?rest_route=\/wp\/v2\/types\/post"}],"author":[{"embeddable":true,"href":"http:\/\/informateesquina.com\/index.php?rest_route=\/wp\/v2\/users\/3"}],"replies":[{"embeddable":true,"href":"http:\/\/informateesquina.com\/index.php?rest_route=%2Fwp%2Fv2%2Fcomments&post=52592"}],"version-history":[{"count":0,"href":"http:\/\/informateesquina.com\/index.php?rest_route=\/wp\/v2\/posts\/52592\/revisions"}],"wp:featuredmedia":[{"embeddable":true,"href":"http:\/\/informateesquina.com\/index.php?rest_route=\/wp\/v2\/media\/52594"}],"wp:attachment":[{"href":"http:\/\/informateesquina.com\/index.php?rest_route=%2Fwp%2Fv2%2Fmedia&parent=52592"}],"wp:term":[{"taxonomy":"category","embeddable":true,"href":"http:\/\/informateesquina.com\/index.php?rest_route=%2Fwp%2Fv2%2Fcategories&post=52592"},{"taxonomy":"post_tag","embeddable":true,"href":"http:\/\/informateesquina.com\/index.php?rest_route=%2Fwp%2Fv2%2Ftags&post=52592"}],"curies":[{"name":"wp","href":"https:\/\/api.w.org\/{rel}","templated":true}]}}