{"id":52596,"date":"2022-02-01T20:09:12","date_gmt":"2022-02-01T23:09:12","guid":{"rendered":"https:\/\/informateesquina.com\/?p=52596"},"modified":"2022-02-01T20:09:12","modified_gmt":"2022-02-01T23:09:12","slug":"rescatan-a-una-mujer-que-vivia-encadenada-a-una-pared","status":"publish","type":"post","link":"http:\/\/informateesquina.com\/?p=52596","title":{"rendered":"Rescatan a una mujer que viv\u00eda encadenada a una pared"},"content":{"rendered":"<div class=\"row\">\n<div class=\"col-12 col-md-12 col-lg-8\">\n<section class=\"detail-body content-protected-false\">\n<div class=\"detail-gallery\">\n<div class=\"gallery lite\">\n<div class=\"itemGallery classid7622276\">\n<div class=\"gallery-slide\">\n<figure class=\"gallery-figure\">\n<h4 class=\"gallery-nav\">Un <strong>video que se volvi\u00f3\u00a0viral\u00a0la semana pasada en la red social\u00a0china\u00a0<em>Douyin<\/em>\u00a0muestra a una mujer que hab\u00eda sido encadenada por el cuello contra la pared<\/strong>\u00a0de un cobertizo junto a su casa familiar en la localidad de Xuzhou. Un vecino denunci\u00f3 la situaci\u00f3n y ahora se espera que las autoridades de provincia de Jiangsu investiguen el caso.<\/h4>\n<\/figure>\n<\/div>\n<\/div>\n<\/div>\n<\/div>\n<\/section>\n<section class=\"detail-body second-paragraph\">\n<section class=\"body-content note-body content-protected-false\">&#8220;\u00bfD\u00f3nde est\u00e1 nuestra compasion?&#8221;, se escucha preguntar al vecino en el video viral que reprodujo esta semana la\u00a0<em>BBC,<\/em>\u00a0y que incluye im\u00e1genes sensibles de cuando le entreg\u00f3 ropa de abrigo a la mujer, que estaba apenas preparada para hacer frente al fr\u00edo en la localidad china. Ella apenas pudo musitar algunas palabras, pero nada inteligible.<\/p>\n<div style=\"width: 1282px;\" class=\"wp-video\"><video class=\"wp-video-shortcode\" id=\"video-52596-1\" width=\"1282\" height=\"720\" preload=\"metadata\" controls=\"controls\"><source type=\"video\/mp4\" src=\"https:\/\/informateesquina.com\/wp-content\/uploads\/2022\/02\/mujer.mp4?_=1\" \/><a href=\"https:\/\/informateesquina.com\/wp-content\/uploads\/2022\/02\/mujer.mp4\">https:\/\/informateesquina.com\/wp-content\/uploads\/2022\/02\/mujer.mp4<\/a><\/video><\/div>\n<p>El caso sali\u00f3 a la luz el viernes pasado en\u00a0<em>Douyin<\/em>\u00a0en medio de un creciente debate por la visibilizaci\u00f3n de la violencia de g\u00e9nero en China. Comentaristas en la red social de videos no perdieron la oportunidad de hacer notar la cantidad de caracter\u00edsticas aberrantes del caso: la mujer estaba encadenada en un cobertizo y en la casa de al lado viv\u00edan su esposo y los ocho hijos de la pareja.<\/p>\n<p>Los vecinos empezaron a suponer que la mujer podr\u00eda haber sido v\u00edctima de tr\u00e1fico de personas, pero el viernes pasado las autoridades informaron que su apellido es Yang, que lleg\u00f3 a Xuzhou desde el Municipio de Huankou, en el Condado de Feng, y que se cas\u00f3 en 1998 con su marido, identificado s\u00f3lo como &#8220;el se\u00f1or Dong&#8221;.<\/p>\n<p>Lo otro curioso del caso es que la pareja tuvo ocho hijos cuando hasta hace poco s\u00f3lo se permit\u00eda tener hasta dos en las zonas rurales de China. Es por este motivo, y no por tener a su mujer encadenada, que las autoridades investigar\u00e1n al se\u00f1or Dong.<\/p>\n<p>Mientras tanto, la mujer fue trasladada a un hospital donde fue internada como paciente psiqui\u00e1trica. Sus hijos fueron retirados por las autoridades.<\/p>\n<\/section>\n<\/section>\n<\/div>\n<\/div>\n","protected":false},"excerpt":{"rendered":"<p>Un video que se volvi\u00f3\u00a0viral\u00a0la semana pasada en la red social\u00a0china\u00a0Douyin\u00a0muestra a una mujer que hab\u00eda sido encadenada por el cuello contra la pared\u00a0de un cobertizo junto a su casa familiar en la localidad de Xuzhou. Un vecino denunci\u00f3 la situaci\u00f3n y ahora se espera que las autoridades de provincia de Jiangsu investiguen el caso. [&hellip;]<\/p>\n","protected":false},"author":3,"featured_media":52597,"comment_status":"open","ping_status":"open","sticky":false,"template":"","format":"standard","meta":{"footnotes":""},"categories":[5,11],"tags":[],"class_list":["post-52596","post","type-post","status-publish","format-standard","has-post-thumbnail","hentry","category-internacionales","category-sociedad"],"_links":{"self":[{"href":"http:\/\/informateesquina.com\/index.php?rest_route=\/wp\/v2\/posts\/52596","targetHints":{"allow":["GET"]}}],"collection":[{"href":"http:\/\/informateesquina.com\/index.php?rest_route=\/wp\/v2\/posts"}],"about":[{"href":"http:\/\/informateesquina.com\/index.php?rest_route=\/wp\/v2\/types\/post"}],"author":[{"embeddable":true,"href":"http:\/\/informateesquina.com\/index.php?rest_route=\/wp\/v2\/users\/3"}],"replies":[{"embeddable":true,"href":"http:\/\/informateesquina.com\/index.php?rest_route=%2Fwp%2Fv2%2Fcomments&post=52596"}],"version-history":[{"count":0,"href":"http:\/\/informateesquina.com\/index.php?rest_route=\/wp\/v2\/posts\/52596\/revisions"}],"wp:featuredmedia":[{"embeddable":true,"href":"http:\/\/informateesquina.com\/index.php?rest_route=\/wp\/v2\/media\/52597"}],"wp:attachment":[{"href":"http:\/\/informateesquina.com\/index.php?rest_route=%2Fwp%2Fv2%2Fmedia&parent=52596"}],"wp:term":[{"taxonomy":"category","embeddable":true,"href":"http:\/\/informateesquina.com\/index.php?rest_route=%2Fwp%2Fv2%2Fcategories&post=52596"},{"taxonomy":"post_tag","embeddable":true,"href":"http:\/\/informateesquina.com\/index.php?rest_route=%2Fwp%2Fv2%2Ftags&post=52596"}],"curies":[{"name":"wp","href":"https:\/\/api.w.org\/{rel}","templated":true}]}}