{"id":52605,"date":"2022-02-01T22:10:10","date_gmt":"2022-02-02T01:10:10","guid":{"rendered":"https:\/\/informateesquina.com\/?p=52605"},"modified":"2022-02-01T22:10:10","modified_gmt":"2022-02-02T01:10:10","slug":"docentes-deberan-presentarse-en-las-escuelas-el-11-de-febrero","status":"publish","type":"post","link":"http:\/\/informateesquina.com\/?p=52605","title":{"rendered":"Docentes deber\u00e1n presentarse en las escuelas el 11 de febrero"},"content":{"rendered":"<section class=\"body\">\n<section class=\"content\">\n<figure class=\"big-column\"><strong style=\"color: #1d1f20; font-size: 1.953em;\">A continuaci\u00f3n, se detallan las nuevas fechas.\u00a0<\/strong><\/figure>\n<div class=\"main-text\">\n<p>11 de febrero: Presentaci\u00f3n del personal de conducci\u00f3n, administrativo, preceptores y docentes con funciones administrativas<\/p>\n<p>11 de febrero: Presentaci\u00f3n del personal docente<\/p>\n<p>11 de febrero: Primer encuentro institucional nivel inicial y primario<\/p>\n<p>11 de febrero: Presentaci\u00f3n de residentes de carreras docentes en las escuelas asociadas nieles primario y secundario.<\/p>\n<p>11 al 19 de febrero: Primer encuentro institucional nivel secundario<\/p>\n<p>11 y 14 de febrero: Inscripciones para evaluaciones no regulares, previas y para completar estudios nivel secundario y DI.G.E.P.<\/p>\n<p>Adem\u00e1s, se establece que el personal directivo deber\u00e1 estar disponible y podr\u00e1 ser convocado a partir del 7 de febrero a efectos de facilitar el mantenimiento de los edificios escolares.<\/p>\n<\/div>\n<\/section>\n<\/section>\n","protected":false},"excerpt":{"rendered":"<p>A continuaci\u00f3n, se detallan las nuevas fechas.\u00a0 11 de febrero: Presentaci\u00f3n del personal de conducci\u00f3n, administrativo, preceptores y docentes con funciones administrativas 11 de febrero: Presentaci\u00f3n del personal docente 11 de febrero: Primer encuentro institucional nivel inicial y primario 11 de febrero: Presentaci\u00f3n de residentes de carreras docentes en las escuelas asociadas nieles primario y [&hellip;]<\/p>\n","protected":false},"author":3,"featured_media":52606,"comment_status":"open","ping_status":"open","sticky":false,"template":"","format":"standard","meta":{"footnotes":""},"categories":[7,11],"tags":[],"class_list":["post-52605","post","type-post","status-publish","format-standard","has-post-thumbnail","hentry","category-nacionales","category-sociedad"],"_links":{"self":[{"href":"http:\/\/informateesquina.com\/index.php?rest_route=\/wp\/v2\/posts\/52605","targetHints":{"allow":["GET"]}}],"collection":[{"href":"http:\/\/informateesquina.com\/index.php?rest_route=\/wp\/v2\/posts"}],"about":[{"href":"http:\/\/informateesquina.com\/index.php?rest_route=\/wp\/v2\/types\/post"}],"author":[{"embeddable":true,"href":"http:\/\/informateesquina.com\/index.php?rest_route=\/wp\/v2\/users\/3"}],"replies":[{"embeddable":true,"href":"http:\/\/informateesquina.com\/index.php?rest_route=%2Fwp%2Fv2%2Fcomments&post=52605"}],"version-history":[{"count":0,"href":"http:\/\/informateesquina.com\/index.php?rest_route=\/wp\/v2\/posts\/52605\/revisions"}],"wp:featuredmedia":[{"embeddable":true,"href":"http:\/\/informateesquina.com\/index.php?rest_route=\/wp\/v2\/media\/52606"}],"wp:attachment":[{"href":"http:\/\/informateesquina.com\/index.php?rest_route=%2Fwp%2Fv2%2Fmedia&parent=52605"}],"wp:term":[{"taxonomy":"category","embeddable":true,"href":"http:\/\/informateesquina.com\/index.php?rest_route=%2Fwp%2Fv2%2Fcategories&post=52605"},{"taxonomy":"post_tag","embeddable":true,"href":"http:\/\/informateesquina.com\/index.php?rest_route=%2Fwp%2Fv2%2Ftags&post=52605"}],"curies":[{"name":"wp","href":"https:\/\/api.w.org\/{rel}","templated":true}]}}