{"id":52614,"date":"2022-02-02T18:57:32","date_gmt":"2022-02-02T21:57:32","guid":{"rendered":"https:\/\/informateesquina.com\/?p=52614"},"modified":"2022-02-02T18:57:46","modified_gmt":"2022-02-02T21:57:46","slug":"prefectura-secuestro-mas-de-400-kilos-de-marihuana-en-paso-de-la-patria","status":"publish","type":"post","link":"http:\/\/informateesquina.com\/?p=52614","title":{"rendered":"Prefectura secuestr\u00f3 m\u00e1s de 400 kilos de marihuana en Paso de la Patria"},"content":{"rendered":"<div>\n<p class=\"copete\">El procedimiento comenz\u00f3 cuando personal de la Fuerza, que custodiaba la zona fronteriza, observ\u00f3 movimiento de personas cerca de la costa, a la altura del kil\u00f3metro 1.267 del r\u00edo Paran\u00e1, por lo que inmediatamente se dirigieron al lugar.<\/p>\n<\/div>\n<div class=\"cuerpo\">\n<p>Tras realizar un rastrillaje por la zona, Prefectura hall\u00f3, abandonadas en proximidades de la ruta provincial N\u00b01, 24 bolsas de arpillera y una mochila que en su interior conten\u00edan 400 panes de marihuana.<\/p>\n<p>La droga secuestrada tiene un valor que supera los 58.700.000 pesos.<\/p>\n<p>Interviene en el hecho el Juzgado Federal de Primera Instancia N\u00ba 1 de la ciudad de Corrientes, a cargo del Dr. Gustavo Del Coraz\u00f3n De Jes\u00fas Fresneda, Secretar\u00eda Penal N\u00ba 6 de la Dra. \u00c9rica Griselda Knaesel.<\/p>\n<\/div>\n","protected":false},"excerpt":{"rendered":"<p>El procedimiento comenz\u00f3 cuando personal de la Fuerza, que custodiaba la zona fronteriza, observ\u00f3 movimiento de personas cerca de la costa, a la altura del kil\u00f3metro 1.267 del r\u00edo Paran\u00e1, por lo que inmediatamente se dirigieron al lugar. Tras realizar un rastrillaje por la zona, Prefectura hall\u00f3, abandonadas en proximidades de la ruta provincial N\u00b01, [&hellip;]<\/p>\n","protected":false},"author":3,"featured_media":52615,"comment_status":"open","ping_status":"open","sticky":false,"template":"","format":"standard","meta":{"footnotes":""},"categories":[8,10],"tags":[],"class_list":["post-52614","post","type-post","status-publish","format-standard","has-post-thumbnail","hentry","category-policiales","category-provinciales"],"_links":{"self":[{"href":"http:\/\/informateesquina.com\/index.php?rest_route=\/wp\/v2\/posts\/52614","targetHints":{"allow":["GET"]}}],"collection":[{"href":"http:\/\/informateesquina.com\/index.php?rest_route=\/wp\/v2\/posts"}],"about":[{"href":"http:\/\/informateesquina.com\/index.php?rest_route=\/wp\/v2\/types\/post"}],"author":[{"embeddable":true,"href":"http:\/\/informateesquina.com\/index.php?rest_route=\/wp\/v2\/users\/3"}],"replies":[{"embeddable":true,"href":"http:\/\/informateesquina.com\/index.php?rest_route=%2Fwp%2Fv2%2Fcomments&post=52614"}],"version-history":[{"count":0,"href":"http:\/\/informateesquina.com\/index.php?rest_route=\/wp\/v2\/posts\/52614\/revisions"}],"wp:featuredmedia":[{"embeddable":true,"href":"http:\/\/informateesquina.com\/index.php?rest_route=\/wp\/v2\/media\/52615"}],"wp:attachment":[{"href":"http:\/\/informateesquina.com\/index.php?rest_route=%2Fwp%2Fv2%2Fmedia&parent=52614"}],"wp:term":[{"taxonomy":"category","embeddable":true,"href":"http:\/\/informateesquina.com\/index.php?rest_route=%2Fwp%2Fv2%2Fcategories&post=52614"},{"taxonomy":"post_tag","embeddable":true,"href":"http:\/\/informateesquina.com\/index.php?rest_route=%2Fwp%2Fv2%2Ftags&post=52614"}],"curies":[{"name":"wp","href":"https:\/\/api.w.org\/{rel}","templated":true}]}}