{"id":52617,"date":"2022-02-02T19:02:56","date_gmt":"2022-02-02T22:02:56","guid":{"rendered":"https:\/\/informateesquina.com\/?p=52617"},"modified":"2022-02-02T19:04:05","modified_gmt":"2022-02-02T22:04:05","slug":"crimen-de-lucio-dupuy-la-mama-y-su-pareja-estan-presas-con-otras-acusadas-de-asesinar-a-sus-hijos","status":"publish","type":"post","link":"http:\/\/informateesquina.com\/?p=52617","title":{"rendered":"Crimen de Lucio Dupuy: la mam\u00e1 y su pareja est\u00e1n presas con otras acusadas de asesinar a sus hijos"},"content":{"rendered":"<p>La madre de Lucio Dupuy, Magdalena Esp\u00f3sito, y su pareja, Abril P\u00e1ez, que est\u00e1n detenidas acusadas de violar y asesinar al nene de 5 a\u00f1os, comparten sus d\u00edas en la c\u00e1rcel con otras presas tambi\u00e9n culpadas de matar a sus hijos. Todav\u00eda no reconocen el homicidio y culpan al pap\u00e1 de Lucio por lo que pas\u00f3.<\/p>\n<div class=\"cuerpo\">\n<p><a class=\"fotos-desarrollo unlink\" title=\"Crimen de Lucio Dupuy: la mam\u00e1 y su pareja est\u00e1n presas con otras acusadas de asesinar a sus hijos\" href=\"https:\/\/www.radiosudamericana.com\/notix\/multimedia\/imagenes\/fotos\/2022-02-02\/496299.jpg\"><img decoding=\"async\" class=\"img-responsive\" src=\"https:\/\/www.radiosudamericana.com\/notix\/multimedia\/imagenes\/fotos\/2022-02-02\/496299.jpg_nota.jpg\" \/><\/a><\/p>\n<p>Las psic\u00f3logas que las atienden en el Complejo Penitenciario N\u00b01 de San Luis notan que, a medida que van pasando los d\u00edas, es probable que ambas perciban que van a pasar el resto de sus vidas entre las rejas.<\/p>\n<p>Actualmente, comparten el\u00a0\u201cexpabell\u00f3n de madres\u201d\u00a0con otras internas. \u201cNo todas mataron a sus hijos. Hay una por ejemplo que est\u00e1 acusada de abusar sexualmente de su beb\u00e9 y de participar del asesinato que fue cometido por el padre de la criatura\u201d, expresaron fuentes carcelarias.<\/p>\n<p><a class=\"fotos-desarrollo unlink\" title=\"Crimen de Lucio Dupuy: la mam\u00e1 y su pareja est\u00e1n presas con otras acusadas de asesinar a sus hijos\" href=\"https:\/\/www.radiosudamericana.com\/notix\/multimedia\/imagenes\/fotos\/2022-02-02\/525741.png\"><img decoding=\"async\" class=\"img-responsive\" src=\"https:\/\/www.radiosudamericana.com\/notix\/multimedia\/imagenes\/fotos\/2022-02-02\/525741.png_nota.png\" \/><\/a><\/p>\n<p>Solo una de las acusadas del homicidio de Lucio recibe visitas. Es\u00a0Abigail, la novia de la madre del nene quien, desde que lleg\u00f3 al penal,\u00a0es visitada por su mam\u00e1. En cambio,\u00a0nadie fue a\u00fan al encuentro de\u00a0Magdalena.<\/p>\n<p>Por el momento, ambas permanecer\u00e1n en esa c\u00e1rcel de San Luis, ya que no hay previsto ning\u00fan traslado. El objetivo de las autoridades es insertarlas poco a poco con el resto de la poblaci\u00f3n, aunque no es tarea f\u00e1cil.<\/p>\n<p>&nbsp;<\/p>\n<p>Luego de la feria judicial, el juez N\u00e9stor Ralli orden\u00f3 una serie de\u00a0pericias psicol\u00f3gicas\u00a0a las acusadas, que estar\u00e1n a cargo de dos psiquiatras y dos psic\u00f3logos. Adem\u00e1s, realizar\u00e1n pruebas de ADN de varios elementos que fueron secuestrados en el departamento donde viv\u00edan las dos mujeres.<\/p>\n<p><a class=\"fotos-desarrollo unlink\" title=\"Crimen de Lucio Dupuy: la mam\u00e1 y su pareja est\u00e1n presas con otras acusadas de asesinar a sus hijos\" href=\"https:\/\/www.radiosudamericana.com\/notix\/multimedia\/imagenes\/fotos\/2022-02-02\/266947.jpeg\"><img decoding=\"async\" class=\"img-responsive\" src=\"https:\/\/www.radiosudamericana.com\/notix\/multimedia\/imagenes\/fotos\/2022-02-02\/266947.jpeg_nota.jpeg\" \/><\/a><\/p>\n<p><strong>El caso de Lucio Dupuy<\/strong><\/p>\n<p>El asesinato de Lucio, de 5 a\u00f1os, ocurri\u00f3 en\u00a0Santa Rosa\u00a0el pasado viernes 26 de noviembre. Tras su muerte, se determin\u00f3 mediante testimonios y la historia cl\u00ednica que sufr\u00eda maltratos en su casa desde hac\u00eda un largo tiempo.<\/p>\n<p><a class=\"fotos-desarrollo unlink\" title=\"Crimen de Lucio Dupuy: la mam\u00e1 y su pareja est\u00e1n presas con otras acusadas de asesinar a sus hijos\" href=\"https:\/\/www.radiosudamericana.com\/notix\/multimedia\/imagenes\/fotos\/2022-02-02\/704238.jpg\"><img decoding=\"async\" class=\"img-responsive\" src=\"https:\/\/www.radiosudamericana.com\/notix\/multimedia\/imagenes\/fotos\/2022-02-02\/704238.jpg_nota.jpg\" \/><\/a><\/p>\n<p>Seg\u00fan determin\u00f3 la autopsia, el cad\u00e1ver del nene ten\u00eda\u00a0mordeduras y quemaduras\u00a0de distinta data,\u00a0y un\u00a0golpe muy fuerte\u00a0que pudo haber sido una patada que le afect\u00f3\u00a0la cadera y una pierna.<\/p>\n<p>Por el hecho se encuentran acusadas y bajo prisi\u00f3n preventiva su mam\u00e1,\u00a0Magdalena Esp\u00f3sito (24), y su pareja, Abigail P\u00e1ez (27).<\/p>\n<\/div>\n","protected":false},"excerpt":{"rendered":"<p>La madre de Lucio Dupuy, Magdalena Esp\u00f3sito, y su pareja, Abril P\u00e1ez, que est\u00e1n detenidas acusadas de violar y asesinar al nene de 5 a\u00f1os, comparten sus d\u00edas en la c\u00e1rcel con otras presas tambi\u00e9n culpadas de matar a sus hijos. Todav\u00eda no reconocen el homicidio y culpan al pap\u00e1 de Lucio por lo que [&hellip;]<\/p>\n","protected":false},"author":3,"featured_media":52618,"comment_status":"open","ping_status":"open","sticky":false,"template":"","format":"standard","meta":{"footnotes":""},"categories":[7,8,11],"tags":[],"class_list":["post-52617","post","type-post","status-publish","format-standard","has-post-thumbnail","hentry","category-nacionales","category-policiales","category-sociedad"],"_links":{"self":[{"href":"http:\/\/informateesquina.com\/index.php?rest_route=\/wp\/v2\/posts\/52617","targetHints":{"allow":["GET"]}}],"collection":[{"href":"http:\/\/informateesquina.com\/index.php?rest_route=\/wp\/v2\/posts"}],"about":[{"href":"http:\/\/informateesquina.com\/index.php?rest_route=\/wp\/v2\/types\/post"}],"author":[{"embeddable":true,"href":"http:\/\/informateesquina.com\/index.php?rest_route=\/wp\/v2\/users\/3"}],"replies":[{"embeddable":true,"href":"http:\/\/informateesquina.com\/index.php?rest_route=%2Fwp%2Fv2%2Fcomments&post=52617"}],"version-history":[{"count":0,"href":"http:\/\/informateesquina.com\/index.php?rest_route=\/wp\/v2\/posts\/52617\/revisions"}],"wp:featuredmedia":[{"embeddable":true,"href":"http:\/\/informateesquina.com\/index.php?rest_route=\/wp\/v2\/media\/52618"}],"wp:attachment":[{"href":"http:\/\/informateesquina.com\/index.php?rest_route=%2Fwp%2Fv2%2Fmedia&parent=52617"}],"wp:term":[{"taxonomy":"category","embeddable":true,"href":"http:\/\/informateesquina.com\/index.php?rest_route=%2Fwp%2Fv2%2Fcategories&post=52617"},{"taxonomy":"post_tag","embeddable":true,"href":"http:\/\/informateesquina.com\/index.php?rest_route=%2Fwp%2Fv2%2Ftags&post=52617"}],"curies":[{"name":"wp","href":"https:\/\/api.w.org\/{rel}","templated":true}]}}