{"id":54501,"date":"2022-06-08T19:30:50","date_gmt":"2022-06-08T22:30:50","guid":{"rendered":"https:\/\/informateesquina.com\/?p=54501"},"modified":"2022-06-08T19:35:18","modified_gmt":"2022-06-08T22:35:18","slug":"virasoro-profesor-de-educacion-fisica-de-la-escuela-normal-denunciado-por-abuso","status":"publish","type":"post","link":"http:\/\/informateesquina.com\/?p=54501","title":{"rendered":"Virasoro: Profesor de educaci\u00f3n f\u00edsica de la escuela normal denunciado por abuso"},"content":{"rendered":"<div class=\"tituloVerNoticia\"><\/div>\n<div>\n<div class=\"fb-like fb_iframe_widget\" data-href=\"http:\/\/www.redvirasoro.com\/inicio\/noticia\/7453.html\" data-layout=\"standard\" data-action=\"like\" data-show-faces=\"true\" data-share=\"true\">El d\u00eda lunes 06 de Junio se radic\u00f3 una denuncia en la Comisar\u00eda primera de esta ciudad por parte de varios tutores de ni\u00f1os menores, quienes cursan el segundo grado del nivel primario de la Escuela Normal Paula Albarracin de Sarmiento, siendo la misma es en contra de un profesor de Educaci\u00f3n F\u00edsica de esa casa de estudios, la caratula de la denuncia radicada se transcribe en: \u201cAbuso sexual simple agravado por el v\u00ednculo\u201d<\/div>\n<\/div>\n<div class=\"fotoVerNoticia\"><img decoding=\"async\" src=\"http:\/\/www.redvirasoro.com\/img\/noticias\/FB_IMG_1587148407653.jpg\" alt=\"Imagen Noticia\" \/><\/div>\n<div class=\"bajadaVerNoticia\"><\/div>\n<div class=\"cuerpoVerNoticia\">\n<p>La causa se inicia, luego de que una de las menores entre llantos relata los hechos a su madre, contando las vejaciones a las que el profesor las somete, a modo de \u201cjuego\u201d, que seg\u00fan el mismo implicado les dice a las nenas, la madre desesperada por todo lo que su hija narra, habla con las otras madres de compa\u00f1eritas de su hija y estas comienzan a indagar a las peque\u00f1as, quienes coinciden en los relatos acerca de los \u201cjuegos\u201d y \u201ctoqueteos\u201d a las que el profesor las somete.<\/p>\n<p>Sobre la denuncia radicada por los padres, el Juzgado local ya tom\u00f3 conocimiento del asunto y se dar\u00e1 curso a una exhaustiva investigaci\u00f3n, que incluye la toma de declaraciones en C\u00e1mara Gessel a las ni\u00f1as abusadas, Cabe se\u00f1alar que de todos modos se siguen sumando testimonios sobre lo mismo por parte de otros ni\u00f1os de la misma escuela.<\/p>\n<p>Los tutores indignados con lo sucedido, est\u00e1n dispuestos a llegar hasta las \u00faltimas instancias para que se haga justicia, y piden a la escuela que aparten del cargo al profesor en cuesti\u00f3n, ya que la semana entrante el acusado volver\u00eda a dictar sus clases habituales con los ni\u00f1os de los primeros niveles.<\/p>\n<p>Seg\u00fan lo expuesto por el Regente de la Escuela Jorge Doreto, ya fueron puestos en conocimiento de los hechos, los integrantes de la Direcci\u00f3n de Servicios Educativos de Prevenci\u00f3n y Apoyo (DISEPA) pero que no les han dado ninguna directiva sobre el caso, por lo que dicho profesor podr\u00eda\u00a0 reintegrarse a su puesto en la pr\u00f3xima semana.<\/p>\n<p>Siendo as\u00ed, y a pesar de la gravedad de lo sucedido, tanto la Escuela Normal, como el mismo Ministerio de Educaci\u00f3n no estar\u00edan brindado garant\u00edas a los padres, ni tampoco estar\u00edan resguardando la integridad de sus alumnos.<\/p>\n<\/div>\n","protected":false},"excerpt":{"rendered":"<p>El d\u00eda lunes 06 de Junio se radic\u00f3 una denuncia en la Comisar\u00eda primera de esta ciudad por parte de varios tutores de ni\u00f1os menores, quienes cursan el segundo grado del nivel primario de la Escuela Normal Paula Albarracin de Sarmiento, siendo la misma es en contra de un profesor de Educaci\u00f3n F\u00edsica de esa [&hellip;]<\/p>\n","protected":false},"author":3,"featured_media":54502,"comment_status":"open","ping_status":"open","sticky":false,"template":"","format":"standard","meta":{"footnotes":""},"categories":[8,11],"tags":[],"class_list":["post-54501","post","type-post","status-publish","format-standard","has-post-thumbnail","hentry","category-policiales","category-sociedad"],"_links":{"self":[{"href":"http:\/\/informateesquina.com\/index.php?rest_route=\/wp\/v2\/posts\/54501","targetHints":{"allow":["GET"]}}],"collection":[{"href":"http:\/\/informateesquina.com\/index.php?rest_route=\/wp\/v2\/posts"}],"about":[{"href":"http:\/\/informateesquina.com\/index.php?rest_route=\/wp\/v2\/types\/post"}],"author":[{"embeddable":true,"href":"http:\/\/informateesquina.com\/index.php?rest_route=\/wp\/v2\/users\/3"}],"replies":[{"embeddable":true,"href":"http:\/\/informateesquina.com\/index.php?rest_route=%2Fwp%2Fv2%2Fcomments&post=54501"}],"version-history":[{"count":0,"href":"http:\/\/informateesquina.com\/index.php?rest_route=\/wp\/v2\/posts\/54501\/revisions"}],"wp:featuredmedia":[{"embeddable":true,"href":"http:\/\/informateesquina.com\/index.php?rest_route=\/wp\/v2\/media\/54502"}],"wp:attachment":[{"href":"http:\/\/informateesquina.com\/index.php?rest_route=%2Fwp%2Fv2%2Fmedia&parent=54501"}],"wp:term":[{"taxonomy":"category","embeddable":true,"href":"http:\/\/informateesquina.com\/index.php?rest_route=%2Fwp%2Fv2%2Fcategories&post=54501"},{"taxonomy":"post_tag","embeddable":true,"href":"http:\/\/informateesquina.com\/index.php?rest_route=%2Fwp%2Fv2%2Ftags&post=54501"}],"curies":[{"name":"wp","href":"https:\/\/api.w.org\/{rel}","templated":true}]}}