{"id":54505,"date":"2022-06-08T19:53:14","date_gmt":"2022-06-08T22:53:14","guid":{"rendered":"https:\/\/informateesquina.com\/?p=54505"},"modified":"2022-06-08T19:56:08","modified_gmt":"2022-06-08T22:56:08","slug":"un-hombre-quiso-abusar-de-ella-se-defendio-y-le-despedazo-la-lengua","status":"publish","type":"post","link":"http:\/\/informateesquina.com\/?p=54505","title":{"rendered":"Un hombre quiso abusar de ella, se defendi\u00f3 y le despedaz\u00f3 la lengua"},"content":{"rendered":"<div class=\"fotos-y-videos\">\n<p><strong>Una\u00a0adolescente\u00a0de Santiago del Estero, que se desempe\u00f1a como empleada de comercio, el\u00a026 de abril\u00a0mientras estaba terminando de trabajar fue\u00a0v\u00edctima de abuso sexual\u00a0por un desconocido<\/strong>. En medio del episodio,\u00a0<strong>pudo\u00a0arrancarle un pedazo de lengua\u00a0al agresor\u00a0mientras este la besaba<\/strong>.<\/p>\n<p>Si bien ocurri\u00f3 hace tiempo, este hecho cobr\u00f3 trascendencia el\u00a0lunes 6\u00a0cuando el\u00a0fiscal Mart\u00edn Silva pidi\u00f3 prisi\u00f3n preventiva para el acusado. El ataque habr\u00eda sucedido en\u00a0Quimil\u00ed, pasadas las 22:00 horas en un local del centro de la ciudad.<\/p>\n<div class=\"tab-content\">\n<div id=\"fotos\" class=\"tab-pane fade in active\" role=\"tabpanel\"><a class=\"fotos-desarrollo unlink\" title=\"Un hombre quiso abusar de ella, se defendi\u00f3 y le despedaz\u00f3 la lengua\" href=\"https:\/\/www.radiosudamericana.com\/notix\/multimedia\/imagenes\/fotos\/2022-06-08\/985254.jpg\"><img loading=\"lazy\" decoding=\"async\" class=\"img-responsive lazyload center-block\" src=\"https:\/\/www.radiosudamericana.com\/notix\/multimedia\/imagenes\/fotos\/2022-06-08\/985254.jpg_nota.jpg\" alt=\"Un hombre quiso abusar de ella, se defendi\u00f3 y le despedaz\u00f3 la lengua\" width=\"700\" height=\"392\" \/><\/a><\/div>\n<\/div>\n<\/div>\n<p>Mientras la v\u00edctima cerraba el lugar y apagaba las luces, <strong>un\u00a0sujeto encapuchado y con gorra\u00a0apareci\u00f3 y le insisti\u00f3 para que ella le venda unas zapatillas<\/strong>, con la excusa de que las necesitaba pues al d\u00eda siguiente viajar\u00eda.<\/p>\n<div class=\"cuerpo\">\n<p>Luego de un rato la joven accedi\u00f3, pero mientras intentaba atenderlo el agresor la empuj\u00f3 y tom\u00f3 el control de la zapater\u00eda. Le dio algunas cachetadas y\u00a0la arrastr\u00f3 a un sector alejado de las ventas.<\/p>\n<p>Una vez all\u00ed, seg\u00fan denunci\u00f3 la adolescente,\u00a0<strong>comenz\u00f3 a tocarla sin su consentimiento\u00a0y luego la bes\u00f3<\/strong>. De esta forma,\u00a0<strong>entre el miedo y la desesperaci\u00f3n, la chica\u00a0le mordi\u00f3 la lengua y con mucha fuerza le arranc\u00f3 un pedazo<\/strong>.<\/p>\n<p><a class=\"fotos-desarrollo unlink\" title=\"Un hombre quiso abusar de ella, se defendi\u00f3 y le despedaz\u00f3 la lengua\" href=\"https:\/\/www.radiosudamericana.com\/notix\/multimedia\/imagenes\/fotos\/2022-06-08\/706019.jpg\"><img decoding=\"async\" class=\"img-responsive\" src=\"https:\/\/www.radiosudamericana.com\/notix\/multimedia\/imagenes\/fotos\/2022-06-08\/706019.jpg_nota.jpg\" \/><\/a><\/p>\n<p>Si bien durante unos segundos el dolor lo invadi\u00f3 por completo y se detuvo, despu\u00e9s pudo recuperar el control de la situaci\u00f3n.\u00a0<strong>Perdiendo mucha sangre, la llev\u00f3 hasta la caja y\u00a0le orden\u00f3 que le d\u00e9 toda la plata\u00a0que hab\u00eda recaudado<\/strong>.<\/p>\n<p>Lejos de hacerle caso, lo volvi\u00f3 a enfrentar. El hombre entonces opt\u00f3 por\u00a0sacarle el celular\u00a0a la mujer y huir del comercio.\u00a0<strong>La v\u00edctima qued\u00f3 all\u00ed paralizada y asqueada, con la boca y ropa llena de sangre del delincuente<\/strong>.<\/p>\n<p>Un particular vio al sujeto todo lastimado salir corriendo con un celular en mano y se contact\u00f3 con la polic\u00eda. Los uniformados del\u00a0Departamento 12\u00a0arribaron con el personal de la\u00a0Divisi\u00f3n Robos y Hurtos.<\/p>\n<p>Una vez all\u00ed le tomaron testimonio a la joven y sacaron fotos de la escena del crimen. Asimismo,\u00a0<strong>encontraron el pedazo de lengua y tambi\u00e9n lo secuestraron<\/strong>.<\/p>\n<p>En menos de diez horas, la identidad del atacante ya hab\u00eda sido averiguada por los agentes. El 27 de abril se presentaron en una vivienda, presuntamente del asaltante, y\u00a0recuperaron el tel\u00e9fono\u00a0de la v\u00edctima.<\/p>\n<p>Ese mismo d\u00eda, un vocero del\u00a0Hospital Zonal de Quimil\u00ed\u00a0alert\u00f3 a la polic\u00eda que\u00a0<strong>en el centro de salud se estaba\u00a0atendiendo un sujeto con una extra\u00f1a lesi\u00f3n en su lengua<\/strong>. Una vez curada la herida, llegaron las autoridades y lo detuvieron.<\/p>\n<p><em>Fuente: V\u00eda Pa\u00eds.<\/em><\/p>\n<\/div>\n","protected":false},"excerpt":{"rendered":"<p>Una\u00a0adolescente\u00a0de Santiago del Estero, que se desempe\u00f1a como empleada de comercio, el\u00a026 de abril\u00a0mientras estaba terminando de trabajar fue\u00a0v\u00edctima de abuso sexual\u00a0por un desconocido. En medio del episodio,\u00a0pudo\u00a0arrancarle un pedazo de lengua\u00a0al agresor\u00a0mientras este la besaba. Si bien ocurri\u00f3 hace tiempo, este hecho cobr\u00f3 trascendencia el\u00a0lunes 6\u00a0cuando el\u00a0fiscal Mart\u00edn Silva pidi\u00f3 prisi\u00f3n preventiva para el [&hellip;]<\/p>\n","protected":false},"author":3,"featured_media":54058,"comment_status":"open","ping_status":"open","sticky":false,"template":"","format":"standard","meta":{"footnotes":""},"categories":[8,11],"tags":[],"class_list":["post-54505","post","type-post","status-publish","format-standard","has-post-thumbnail","hentry","category-policiales","category-sociedad"],"_links":{"self":[{"href":"http:\/\/informateesquina.com\/index.php?rest_route=\/wp\/v2\/posts\/54505","targetHints":{"allow":["GET"]}}],"collection":[{"href":"http:\/\/informateesquina.com\/index.php?rest_route=\/wp\/v2\/posts"}],"about":[{"href":"http:\/\/informateesquina.com\/index.php?rest_route=\/wp\/v2\/types\/post"}],"author":[{"embeddable":true,"href":"http:\/\/informateesquina.com\/index.php?rest_route=\/wp\/v2\/users\/3"}],"replies":[{"embeddable":true,"href":"http:\/\/informateesquina.com\/index.php?rest_route=%2Fwp%2Fv2%2Fcomments&post=54505"}],"version-history":[{"count":0,"href":"http:\/\/informateesquina.com\/index.php?rest_route=\/wp\/v2\/posts\/54505\/revisions"}],"wp:featuredmedia":[{"embeddable":true,"href":"http:\/\/informateesquina.com\/index.php?rest_route=\/wp\/v2\/media\/54058"}],"wp:attachment":[{"href":"http:\/\/informateesquina.com\/index.php?rest_route=%2Fwp%2Fv2%2Fmedia&parent=54505"}],"wp:term":[{"taxonomy":"category","embeddable":true,"href":"http:\/\/informateesquina.com\/index.php?rest_route=%2Fwp%2Fv2%2Fcategories&post=54505"},{"taxonomy":"post_tag","embeddable":true,"href":"http:\/\/informateesquina.com\/index.php?rest_route=%2Fwp%2Fv2%2Ftags&post=54505"}],"curies":[{"name":"wp","href":"https:\/\/api.w.org\/{rel}","templated":true}]}}