{"id":54507,"date":"2022-06-08T20:41:28","date_gmt":"2022-06-08T23:41:28","guid":{"rendered":"https:\/\/informateesquina.com\/?p=54507"},"modified":"2022-06-08T20:41:28","modified_gmt":"2022-06-08T23:41:28","slug":"conmovedor-relato-del-abuelo-del-bebe-abandonado-en-corrientes-fue-un-error-pero-junto-a-mi-hija-lo-haremos-muy-feliz","status":"publish","type":"post","link":"http:\/\/informateesquina.com\/?p=54507","title":{"rendered":"Conmovedor relato del abuelo del beb\u00e9 abandonado en Corrientes: &#8220;Fue un error, pero junto a mi hija lo haremos muy feliz&#8221;"},"content":{"rendered":"<section class=\"body\">\n<section class=\"content\">\n<figure class=\"big-column\">Jos\u00e9, padre de la joven que abandon\u00f3 a una beba en el Hospital Pedi\u00e1trico, habl\u00f3 con Radio Dos, y cont\u00f3 su versi\u00f3n de la historia. &#8220;Mi hija me dijo pap\u00e1 comet\u00ed un error grande, yo te tuve miedo a vos, si yo quer\u00eda abandonar a mi hijo lo dejaba en un caj\u00f3n, yo quiero recuperar mi beb\u00e9&#8221;.<\/figure>\n<div class=\"main-text\">\n<p>Jos\u00e9 cont\u00f3: &#8220;ella tuvo un embarazo que yo no me di cuenta, ella me dijo que se operaba de un quiste, el s\u00e1bado me dijo que estaba bien, que solo le baj\u00f3 la presi\u00f3n, y a la noche ese d\u00eda llega la polic\u00eda a m\u00ed casa, me dicen lo que pas\u00f3, yo no pod\u00eda creer, me fui a la Comisar\u00eda y le dije que me iba a hacer cargo del beb\u00e9&#8221;.<\/p>\n<p>A su vez, el padre de la joven, describi\u00f3: &#8220;despu\u00e9s me present\u00e9 con mi hija en la Comisar\u00eda de la Mujer y el Menor, le aclar\u00e9 despu\u00e9s al Fiscal lo que pas\u00f3, y mi hija me dijo pap\u00e1 comet\u00ed un error grande, yo te tuve miedo a vos, si yo quer\u00eda abandonar a mi hijo lo dejaba en un caj\u00f3n, yo quiero recuperar mi beb\u00e9&#8221;.<\/p>\n<blockquote><p>Quiero recuperar a mi hija y mi nieto, nada m\u00e1s<\/p><\/blockquote>\n<p>Asimismo, Jos\u00e9 coment\u00f3: &#8220;ella est\u00e1 internada en el Hospital Llano, cada tres horas le da de mamar al nene&#8221;. \u00a0 \u00a0 Al mismo tiempo, mencion\u00f3: &#8220;la madre de mi hija falleci\u00f3, y yo estoy solo con ella, ahora voy a poder disfrutar con mi nieto y mi hija&#8221;. Y agreg\u00f3: &#8220;tengo que hablar con la asistente social todav\u00eda, no le pude ver al beb\u00e9&#8221;.<\/p>\n<\/div>\n<\/section>\n<\/section>\n","protected":false},"excerpt":{"rendered":"<p>Jos\u00e9, padre de la joven que abandon\u00f3 a una beba en el Hospital Pedi\u00e1trico, habl\u00f3 con Radio Dos, y cont\u00f3 su versi\u00f3n de la historia. &#8220;Mi hija me dijo pap\u00e1 comet\u00ed un error grande, yo te tuve miedo a vos, si yo quer\u00eda abandonar a mi hijo lo dejaba en un caj\u00f3n, yo quiero recuperar [&hellip;]<\/p>\n","protected":false},"author":3,"featured_media":54508,"comment_status":"open","ping_status":"open","sticky":false,"template":"","format":"standard","meta":{"footnotes":""},"categories":[8,10,11],"tags":[],"class_list":["post-54507","post","type-post","status-publish","format-standard","has-post-thumbnail","hentry","category-policiales","category-provinciales","category-sociedad"],"_links":{"self":[{"href":"http:\/\/informateesquina.com\/index.php?rest_route=\/wp\/v2\/posts\/54507","targetHints":{"allow":["GET"]}}],"collection":[{"href":"http:\/\/informateesquina.com\/index.php?rest_route=\/wp\/v2\/posts"}],"about":[{"href":"http:\/\/informateesquina.com\/index.php?rest_route=\/wp\/v2\/types\/post"}],"author":[{"embeddable":true,"href":"http:\/\/informateesquina.com\/index.php?rest_route=\/wp\/v2\/users\/3"}],"replies":[{"embeddable":true,"href":"http:\/\/informateesquina.com\/index.php?rest_route=%2Fwp%2Fv2%2Fcomments&post=54507"}],"version-history":[{"count":0,"href":"http:\/\/informateesquina.com\/index.php?rest_route=\/wp\/v2\/posts\/54507\/revisions"}],"wp:featuredmedia":[{"embeddable":true,"href":"http:\/\/informateesquina.com\/index.php?rest_route=\/wp\/v2\/media\/54508"}],"wp:attachment":[{"href":"http:\/\/informateesquina.com\/index.php?rest_route=%2Fwp%2Fv2%2Fmedia&parent=54507"}],"wp:term":[{"taxonomy":"category","embeddable":true,"href":"http:\/\/informateesquina.com\/index.php?rest_route=%2Fwp%2Fv2%2Fcategories&post=54507"},{"taxonomy":"post_tag","embeddable":true,"href":"http:\/\/informateesquina.com\/index.php?rest_route=%2Fwp%2Fv2%2Ftags&post=54507"}],"curies":[{"name":"wp","href":"https:\/\/api.w.org\/{rel}","templated":true}]}}