{"id":54511,"date":"2022-06-08T21:33:00","date_gmt":"2022-06-09T00:33:00","guid":{"rendered":"https:\/\/informateesquina.com\/?p=54511"},"modified":"2022-06-08T21:33:00","modified_gmt":"2022-06-09T00:33:00","slug":"el-viaje-sonado-que-termino-en-tragedia-las-victimas-del-alud-de-bariloche-habian-ganado-la-loteria","status":"publish","type":"post","link":"http:\/\/informateesquina.com\/?p=54511","title":{"rendered":"El viaje so\u00f1ado que termin\u00f3 en tragedia: las v\u00edctimas del alud de Bariloche hab\u00edan ganado la loter\u00eda"},"content":{"rendered":"<div class=\"content-article-title\">\n<div class=\"wrapper-layout flex center-content center_story max-width\">\n<div class=\"col-content\">\n<p class=\"paragraph\">Con el hallazgo de este mi\u00e9rcoles de\u00a0<b>los cuerpos de los dos turistas\u00a0<\/b>que estaban desaparecidos tras el\u00a0<b>alud en\u00a0<\/b><b>Bariloche<\/b>, se confirm\u00f3 que son 3 las v\u00edctimas fatales\u00a0<b>que dej\u00f3 la tragedia.<\/b><\/p>\n<p class=\"paragraph\">La pareja encontrada entre este martes y mi\u00e9rcoles era de\u00a0<b>Uruguay\u00a0<\/b>y realizaba un viaje familiar como parte de varios que hab\u00edan organizado\u00a0<b>tras haber ganado la loter\u00eda.<\/b><\/p>\n<p class=\"paragraph\">\n<\/div>\n<\/div>\n<\/div>\n<div class=\"wrapper-layout flex center-content center_story max-width\">\n<div class=\"col-content\"><main class=\"col-content\"><\/p>\n<div class=\"article__header article__story article__article\">\n<div class=\"article__head\">\n<div class=\"article__lead-art article__lead-art-photo flex flex_column\">\n<figure class=\"\">\n<div class=\"aspect_ratio__container\"><picture class=\"responsive-image\"><source srcset=\"https:\/\/tn.com.ar\/resizer\/IYKHCeAWUHT05L_rp2cMO_eNpzw=\/767x0\/smart\/cloudfront-us-east-1.images.arcpublishing.com\/artear\/SGFXQCPSNRGCTOQC4TYVFG5YYE.JPG\" type=\"image\/jpg\" media=\"(max-width: 728px)\" \/><source srcset=\"https:\/\/tn.com.ar\/resizer\/irYpdNZY87BMr7ChdrfdEKtaim0=\/1023x0\/smart\/cloudfront-us-east-1.images.arcpublishing.com\/artear\/SGFXQCPSNRGCTOQC4TYVFG5YYE.JPG\" type=\"image\/jpg\" media=\"(max-width: 1023px)\" \/><source srcset=\"https:\/\/tn.com.ar\/resizer\/uc1IUdqjJATKv6LfzUPk-0XH9WE=\/1440x0\/smart\/cloudfront-us-east-1.images.arcpublishing.com\/artear\/SGFXQCPSNRGCTOQC4TYVFG5YYE.JPG\" type=\"image\/jpg\" \/><img decoding=\"async\" class=\"width_full height_full article__lead-art-photo image_placeholder\" src=\"https:\/\/tn.com.ar\/resizer\/IYKHCeAWUHT05L_rp2cMO_eNpzw=\/767x0\/smart\/cloudfront-us-east-1.images.arcpublishing.com\/artear\/SGFXQCPSNRGCTOQC4TYVFG5YYE.JPG\" alt=\"Gerardo Casella y su esposa Alba Gonz\u00e1lez Giovanelli -de espaldas- en un video que film\u00f3 V\u00edctor, hermano de Alba en San Mart\u00edn de los Andes, donde hab\u00edan arrancado sus vacaciones. (Foto: Captura Facebook)\" \/><\/picture><\/div><figcaption class=\"flex flex_column caption_image\">Gerardo Casella y su esposa Alba Gonz\u00e1lez Giovanelli -de espaldas- en un video que film\u00f3 V\u00edctor, hermano de Alba en San Mart\u00edn de los Andes, donde hab\u00edan arrancado sus vacaciones. (Foto: Captura Facebook)<\/figcaption><\/figure>\n<\/div>\n<\/div>\n<div class=\"flex align_items_center horizontal-share relative\"><\/div>\n<\/div>\n<div class=\"default-article-color article__body article__article\">\n<h2 class=\"font--primary\">La historia de las v\u00edctimas fatales del alud en Bariloche<\/h2>\n<p class=\"paragraph\"><b>Gerardo Casella\u00a0<\/b>(67) un exgerente del\u00a0<b>Banco Hipotecario<\/b>\u00a0de la ciudad de Florida, al norte de Montevideo, y su esposa, hab\u00edan suspendido este viaje al sur de la Argentina por la pandemia.<\/p>\n<p class=\"paragraph\">En 2020, Casella hab\u00eda comprado\u00a0<b>billete entero del \u201cGordo de Fin de A\u00f1o\u201d y acert\u00f3 el primer premio<\/b>. \u201cSac\u00f3 alrededor de\u00a0<b>US$4,5 millones.<\/b>\u00a0Lo invirti\u00f3 todo en casas. Segu\u00eda viviendo igual. Una persona que se daba con todo el mundo y le gustaba ir a los remates\u201d, relat\u00f3 un vecino al diario<i>\u00a0El Pa\u00eds.<\/i><\/p>\n<p class=\"paragraph\">\u201cGerardo y sus familiares son muy cercanos a la capilla San Cono.\u00a0<b>Muy devotos y personas queridas en la ciudad<\/b>\u201d, agreg\u00f3 un familiar al diario uruguayo.<\/p>\n<p class=\"paragraph\">Tras pasar lo peor de la pandemia,\u00a0<b>Casella\u00a0<\/b>y su esposa\u00a0<b>Alba Gonz\u00e1lez<\/b>\u00a0<b>Giovanelli<\/b>, comenzaron a pensar en el viaje al\u00a0<b>sur argentino,\u00a0<\/b>en familia.<\/p>\n<figure class=\"\">\n<div class=\"aspect_ratio__container\"><picture class=\"responsive-image\"><source srcset=\"https:\/\/tn.com.ar\/resizer\/6-GADjOV3lEM-qsbDxSgJ6xYrTE=\/767x0\/smart\/cloudfront-us-east-1.images.arcpublishing.com\/artear\/YFEXLAK6FJCSZCEAXAB23QRZWI.jpg\" type=\"image\/jpg\" media=\"(max-width: 728px)\" \/><source srcset=\"https:\/\/tn.com.ar\/resizer\/M100KlRL0xmNn1V4YgfuPFC35Dk=\/1023x0\/smart\/cloudfront-us-east-1.images.arcpublishing.com\/artear\/YFEXLAK6FJCSZCEAXAB23QRZWI.jpg\" type=\"image\/jpg\" media=\"(max-width: 1023px)\" \/><source srcset=\"https:\/\/tn.com.ar\/resizer\/pBgiSd4k2TCh9V40r-yLbjZIHl4=\/1440x0\/smart\/cloudfront-us-east-1.images.arcpublishing.com\/artear\/YFEXLAK6FJCSZCEAXAB23QRZWI.jpg\" type=\"image\/jpg\" \/><img decoding=\"async\" class=\"margin_bottom image flex flex_column image_placeholder\" src=\"https:\/\/tn.com.ar\/resizer\/6-GADjOV3lEM-qsbDxSgJ6xYrTE=\/767x0\/smart\/cloudfront-us-east-1.images.arcpublishing.com\/artear\/YFEXLAK6FJCSZCEAXAB23QRZWI.jpg\" alt=\"V\u00edctor Jes\u00fas Gonzalez Giovanelli. Hab\u00eda viajado con su mujer, su hermana Alba y su cu\u00f1ado Gerardo Casella. De los cuatro, solo sobrevivi\u00f3 su esposa. (Foto: Facebook)\" \/><\/picture><\/div><figcaption class=\"flex flex_column caption_image\">V\u00edctor Jes\u00fas Gonzalez Giovanelli. Hab\u00eda viajado con su mujer, su hermana Alba y su cu\u00f1ado Gerardo Casella. De los cuatro, solo sobrevivi\u00f3 su esposa. (Foto: Facebook)<\/figcaption><\/figure>\n<p class=\"paragraph\">Casella coordin\u00f3 la partida con su cu\u00f1ado<b>\u00a0V\u00edctor Gonz\u00e1lez Giovanelli<\/b>\u00a0(78) y su esposa\u00a0<b>Ana Mar\u00eda Marturet<\/b>, que viv\u00edan en\u00a0<b>Piri\u00e1polis.<\/b><\/p>\n<p class=\"paragraph\">Lo concretaron este mes y los alcanz\u00f3 la tragedia. El fin de semana Gonz\u00e1lez Giovanelli hab\u00eda publicado en su\u00a0<b>Facebook\u00a0<\/b>algunos videos en los que se ve\u00edan los picos nevados del\u00a0<b>Cerro Chapelco,\u00a0<\/b>en<b>\u00a0San Mart\u00edn de los Andes<\/b>. En uno de ellos se observa a su hermana y a la esposa de Casella.<\/p>\n<p class=\"paragraph\">En otro aparec\u00eda \u00e9l junto a un perro. \u201cUn amigo en San Mart\u00edn de los Andes\u201d, escribi\u00f3 junto a las im\u00e1genes.<\/p>\n<figure class=\"\">\n<div class=\"aspect_ratio__container\"><picture class=\"responsive-image\"><source srcset=\"https:\/\/tn.com.ar\/resizer\/2w-ejxd4jk-NcWsCOX_Tmud48J0=\/767x0\/smart\/cloudfront-us-east-1.images.arcpublishing.com\/artear\/P6E6SADJSNGBJOROCXHKXUYRRA.jpg\" type=\"image\/jpg\" media=\"(max-width: 728px)\" \/><source srcset=\"https:\/\/tn.com.ar\/resizer\/24QDZkBUjS0S7mOrr53OJlNckgE=\/1023x0\/smart\/cloudfront-us-east-1.images.arcpublishing.com\/artear\/P6E6SADJSNGBJOROCXHKXUYRRA.jpg\" type=\"image\/jpg\" media=\"(max-width: 1023px)\" \/><source srcset=\"https:\/\/tn.com.ar\/resizer\/8kcYHaZCD4rCv-18WkRHh-8EX2E=\/1440x0\/smart\/cloudfront-us-east-1.images.arcpublishing.com\/artear\/P6E6SADJSNGBJOROCXHKXUYRRA.jpg\" type=\"image\/jpg\" \/><img decoding=\"async\" class=\"margin_bottom image flex flex_column image_placeholder\" src=\"https:\/\/tn.com.ar\/resizer\/2w-ejxd4jk-NcWsCOX_Tmud48J0=\/767x0\/smart\/cloudfront-us-east-1.images.arcpublishing.com\/artear\/P6E6SADJSNGBJOROCXHKXUYRRA.jpg\" alt=\"As\u00ed qued\u00f3 el hotel de Bariloche tras el alud que azot\u00f3 a la ciudad. (Foto: Gentileza La Nueva Ma\u00f1ana)\" \/><\/picture><\/div><figcaption class=\"flex flex_column caption_image\">As\u00ed qued\u00f3 el hotel de Bariloche tras el alud que azot\u00f3 a la ciudad. (Foto: Gentileza La Nueva Ma\u00f1ana)<\/figcaption><\/figure>\n<p class=\"paragraph\">De acuerdo con la informaci\u00f3n de las autoridades, las parejas uruguayas estaban en las habitaciones 105 y 107, ubicadas en la parte trasera del complejo,\u00a0<b>que da hacia la ladera del Cerro Otto.<\/b><\/p>\n<p class=\"paragraph\">\n<p class=\"paragraph\">Cerca de las 18:20 del lunes, el\u00a0<b>alud de barro se desprendi\u00f3 del cerro<\/b>,\u00a0rompi\u00f3 los gaviones (mallas de hierro rellenas de piedras) e ingres\u00f3 a las habitaciones. La gigantesca masa de barro llen\u00f3 ambas habitaciones de piedras, ramas de \u00e1rboles y barro provoc\u00f3 la muerte de 3 de los turistas.<\/p>\n<p class=\"paragraph\">Solo sobrevivi\u00f3\u00a0<b>Marturet,\u00a0<\/b>que fue\u00a0<b>la \u00faltima en ser rescatada de los escombros.<\/b><\/p>\n<p><img loading=\"lazy\" decoding=\"async\" class=\"alignnone size-medium wp-image-54513\" src=\"https:\/\/informateesquina.com\/wp-content\/uploads\/2022\/06\/tragedia-bariloche-1368159-300x168.jpg\" alt=\"\" width=\"300\" height=\"168\" srcset=\"http:\/\/informateesquina.com\/wp-content\/uploads\/2022\/06\/tragedia-bariloche-1368159-300x168.jpg 300w, http:\/\/informateesquina.com\/wp-content\/uploads\/2022\/06\/tragedia-bariloche-1368159-768x431.jpg 768w, http:\/\/informateesquina.com\/wp-content\/uploads\/2022\/06\/tragedia-bariloche-1368159-750x421.jpg 750w, http:\/\/informateesquina.com\/wp-content\/uploads\/2022\/06\/tragedia-bariloche-1368159.jpg 900w\" sizes=\"auto, (max-width: 300px) 100vw, 300px\" \/> <img loading=\"lazy\" decoding=\"async\" class=\"alignnone size-medium wp-image-54514\" src=\"https:\/\/informateesquina.com\/wp-content\/uploads\/2022\/06\/alud-bariloche-rn-5-1000x600-1-300x180.jpg\" alt=\"\" width=\"300\" height=\"180\" srcset=\"http:\/\/informateesquina.com\/wp-content\/uploads\/2022\/06\/alud-bariloche-rn-5-1000x600-1-300x180.jpg 300w, http:\/\/informateesquina.com\/wp-content\/uploads\/2022\/06\/alud-bariloche-rn-5-1000x600-1-768x461.jpg 768w, http:\/\/informateesquina.com\/wp-content\/uploads\/2022\/06\/alud-bariloche-rn-5-1000x600-1-750x450.jpg 750w, http:\/\/informateesquina.com\/wp-content\/uploads\/2022\/06\/alud-bariloche-rn-5-1000x600-1.jpg 1000w\" sizes=\"auto, (max-width: 300px) 100vw, 300px\" \/> <img loading=\"lazy\" decoding=\"async\" class=\"alignnone size-medium wp-image-54515\" src=\"https:\/\/informateesquina.com\/wp-content\/uploads\/2022\/06\/P6E6SADJSNGBJOROCXHKXUYRRA-300x168.jpg\" alt=\"\" width=\"300\" height=\"168\" srcset=\"http:\/\/informateesquina.com\/wp-content\/uploads\/2022\/06\/P6E6SADJSNGBJOROCXHKXUYRRA-300x168.jpg 300w, http:\/\/informateesquina.com\/wp-content\/uploads\/2022\/06\/P6E6SADJSNGBJOROCXHKXUYRRA-750x420.jpg 750w, http:\/\/informateesquina.com\/wp-content\/uploads\/2022\/06\/P6E6SADJSNGBJOROCXHKXUYRRA.jpg 767w\" sizes=\"auto, (max-width: 300px) 100vw, 300px\" \/><\/p>\n<\/div>\n<p><\/main><\/div>\n<\/div>\n","protected":false},"excerpt":{"rendered":"<p>Con el hallazgo de este mi\u00e9rcoles de\u00a0los cuerpos de los dos turistas\u00a0que estaban desaparecidos tras el\u00a0alud en\u00a0Bariloche, se confirm\u00f3 que son 3 las v\u00edctimas fatales\u00a0que dej\u00f3 la tragedia. La pareja encontrada entre este martes y mi\u00e9rcoles era de\u00a0Uruguay\u00a0y realizaba un viaje familiar como parte de varios que hab\u00edan organizado\u00a0tras haber ganado la loter\u00eda. Gerardo Casella [&hellip;]<\/p>\n","protected":false},"author":3,"featured_media":54512,"comment_status":"open","ping_status":"open","sticky":false,"template":"","format":"standard","meta":{"footnotes":""},"categories":[7,11],"tags":[],"class_list":["post-54511","post","type-post","status-publish","format-standard","has-post-thumbnail","hentry","category-nacionales","category-sociedad"],"_links":{"self":[{"href":"http:\/\/informateesquina.com\/index.php?rest_route=\/wp\/v2\/posts\/54511","targetHints":{"allow":["GET"]}}],"collection":[{"href":"http:\/\/informateesquina.com\/index.php?rest_route=\/wp\/v2\/posts"}],"about":[{"href":"http:\/\/informateesquina.com\/index.php?rest_route=\/wp\/v2\/types\/post"}],"author":[{"embeddable":true,"href":"http:\/\/informateesquina.com\/index.php?rest_route=\/wp\/v2\/users\/3"}],"replies":[{"embeddable":true,"href":"http:\/\/informateesquina.com\/index.php?rest_route=%2Fwp%2Fv2%2Fcomments&post=54511"}],"version-history":[{"count":0,"href":"http:\/\/informateesquina.com\/index.php?rest_route=\/wp\/v2\/posts\/54511\/revisions"}],"wp:featuredmedia":[{"embeddable":true,"href":"http:\/\/informateesquina.com\/index.php?rest_route=\/wp\/v2\/media\/54512"}],"wp:attachment":[{"href":"http:\/\/informateesquina.com\/index.php?rest_route=%2Fwp%2Fv2%2Fmedia&parent=54511"}],"wp:term":[{"taxonomy":"category","embeddable":true,"href":"http:\/\/informateesquina.com\/index.php?rest_route=%2Fwp%2Fv2%2Fcategories&post=54511"},{"taxonomy":"post_tag","embeddable":true,"href":"http:\/\/informateesquina.com\/index.php?rest_route=%2Fwp%2Fv2%2Ftags&post=54511"}],"curies":[{"name":"wp","href":"https:\/\/api.w.org\/{rel}","templated":true}]}}