{"id":54521,"date":"2022-06-09T19:02:49","date_gmt":"2022-06-09T22:02:49","guid":{"rendered":"https:\/\/informateesquina.com\/?p=54521"},"modified":"2022-06-09T19:02:49","modified_gmt":"2022-06-09T22:02:49","slug":"corrientes-asumio-la-nueva-cupula-policial-en-medio-de-reclamos-por-seguridad","status":"publish","type":"post","link":"http:\/\/informateesquina.com\/?p=54521","title":{"rendered":"Corrientes: Asumi\u00f3 la nueva c\u00fapula policial en medio de reclamos por seguridad"},"content":{"rendered":"<div class=\"cont-nota\">\n<article class=\"cont-cuerpo\">\n<div class=\"cont-foto\">\n<figure>Alberto Arnaldo Molina y Jorge Andr\u00e9s Cristaldo; son los comisarios generales que conducir\u00e1n la fuerza. El acto est\u00e1 previsto para las 8 y ser\u00e1 encabezado por el ministro de Seguridad de la provincia.<\/p>\n<p>El cambio en toda la c\u00fapula policial se debe a los constantes reclamos al Gobierno provincial por casos de inseguridad, sobre todo, lo que afecta a la clase trabajadora como ser arrebatos en la calle y en las paradas de colectivo.<\/p>\n<p>Por eso el Poder Ejecutivo decidi\u00f3 aplicar cambios en la conducci\u00f3n de la fuerza. Tambi\u00e9n desde el interior hay reclamos por mejor servicio en seguridad. Incluida las zonas rurales por los elevados \u00edndices de robo de ganado vacuno.<\/figure>\n<figure class=\"nota-foto \"><img decoding=\"async\" title=\"\" src=\"https:\/\/www.corrienteshoy.com\/galeria\/fotos\/2022\/06\/09\/l_1654783119.jpg\" alt=\"\" data-src=\"\/images\/lazy.png\" \/><\/figure>\n<\/div>\n<section class=\"texto\">\n<p>Seg\u00fan la informaci\u00f3n difundida por la cartera de Seguridad, los comisarios generales: Gustavo Germ\u00e1n L\u00f3pez y Hern\u00e1n Dar\u00edo Garc\u00eda continuar\u00e1n al frente de la Direcci\u00f3n de Administraci\u00f3n Policial y Financiera y de Seguridad Vial. Por su parte, Emilio Jorge Rodr\u00edguez estar\u00e1 a cargo de la nueva Direcci\u00f3n General de Operaciones mientras que F\u00e9lix Cemborain seguir\u00e1 al frente de Bomberos.<\/p>\n<p><img loading=\"lazy\" decoding=\"async\" class=\"alignnone size-medium wp-image-54522\" src=\"https:\/\/informateesquina.com\/wp-content\/uploads\/2022\/06\/51e0bcac-d5da-4a7f-84f0-19de484c8350-240x300.jpg\" alt=\"\" width=\"240\" height=\"300\" srcset=\"http:\/\/informateesquina.com\/wp-content\/uploads\/2022\/06\/51e0bcac-d5da-4a7f-84f0-19de484c8350-240x300.jpg 240w, http:\/\/informateesquina.com\/wp-content\/uploads\/2022\/06\/51e0bcac-d5da-4a7f-84f0-19de484c8350-819x1024.jpg 819w, http:\/\/informateesquina.com\/wp-content\/uploads\/2022\/06\/51e0bcac-d5da-4a7f-84f0-19de484c8350-768x960.jpg 768w, http:\/\/informateesquina.com\/wp-content\/uploads\/2022\/06\/51e0bcac-d5da-4a7f-84f0-19de484c8350-750x938.jpg 750w, http:\/\/informateesquina.com\/wp-content\/uploads\/2022\/06\/51e0bcac-d5da-4a7f-84f0-19de484c8350.jpg 1024w\" sizes=\"auto, (max-width: 240px) 100vw, 240px\" \/> \u00a0<img loading=\"lazy\" decoding=\"async\" class=\"alignnone size-medium wp-image-54524\" src=\"https:\/\/informateesquina.com\/wp-content\/uploads\/2022\/06\/b35ccd96-37b4-4451-b4a8-942405cf1eb5-240x300.jpg\" alt=\"\" width=\"240\" height=\"300\" srcset=\"http:\/\/informateesquina.com\/wp-content\/uploads\/2022\/06\/b35ccd96-37b4-4451-b4a8-942405cf1eb5-240x300.jpg 240w, http:\/\/informateesquina.com\/wp-content\/uploads\/2022\/06\/b35ccd96-37b4-4451-b4a8-942405cf1eb5-819x1024.jpg 819w, http:\/\/informateesquina.com\/wp-content\/uploads\/2022\/06\/b35ccd96-37b4-4451-b4a8-942405cf1eb5-768x960.jpg 768w, http:\/\/informateesquina.com\/wp-content\/uploads\/2022\/06\/b35ccd96-37b4-4451-b4a8-942405cf1eb5-750x938.jpg 750w, http:\/\/informateesquina.com\/wp-content\/uploads\/2022\/06\/b35ccd96-37b4-4451-b4a8-942405cf1eb5.jpg 1080w\" sizes=\"auto, (max-width: 240px) 100vw, 240px\" \/><\/p>\n<p>Gloria Romero, quien estaba como titular de Delitos Sexuales, ser\u00e1 la responsable de la Direcci\u00f3n General de Asuntos Judiciales y Represi\u00f3n del Delito. En tanto que Luciano Vallejos, quien se desempe\u00f1\u00f3 como jefe de la Divisi\u00f3n Antiarrebatos y \u00faltimamente cumpl\u00eda funciones en el Destacamento San Marcos, ser\u00e1 el director general de Drogas Peligrosas y Crimen Organizado; y el comisario Sergio Rub\u00e9n S\u00e1nchez ser\u00e1 el responsable de Personal y Formaci\u00f3n Policial.<\/p>\n<p>El comisario Ram\u00f3n de la Cruz Barrios estar\u00e1 a cargo de la Direcci\u00f3n General de Seguridad y Prevenci\u00f3n del Delito; Luis Alberto S\u00e1nchez estar\u00e1 al frente de Seguridad Rural y de Islas, Ram\u00f3n Antonio Ben\u00edtez en Coordinaci\u00f3n e Interior y Miguel Tom\u00e1s Rodr\u00edguez en Grupos Especiales.<\/p>\n<\/section>\n<\/article>\n<\/div>\n","protected":false},"excerpt":{"rendered":"<p>Alberto Arnaldo Molina y Jorge Andr\u00e9s Cristaldo; son los comisarios generales que conducir\u00e1n la fuerza. El acto est\u00e1 previsto para las 8 y ser\u00e1 encabezado por el ministro de Seguridad de la provincia. El cambio en toda la c\u00fapula policial se debe a los constantes reclamos al Gobierno provincial por casos de inseguridad, sobre todo, [&hellip;]<\/p>\n","protected":false},"author":3,"featured_media":54523,"comment_status":"open","ping_status":"open","sticky":false,"template":"","format":"standard","meta":{"footnotes":""},"categories":[10,11],"tags":[136],"class_list":["post-54521","post","type-post","status-publish","format-standard","has-post-thumbnail","hentry","category-provinciales","category-sociedad","tag-destacados"],"_links":{"self":[{"href":"http:\/\/informateesquina.com\/index.php?rest_route=\/wp\/v2\/posts\/54521","targetHints":{"allow":["GET"]}}],"collection":[{"href":"http:\/\/informateesquina.com\/index.php?rest_route=\/wp\/v2\/posts"}],"about":[{"href":"http:\/\/informateesquina.com\/index.php?rest_route=\/wp\/v2\/types\/post"}],"author":[{"embeddable":true,"href":"http:\/\/informateesquina.com\/index.php?rest_route=\/wp\/v2\/users\/3"}],"replies":[{"embeddable":true,"href":"http:\/\/informateesquina.com\/index.php?rest_route=%2Fwp%2Fv2%2Fcomments&post=54521"}],"version-history":[{"count":0,"href":"http:\/\/informateesquina.com\/index.php?rest_route=\/wp\/v2\/posts\/54521\/revisions"}],"wp:featuredmedia":[{"embeddable":true,"href":"http:\/\/informateesquina.com\/index.php?rest_route=\/wp\/v2\/media\/54523"}],"wp:attachment":[{"href":"http:\/\/informateesquina.com\/index.php?rest_route=%2Fwp%2Fv2%2Fmedia&parent=54521"}],"wp:term":[{"taxonomy":"category","embeddable":true,"href":"http:\/\/informateesquina.com\/index.php?rest_route=%2Fwp%2Fv2%2Fcategories&post=54521"},{"taxonomy":"post_tag","embeddable":true,"href":"http:\/\/informateesquina.com\/index.php?rest_route=%2Fwp%2Fv2%2Ftags&post=54521"}],"curies":[{"name":"wp","href":"https:\/\/api.w.org\/{rel}","templated":true}]}}