{"id":54526,"date":"2022-06-09T19:05:08","date_gmt":"2022-06-09T22:05:08","guid":{"rendered":"https:\/\/informateesquina.com\/?p=54526"},"modified":"2022-06-09T19:05:08","modified_gmt":"2022-06-09T22:05:08","slug":"mercedes-dejo-estacionado-el-auto-con-la-llave-puesta-y-se-lo-robaron","status":"publish","type":"post","link":"http:\/\/informateesquina.com\/?p=54526","title":{"rendered":"Mercedes: dej\u00f3 estacionado el auto con la llave puesta y se lo robaron"},"content":{"rendered":"<div>\n<p class=\"copete\">Una persona dej\u00f3 estacionado su veh\u00edculo por calle San Mart\u00edn, y se lo robaron. El hecho ocurri\u00f3 el martes por la tarde en la ciudad de Mercedes.<\/p>\n<\/div>\n<div class=\"cuerpo\">\n<p>Seg\u00fan explic\u00f3 el propietario del\u00a0autom\u00f3vil marca Volkswagen, estacion\u00f3 el veh\u00edculo y olvid\u00f3 sacar la llave, por lo que facilit\u00f3 el robo.<\/p>\n<p>La polic\u00eda logr\u00f3 recuperar el veh\u00edculo durante la ma\u00f1ana del d\u00eda mi\u00e9rcoles, tras un arduo trabajo en conjunto de todas las comisar\u00edas que comenzaron a hacer el rastrillaje.<\/p>\n<p>El veh\u00edculo fue abandonado en el barrio San Mart\u00edn y le faltaba\u00a0la bater\u00eda. Hasta ahora no hay detenidos.<\/p>\n<\/div>\n","protected":false},"excerpt":{"rendered":"<p>Una persona dej\u00f3 estacionado su veh\u00edculo por calle San Mart\u00edn, y se lo robaron. El hecho ocurri\u00f3 el martes por la tarde en la ciudad de Mercedes. Seg\u00fan explic\u00f3 el propietario del\u00a0autom\u00f3vil marca Volkswagen, estacion\u00f3 el veh\u00edculo y olvid\u00f3 sacar la llave, por lo que facilit\u00f3 el robo. La polic\u00eda logr\u00f3 recuperar el veh\u00edculo durante [&hellip;]<\/p>\n","protected":false},"author":3,"featured_media":54527,"comment_status":"open","ping_status":"open","sticky":false,"template":"","format":"standard","meta":{"footnotes":""},"categories":[8,11],"tags":[],"class_list":["post-54526","post","type-post","status-publish","format-standard","has-post-thumbnail","hentry","category-policiales","category-sociedad"],"_links":{"self":[{"href":"http:\/\/informateesquina.com\/index.php?rest_route=\/wp\/v2\/posts\/54526","targetHints":{"allow":["GET"]}}],"collection":[{"href":"http:\/\/informateesquina.com\/index.php?rest_route=\/wp\/v2\/posts"}],"about":[{"href":"http:\/\/informateesquina.com\/index.php?rest_route=\/wp\/v2\/types\/post"}],"author":[{"embeddable":true,"href":"http:\/\/informateesquina.com\/index.php?rest_route=\/wp\/v2\/users\/3"}],"replies":[{"embeddable":true,"href":"http:\/\/informateesquina.com\/index.php?rest_route=%2Fwp%2Fv2%2Fcomments&post=54526"}],"version-history":[{"count":0,"href":"http:\/\/informateesquina.com\/index.php?rest_route=\/wp\/v2\/posts\/54526\/revisions"}],"wp:featuredmedia":[{"embeddable":true,"href":"http:\/\/informateesquina.com\/index.php?rest_route=\/wp\/v2\/media\/54527"}],"wp:attachment":[{"href":"http:\/\/informateesquina.com\/index.php?rest_route=%2Fwp%2Fv2%2Fmedia&parent=54526"}],"wp:term":[{"taxonomy":"category","embeddable":true,"href":"http:\/\/informateesquina.com\/index.php?rest_route=%2Fwp%2Fv2%2Fcategories&post=54526"},{"taxonomy":"post_tag","embeddable":true,"href":"http:\/\/informateesquina.com\/index.php?rest_route=%2Fwp%2Fv2%2Ftags&post=54526"}],"curies":[{"name":"wp","href":"https:\/\/api.w.org\/{rel}","templated":true}]}}