{"id":54529,"date":"2022-06-09T19:23:54","date_gmt":"2022-06-09T22:23:54","guid":{"rendered":"https:\/\/informateesquina.com\/?p=54529"},"modified":"2022-06-09T19:23:54","modified_gmt":"2022-06-09T22:23:54","slug":"libres-lo-condenaron-a-cadena-perpetua-por-asesinar-a-un-contador-de-30-punaladas","status":"publish","type":"post","link":"http:\/\/informateesquina.com\/?p=54529","title":{"rendered":"Libres: lo condenaron a cadena perpetua por asesinar a un contador de 30 pu\u00f1aladas"},"content":{"rendered":"<div class=\"cont-nota\">\n<article class=\"cont-cuerpo\">\n<div class=\"cont-foto\">\n<figure class=\"nota-foto \"><img decoding=\"async\" title=\"\" src=\"https:\/\/www.corrienteshoy.com\/galeria\/fotos\/2022\/06\/09\/l_1654745750.jpg\" alt=\"\" data-src=\"\/images\/lazy.png\" \/><\/figure>\n<\/div>\n<div class=\"herramientas is-fixed\">\n<div class=\"advthis\"><\/div>\n<\/div>\n<section class=\"texto\">\nEl Tribunal est\u00e1 presidido por el doctor Marcelo Fleitas, secundado por Marcelo Pardo y Gustavo Ifr\u00e1n.<\/p>\n<p>Ben\u00edtez fue juzgado por \u201chomicidio agravado por ensa\u00f1amiento\u201d, por el crimen de Brian Zabalo encontrado sin vida con m\u00e1s de 30 pu\u00f1aladas en inmediaciones de la Capilla Mar\u00eda Auxiliadora en 5\u00ba Secci\u00f3n Ombucito<\/p>\n<p>La causa<\/p>\n<p>El contador de 29 a\u00f1os, Brian Z\u00e1balo, fue hallado sin vida y con signos de violencia en inmediaciones de la capilla Mar\u00eda Auxiliadora, de Ombucito, en la madrugada del s\u00e1bado 6 de marzo de 2021.<\/p>\n<p>Tras la denuncia del hallazgo, intervino la Comisar\u00eda Segunda, y a 2 kil\u00f3metros del lugar del hecho se encontr\u00f3 en proximidades del puente La Uni\u00f3n, sobre calle Maestro Melogno, el auto Fiat Siena, que se encontraba a la vera de la calle, abierto y abandonado. En el interior se habr\u00edan encontrado manchas de sangre, pero no hubo signos de que fuera un robo.<\/p>\n<p>La autopsia practicada al cuerpo revel\u00f3 que recibi\u00f3 al menos 30 pu\u00f1aladas, dos de ellas fueron profundas y le habr\u00edan provocado la muerte (zona del cuello, lados izquierdo y derecho), las otras heridas fueron en el resto del cuerpo.<\/p>\n<p>De acuerdo con las pericias, el crimen habr\u00eda sido cometido entre las 23 y la 1 de la madrugada del s\u00e1bado. Con el avance de la investigaci\u00f3n detuvieron a Ramiro Ben\u00edtez. Fue aprehendido en el allanamiento a su domicilio de Yrigoyen 1691 en Paso de los Libres.<\/p>\n<div class=\"embed\">\n<div class=\"inner-art\">\n<div class=\"en-bandera flex\">\n<figure><\/figure>\n<header><\/header>\n<\/div>\n<\/div>\n<\/div>\n<\/section>\n<\/article>\n<\/div>\n","protected":false},"excerpt":{"rendered":"<p>El Tribunal est\u00e1 presidido por el doctor Marcelo Fleitas, secundado por Marcelo Pardo y Gustavo Ifr\u00e1n. Ben\u00edtez fue juzgado por \u201chomicidio agravado por ensa\u00f1amiento\u201d, por el crimen de Brian Zabalo encontrado sin vida con m\u00e1s de 30 pu\u00f1aladas en inmediaciones de la Capilla Mar\u00eda Auxiliadora en 5\u00ba Secci\u00f3n Ombucito La causa El contador de 29 [&hellip;]<\/p>\n","protected":false},"author":3,"featured_media":54530,"comment_status":"open","ping_status":"open","sticky":false,"template":"","format":"standard","meta":{"footnotes":""},"categories":[8,10,11],"tags":[],"class_list":["post-54529","post","type-post","status-publish","format-standard","has-post-thumbnail","hentry","category-policiales","category-provinciales","category-sociedad"],"_links":{"self":[{"href":"http:\/\/informateesquina.com\/index.php?rest_route=\/wp\/v2\/posts\/54529","targetHints":{"allow":["GET"]}}],"collection":[{"href":"http:\/\/informateesquina.com\/index.php?rest_route=\/wp\/v2\/posts"}],"about":[{"href":"http:\/\/informateesquina.com\/index.php?rest_route=\/wp\/v2\/types\/post"}],"author":[{"embeddable":true,"href":"http:\/\/informateesquina.com\/index.php?rest_route=\/wp\/v2\/users\/3"}],"replies":[{"embeddable":true,"href":"http:\/\/informateesquina.com\/index.php?rest_route=%2Fwp%2Fv2%2Fcomments&post=54529"}],"version-history":[{"count":0,"href":"http:\/\/informateesquina.com\/index.php?rest_route=\/wp\/v2\/posts\/54529\/revisions"}],"wp:featuredmedia":[{"embeddable":true,"href":"http:\/\/informateesquina.com\/index.php?rest_route=\/wp\/v2\/media\/54530"}],"wp:attachment":[{"href":"http:\/\/informateesquina.com\/index.php?rest_route=%2Fwp%2Fv2%2Fmedia&parent=54529"}],"wp:term":[{"taxonomy":"category","embeddable":true,"href":"http:\/\/informateesquina.com\/index.php?rest_route=%2Fwp%2Fv2%2Fcategories&post=54529"},{"taxonomy":"post_tag","embeddable":true,"href":"http:\/\/informateesquina.com\/index.php?rest_route=%2Fwp%2Fv2%2Ftags&post=54529"}],"curies":[{"name":"wp","href":"https:\/\/api.w.org\/{rel}","templated":true}]}}