{"id":54536,"date":"2022-06-10T00:43:00","date_gmt":"2022-06-10T03:43:00","guid":{"rendered":"https:\/\/informateesquina.com\/?p=54536"},"modified":"2022-06-10T00:43:00","modified_gmt":"2022-06-10T03:43:00","slug":"la-ucr-de-corrientes-renovo-autoridades-esgrimiendo-su-fortaleza-local","status":"publish","type":"post","link":"http:\/\/informateesquina.com\/?p=54536","title":{"rendered":"La UCR de Corrientes renov\u00f3 autoridades esgrimiendo su fortaleza local"},"content":{"rendered":"<div class=\"fotos-y-videos\">\n<p>&nbsp;<\/p>\n<div class=\"tab-content\">\n<div id=\"fotos\" class=\"tab-pane fade in active\" role=\"tabpanel\"><a class=\"fotos-desarrollo unlink\" title=\"La UCR de Corrientes renov\u00f3 autoridades esgrimiendo su fortaleza local\" href=\"https:\/\/www.radiosudamericana.com\/notix\/multimedia\/imagenes\/fotos\/2022-06-09\/355753.jpg\"><img loading=\"lazy\" decoding=\"async\" class=\"img-responsive lazyload center-block\" src=\"https:\/\/www.radiosudamericana.com\/notix\/multimedia\/imagenes\/fotos\/2022-06-09\/355753.jpg_nota.jpg\" alt=\"La UCR de Corrientes renov\u00f3 autoridades esgrimiendo su fortaleza local\" width=\"700\" height=\"480\" \/><\/a><\/div>\n<\/div>\n<\/div>\n<p>&nbsp;<\/p>\n<div class=\"cuerpo\">\n<p>El acto inici\u00f3 cerca de las 21 en el Sal\u00f3n Lapacho del club rojinegro ubicado en Salta y Moreno de la ciudad de Corrientes. Con gran presencia de militantes y dirigentes radicales y Franja Morada, asumieron en la ocasi\u00f3n las autoridades partidarias capitalinas, tanto del Comit\u00e9 de mayores como el de la juventud.<\/p>\n<p>El encargado de cerrar em acto fue Vald\u00e9s quien al.comenzar su discurso se\u00f1al\u00f3 que &#8220;hoy estamos cumpliendo un rito laico&#8221;, asign\u00e1ndole gran importancia a la organicidad partidaria.<br \/>\nEn este sentido, valor\u00f3 la conformaci\u00f3n del Comit\u00e9 capitalino con sus secciones y el crecimiento de se proyecta al respecto, asegurando que as\u00ed &#8220;vamos a llegar a tener representaci\u00f3n popular en cada uno de los barrios&#8221;.<br \/>\nLuego agradeci\u00f3 la militancia de las mujeres y los j\u00f3venes, revaloriz\u00f3 &#8220;la Reforma apoyada por Yrigoyen que permiti\u00f3 que la Universidad no sea solamente para los ricos&#8221; y destac\u00f3 la figura de Ra\u00fal Alfons\u00edn, que\u00a0 &#8220;nos dio la sabidur\u00eda de la democracia&#8221;.<br \/>\nSeguidamente, Vald\u00e9s sostuvo que &#8220;la Rep\u00fablica es garante de las libertades&#8221; y dijo que el radicalismo tiene plena vocaci\u00f3n republicana, para luego lanzar una advertencia: &#8220;Hay que desconfiar de aquellos que vienen de las clases sociales altas cuando nos reclaman libertad, fueron quienes sojuzgaron al pueblo&#8221;.<br \/>\n&#8220;Desconfiamos cuando reclaman libertad desde el populismo de derecha&#8221;, dijo luego sin identificar sectores, pero pareci\u00f3 ser un l\u00edmite en c\u00f3digo ante el postulado que luego efectuara.<br \/>\n&#8220;Los radicales somos el pueblo y vamos a seguir trabajando con el pueblo&#8221;, agreg\u00f3, asegurando que &#8220;el federalismo naci\u00f3 en Corrientes en la Batalla de Pago Largo en la que muri\u00f3 un Gobernador de nuestra provincia&#8221;.<\/p>\n<p><a class=\"fotos-desarrollo unlink\" title=\"La UCR de Corrientes renov\u00f3 autoridades esgrimiendo su fortaleza local\" href=\"https:\/\/www.radiosudamericana.com\/notix\/multimedia\/imagenes\/fotos\/2022-06-09\/694169.jpg\"><img decoding=\"async\" class=\"img-responsive\" src=\"https:\/\/www.radiosudamericana.com\/notix\/multimedia\/imagenes\/fotos\/2022-06-09\/694169.jpg_nota.jpg\" \/><\/a><br \/>\nFue el preludio para sostener que &#8220;hoy no alcanza que nos quedamos en Corrientes y tenemos que salir a decir que nosotros somos la causa del nacimiento de la Naci\u00f3n&#8221;.<br \/>\nA modo de diagn\u00f3stico de la situaci\u00f3n actual en el pa\u00eds, sostuvo que &#8220;hoy hay hambre, no hay combustible y se est\u00e1n yendo nuestros hijos&#8221;.<br \/>\nAs\u00ed fue que plante\u00f3 un cambi\u00f3 de Gobierno nacional, pero no de cualquier manera, afirmando que &#8220;hoy para derrocar a los populismos de izquierda y de derecha tenemos que contribuir a la unidad nacional&#8221;.<br \/>\n&#8220;Los correntinos queremos seguir viviendo en libertad con nuestras costumbres&#8221;, dijo luego, entendiendo que para ello la UCR local, debe &#8220;guiar a nuestro partido para que en 2023 haya un presidente de Juntos por el Cambio, pero preferentemente de la UCR&#8221;.<br \/>\nEl Gobernador culmin\u00f3 sus palabras se\u00f1alando que &#8220;hoy podemos decir que miramos al futuro porque apostamos al desarrollo y el bienestar general de nuestro pueblo. Somos m\u00e1s de 1.200.000 correntinos que queremos un futuro mejor&#8221;.<\/p>\n<p><a class=\"fotos-desarrollo unlink\" title=\"La UCR de Corrientes renov\u00f3 autoridades esgrimiendo su fortaleza local\" href=\"https:\/\/www.radiosudamericana.com\/notix\/multimedia\/imagenes\/fotos\/2022-06-09\/172920.jpg\"><img decoding=\"async\" class=\"img-responsive\" src=\"https:\/\/www.radiosudamericana.com\/notix\/multimedia\/imagenes\/fotos\/2022-06-09\/172920.jpg_nota.jpg\" \/><\/a><br \/>\n<strong>La UCR afianza su territorialidad<\/strong><\/p>\n<p>A su turno, Polich expres\u00f3 que &#8220;en este acto estamos ratificando el mandato de la UCR, su lucha inclaudicable con la Rep\u00fablica y es un\u00a0 partido en el que vale la pena militar&#8221;.<br \/>\nLuego el flamante presidente de la UCR Capital, alent\u00f3 a los j\u00f3venes y los inst\u00f3 a afrontar cualquier dificultad, porque &#8220;siempre se podr\u00e1 luchar por un mundo mejor&#8221;.<br \/>\nReconoci\u00f3 que sus predecesores tuvierkn &#8220;pol\u00edticas acertadas&#8221;, siendo una de ellas los comit\u00e9s seccionales. &#8220;Eso nos permiti\u00f3 saber qu\u00e9 pasa en la ciudad y obtener muy buenos resultados electorales&#8221;, interpret\u00f3.<br \/>\n&#8220;La pol\u00edtica es sentir lo que siente la gente y tratar de proyectar las soluciones&#8221;, areng\u00f3 luego, proponiendo subdividir los comit\u00e9s seccionales para tener mayor presencia territorial. Y prometi\u00f3 que &#8220;vamos a acompa\u00f1ar a nuestros dirigentes en la formaci\u00f3n pol\u00edtica&#8221;.<br \/>\nPosteriormente, el presidente del radicalismo provincial, el senador Ricardo Colombi se\u00f1al\u00f3 que &#8220;en cada ciudad que acompa\u00f1amos la asunci\u00f3n de las autoridades de la UCR vemos este entusiasmo&#8221;.<br \/>\nPero advirti\u00f3 que &#8220;vivimos hoy una etapa en la que la democracia todav\u00eda no dio todas las respuestas, pero somos nosotros con las ideas y los debates quienes debemos generar los cambios, porque el destino est\u00e1 en nuestras manos&#8221;.<\/p>\n<p><a class=\"fotos-desarrollo unlink\" title=\"La UCR de Corrientes renov\u00f3 autoridades esgrimiendo su fortaleza local\" href=\"https:\/\/www.radiosudamericana.com\/notix\/multimedia\/imagenes\/fotos\/2022-06-09\/813560.jpg\"><img decoding=\"async\" class=\"img-responsive\" src=\"https:\/\/www.radiosudamericana.com\/notix\/multimedia\/imagenes\/fotos\/2022-06-09\/813560.jpg_nota.jpg\" \/><\/a><br \/>\nEn este sentido, alert\u00f3: &#8220;Vemos actitudes demagogicas en ciertos personajes y tal vez sirvan para ganar una elecci\u00f3n, pero no para gobernar&#8221; al juzgar las alternativas que se presentan a nivel nacional.<br \/>\nLuego marc\u00f3 diferencias, considerando la situaci\u00f3n que vivi\u00f3 Corrientes en 1999 y las dificultades que debieron sortearemos para encauzar la situaci\u00f3n pol\u00edtica, social y econ\u00f3mica. &#8220;No nos equivocamos, llevamos 20 a\u00f1os de gobierno radical y vamos por 20 a\u00f1os m\u00e1s&#8221;, asegur\u00f3 al respecto.<\/p>\n<p><a class=\"fotos-desarrollo unlink\" title=\"La UCR de Corrientes renov\u00f3 autoridades esgrimiendo su fortaleza local\" href=\"https:\/\/www.radiosudamericana.com\/notix\/multimedia\/imagenes\/fotos\/2022-06-09\/527627.jpg\"><img decoding=\"async\" class=\"img-responsive\" src=\"https:\/\/www.radiosudamericana.com\/notix\/multimedia\/imagenes\/fotos\/2022-06-09\/527627.jpg_nota.jpg\" \/><\/a><br \/>\n&#8220;Debemos seguir transitando este camino&#8221;, dijo sobre Encuentro por Corrientes &#8220;con el objetivo de hacer una de las mejores provincias del pa\u00eds&#8221;.<br \/>\n&#8220;Espero que nuestra diligencia a nivel nacional puedan tomar como ejemplo la amplia alianza social y pol\u00edtica que tenemos en Corrientes&#8221;, dese\u00f3.<br \/>\nColombi traz\u00f3 as\u00ed el desaf\u00edo de &#8220;proponer a la sociedad argentina una f\u00f3rmula radical que vuelva a tener la credibilidad de la sociedad&#8221;.<\/p>\n<p><a class=\"fotos-desarrollo unlink\" title=\"La UCR de Corrientes renov\u00f3 autoridades esgrimiendo su fortaleza local\" href=\"https:\/\/www.radiosudamericana.com\/notix\/multimedia\/imagenes\/fotos\/2022-06-09\/597877.jpg\"><img decoding=\"async\" class=\"img-responsive\" src=\"https:\/\/www.radiosudamericana.com\/notix\/multimedia\/imagenes\/fotos\/2022-06-09\/597877.jpg_nota.jpg\" \/><\/a><br \/>\nAntes, el intendente Eduardo Tassano consider\u00f3 que &#8220;este acto del radicalismo es una pr\u00e1ctica democratica de nuestro partido y se extiende a todo el pa\u00eds&#8221;.<br \/>\n&#8220;Es el partido m\u00e1s democr\u00e1tico de la Rep\u00fablica Argentina, que luch\u00f3 por los trabajadores&#8221; y sostuvo que &#8220;la educaci\u00f3n es la base de la soluci\u00f3n a los problemas sociales&#8221;.<br \/>\nEl jefe comunal dijo que &#8220;estamos prepar\u00e1ndonos para hacernos cargo el a\u00f1o que viene de las soluciones que necesita la Argentina&#8221;.<br \/>\nY sostuvo que &#8220;Corrientes con Ricardo Colombi se orden\u00f3 y seguimos con Gustavo Vald\u00e9s con su impronta desarrollada. As\u00ed logramos un desarrollo inmediato en la ciudad, trabajando en equipo con la provincia, lo que hoy nos permite pensar en una ciudad moderna y sustentable&#8221;.<br \/>\nTambien habl\u00f3 en el acto, la presidente de la JR Nacional, Valeria Pav\u00f3n, afirmando que\u00a0 &#8220;dimos un grito muy fuerte el a\u00f1o pasado en Buenos Aires que se escuch\u00f3 en todo el pa\u00eds&#8221;, en referencuaa su elecci\u00f3n entre los j\u00f3venes radicales.<\/p>\n<p><a class=\"fotos-desarrollo unlink\" title=\"La UCR de Corrientes renov\u00f3 autoridades esgrimiendo su fortaleza local\" href=\"https:\/\/www.radiosudamericana.com\/notix\/multimedia\/imagenes\/fotos\/2022-06-09\/648207.jpg\"><img decoding=\"async\" class=\"img-responsive\" src=\"https:\/\/www.radiosudamericana.com\/notix\/multimedia\/imagenes\/fotos\/2022-06-09\/648207.jpg_nota.jpg\" \/><\/a><br \/>\nDijo que &#8220;la desesperanza de los j\u00f3venes, ya que 9 de cada 10 se quieren ir del pa\u00eds, es porque no hay previsibilidad, pero la herramienta para transformar la realidad es la pol\u00edtica. Desde la juventud radical nos estamos preparando para gobernar y la juventud radical de Corrientes est\u00e1 preparada para lo que se viene, porque el pa\u00eds est\u00e1 pidiendo a gritos un gran triunfo radical&#8221;.<br \/>\nCabe se\u00f1alar que el primero en tomar la palabra en el acto fue el presidente del Comit\u00e9 Capital de la JR, Santiago Merino,\u00a0 agradeci\u00f3 a la juventud por darle la oportunidad de conducirlos. &#8220;Tenemos un contexto inmejorable, un Gobernador con mucha fuerza, un intendente que trabaja en equipo, la presidente de la JR Nacional y un Comit\u00e9 Central federal en la provincia&#8221;.<br \/>\n&#8220;Con militancia tenemos que demostrarle a los j\u00f3venes que hay oportunidades&#8221;, areng\u00f3 Merino y pidi\u00f3 &#8220;trabajar codo a codo con nuestros dirigentes para traer soluciones a la ciudad&#8221;.<br \/>\n&#8220;La UCR naci\u00f3 en los barrios y en la historia argentina los j\u00f3venes fuimos protagonistas, sobre todos los j\u00f3venes radicales&#8221;, dijo para marcar el rumbo a sus pares.<\/p>\n<p><a class=\"fotos-desarrollo unlink\" title=\"La UCR de Corrientes renov\u00f3 autoridades esgrimiendo su fortaleza local\" href=\"https:\/\/www.radiosudamericana.com\/notix\/multimedia\/imagenes\/fotos\/2022-06-09\/817832.jpg\"><img decoding=\"async\" class=\"img-responsive\" src=\"https:\/\/www.radiosudamericana.com\/notix\/multimedia\/imagenes\/fotos\/2022-06-09\/817832.jpg_nota.jpg\" \/><\/a><\/p>\n<p><strong>Flamantes autoridades<\/strong><\/p>\n<p>Al ministro de Obras y Servicios P\u00fablicos, lo acompan en el Comit\u00e9 Capital del radicalismo, como secretarios y vocales, la diputada provincial Andrea Giotta; los concejales\u00a0Florencia Ojeda y H\u00e9ctor &#8216;Palito&#8217; Torres; como as\u00ed tambi\u00e9n los funcionarios del \u00e1rea de Salud, Carlos Casella y de Obras P\u00fablicas, Luci Pereyra.<br \/>\nCompletan la n\u00f3mina de miembros titulares, la cual tiene paridad de g\u00e9nero, Domingo Maidana Roa, Sonia Quintana, Emilio &#8216;El Flaco&#8217; Rey; Claudia Campias; Fabricio Sartori; Patricia Fern\u00e1ndez; Oscar Nicliz; Patricia Segovia; y Norberto Miranda.<br \/>\nSon miembros suplentes: Karina Sosa, Hugo Gonz\u00e1lez, Ana Gonz\u00e1lez, V\u00edctor Brutti, Susana Gait\u00e1n, Luis Tarabini, D\u00e9bora Ort\u00edz, Gustavo Silva, Amelia Portillo, \u00c1ngel Cabrera, Tom\u00e1s R\u00edos, Agostina Gonz\u00e1lez, Jorge Suaid.<br \/>\nJR Capital<br \/>\nEn tanto, en la ocasi\u00f3n tambi\u00e9n\u00a0asumi\u00f3 Santiago Merino como presidente de la Juventud Radical &#8211; Comit\u00e9 Capital, y\u00a0 Constanza Antorena \u00a0como vicepresidente primera y Lautaro Regunaga como vicepresidente segundo. La Secretar\u00eda General est\u00e1 en manos de Nazarena Rodr\u00edguez Vigay.<br \/>\nEl resto de las secretar\u00edas est\u00e1n conformadas por: Finanzas, Lucas Faccioli; de Genero, Lara Romero Kohler; de Ambiente, Jorge Simonit; de Diversidad, Yessica Kremer; de Ord. Secciones, Pablo Arnaiz; de Asuntos Municipales, Estefan\u00eda G\u00f3mez; de Prensa, Emir Chajade; de Acci\u00f3n Pol\u00edtica, \u00a0Evelin Ch\u00e1vez; de Formaci\u00f3n Pol\u00edtica, Franco Muzzachiodi; de Coordinaci\u00f3n Institucional, Milagro Maidana y de Educaci\u00f3n, Sabrina Pelozo.<\/p>\n<\/div>\n","protected":false},"excerpt":{"rendered":"<p>&nbsp; &nbsp; El acto inici\u00f3 cerca de las 21 en el Sal\u00f3n Lapacho del club rojinegro ubicado en Salta y Moreno de la ciudad de Corrientes. Con gran presencia de militantes y dirigentes radicales y Franja Morada, asumieron en la ocasi\u00f3n las autoridades partidarias capitalinas, tanto del Comit\u00e9 de mayores como el de la juventud. [&hellip;]<\/p>\n","protected":false},"author":3,"featured_media":54537,"comment_status":"open","ping_status":"open","sticky":false,"template":"","format":"standard","meta":{"footnotes":""},"categories":[9,10,11],"tags":[],"class_list":["post-54536","post","type-post","status-publish","format-standard","has-post-thumbnail","hentry","category-politica","category-provinciales","category-sociedad"],"_links":{"self":[{"href":"http:\/\/informateesquina.com\/index.php?rest_route=\/wp\/v2\/posts\/54536","targetHints":{"allow":["GET"]}}],"collection":[{"href":"http:\/\/informateesquina.com\/index.php?rest_route=\/wp\/v2\/posts"}],"about":[{"href":"http:\/\/informateesquina.com\/index.php?rest_route=\/wp\/v2\/types\/post"}],"author":[{"embeddable":true,"href":"http:\/\/informateesquina.com\/index.php?rest_route=\/wp\/v2\/users\/3"}],"replies":[{"embeddable":true,"href":"http:\/\/informateesquina.com\/index.php?rest_route=%2Fwp%2Fv2%2Fcomments&post=54536"}],"version-history":[{"count":0,"href":"http:\/\/informateesquina.com\/index.php?rest_route=\/wp\/v2\/posts\/54536\/revisions"}],"wp:featuredmedia":[{"embeddable":true,"href":"http:\/\/informateesquina.com\/index.php?rest_route=\/wp\/v2\/media\/54537"}],"wp:attachment":[{"href":"http:\/\/informateesquina.com\/index.php?rest_route=%2Fwp%2Fv2%2Fmedia&parent=54536"}],"wp:term":[{"taxonomy":"category","embeddable":true,"href":"http:\/\/informateesquina.com\/index.php?rest_route=%2Fwp%2Fv2%2Fcategories&post=54536"},{"taxonomy":"post_tag","embeddable":true,"href":"http:\/\/informateesquina.com\/index.php?rest_route=%2Fwp%2Fv2%2Ftags&post=54536"}],"curies":[{"name":"wp","href":"https:\/\/api.w.org\/{rel}","templated":true}]}}