{"id":54543,"date":"2022-06-13T11:11:51","date_gmt":"2022-06-13T14:11:51","guid":{"rendered":"https:\/\/informateesquina.com\/?p=54543"},"modified":"2022-06-13T11:11:51","modified_gmt":"2022-06-13T14:11:51","slug":"asumio-en-la-plana-mayor-y-a-los-dos-dias-lo-pasaron-a-disponibilidad","status":"publish","type":"post","link":"http:\/\/informateesquina.com\/?p=54543","title":{"rendered":"Asumi\u00f3 en la Plana Mayor y a los dos d\u00edas lo pasaron a disponibilidad"},"content":{"rendered":"<h1 class=\"titu-des\"><span style=\"color: #333333; font-size: 15px;\">A pocos d\u00edas de la asunci\u00f3n de los integrantes de la nueva Plana Mayor de la Polic\u00eda de Corrientes, se confirmaron nuevos cambios. En las \u00faltimas horas, pasaron a disponibilidad al Comisario General Sergio S\u00e1nchez, quien hab\u00eda asumido pese a estar procesado por un caso de supuesto abuso sexual.\u00a0<\/span><\/h1>\n<p>&nbsp;<\/p>\n<p>&nbsp;<\/p>\n<p>Fuente: Radio Sudamericana<\/p>\n","protected":false},"excerpt":{"rendered":"<p>A pocos d\u00edas de la asunci\u00f3n de los integrantes de la nueva Plana Mayor de la Polic\u00eda de Corrientes, se confirmaron nuevos cambios. En las \u00faltimas horas, pasaron a disponibilidad al Comisario General Sergio S\u00e1nchez, quien hab\u00eda asumido pese a estar procesado por un caso de supuesto abuso sexual.\u00a0 &nbsp; &nbsp; Fuente: Radio Sudamericana<\/p>\n","protected":false},"author":3,"featured_media":54544,"comment_status":"open","ping_status":"open","sticky":false,"template":"","format":"standard","meta":{"footnotes":""},"categories":[8,9,11],"tags":[136],"class_list":["post-54543","post","type-post","status-publish","format-standard","has-post-thumbnail","hentry","category-policiales","category-politica","category-sociedad","tag-destacados"],"_links":{"self":[{"href":"http:\/\/informateesquina.com\/index.php?rest_route=\/wp\/v2\/posts\/54543","targetHints":{"allow":["GET"]}}],"collection":[{"href":"http:\/\/informateesquina.com\/index.php?rest_route=\/wp\/v2\/posts"}],"about":[{"href":"http:\/\/informateesquina.com\/index.php?rest_route=\/wp\/v2\/types\/post"}],"author":[{"embeddable":true,"href":"http:\/\/informateesquina.com\/index.php?rest_route=\/wp\/v2\/users\/3"}],"replies":[{"embeddable":true,"href":"http:\/\/informateesquina.com\/index.php?rest_route=%2Fwp%2Fv2%2Fcomments&post=54543"}],"version-history":[{"count":0,"href":"http:\/\/informateesquina.com\/index.php?rest_route=\/wp\/v2\/posts\/54543\/revisions"}],"wp:featuredmedia":[{"embeddable":true,"href":"http:\/\/informateesquina.com\/index.php?rest_route=\/wp\/v2\/media\/54544"}],"wp:attachment":[{"href":"http:\/\/informateesquina.com\/index.php?rest_route=%2Fwp%2Fv2%2Fmedia&parent=54543"}],"wp:term":[{"taxonomy":"category","embeddable":true,"href":"http:\/\/informateesquina.com\/index.php?rest_route=%2Fwp%2Fv2%2Fcategories&post=54543"},{"taxonomy":"post_tag","embeddable":true,"href":"http:\/\/informateesquina.com\/index.php?rest_route=%2Fwp%2Fv2%2Ftags&post=54543"}],"curies":[{"name":"wp","href":"https:\/\/api.w.org\/{rel}","templated":true}]}}