{"id":54549,"date":"2022-06-13T21:59:23","date_gmt":"2022-06-14T00:59:23","guid":{"rendered":"https:\/\/informateesquina.com\/?p=54549"},"modified":"2022-06-13T22:02:05","modified_gmt":"2022-06-14T01:02:05","slug":"vacaciones-de-invierno-2022-cuando-empiezan-en-corrientes","status":"publish","type":"post","link":"http:\/\/informateesquina.com\/?p=54549","title":{"rendered":"Vacaciones de invierno 2022: cu\u00e1ndo empiezan en Corrientes"},"content":{"rendered":"<div>\n<p class=\"copete\">Las vacaciones de invierno en la Argentina empiezan entre el 11 y el 18 de julio. El inicio depende de cada provincia y se extender\u00e1 durante 11 d\u00edas para todos los alumnos del pa\u00eds.<strong>\u00a0En la provincia de Corrientes el receso escolar comienza el 18 de julio y finalizan el 29.<\/strong><\/p>\n<\/div>\n<div class=\"cuerpo\">\n<p><a class=\"fotos-desarrollo unlink\" title=\"Vacaciones de invierno 2022: cu\u00e1ndo empiezan en Corrientes\" href=\"https:\/\/www.radiosudamericana.com\/notix\/multimedia\/imagenes\/fotos\/2022-06-13\/175812.jpg\"><img decoding=\"async\" class=\"img-responsive\" src=\"https:\/\/www.radiosudamericana.com\/notix\/multimedia\/imagenes\/fotos\/2022-06-13\/175812.jpg_nota.jpg\" \/><\/a><\/p>\n<h2><span style=\"color: #ff00ff;\"><strong>Vacaciones de invierno 2022: las fechas en cada provincia argentina<\/strong><\/span><\/h2>\n<ul>\n<li>Buenos Aires: 18 al 29 de julio<\/li>\n<li>CABA: 18 al 29 de julio<\/li>\n<li>Catamarca: 11 al 22 de julio<\/li>\n<li>Chaco: 18 al 29 de julio<\/li>\n<li>Chubut: 11 al 22 de julio<\/li>\n<li>C\u00f3rdoba: 11 al 22 de julio<\/li>\n<li>Entre R\u00edos: 11 al 22 de julio<\/li>\n<li>Formosa: 18 al 29 de julio<\/li>\n<li>Jujuy: 11 al 22 de julio<\/li>\n<li>La Pampa: 11 al 22 de julio<\/li>\n<li>La Rioja: 11 al 22 de julio<\/li>\n<li>Mendoza: 11 al 22 de julio<\/li>\n<li>Misiones: 11 al 22 de julio<\/li>\n<li>Neuqu\u00e9n: 11 al 22 de julio<\/li>\n<li>R\u00edo Negro: 11 al 22 de julio<\/li>\n<li>Salta: 11 al 22 de julio<\/li>\n<li>San Juan: 11 al 22 de julio<\/li>\n<li>San Luis: 11 al 22 de julio<\/li>\n<li>Santa Cruz: 18 al 29 de julio<\/li>\n<li>Santa Fe: 11 al 22 de julio<\/li>\n<li>Santiago del Estero: 18 al 29 de julio<\/li>\n<li>Tierra del Fuego: 18 al 29 de julio<\/li>\n<li>Tucum\u00e1n: 11 al 22 de julio<\/li>\n<\/ul>\n<\/div>\n<h2><span style=\"color: #ff00ff;\"><strong>Cu\u00e1ndo terminan el ciclo lectivo 2022 en Argentina<\/strong><\/span><\/h2>\n<p>Para llegar a las vacaciones de verano en el marco del fin del ciclo lectivo 2022. En tanto, habr\u00e1 que esperar a diciembre. Seg\u00fan las jurisdicciones, las clases terminar\u00e1n entre el 16 y el 22 de ese mes.<\/p>\n","protected":false},"excerpt":{"rendered":"<p>Las vacaciones de invierno en la Argentina empiezan entre el 11 y el 18 de julio. El inicio depende de cada provincia y se extender\u00e1 durante 11 d\u00edas para todos los alumnos del pa\u00eds.\u00a0En la provincia de Corrientes el receso escolar comienza el 18 de julio y finalizan el 29. Vacaciones de invierno 2022: las [&hellip;]<\/p>\n","protected":false},"author":3,"featured_media":54550,"comment_status":"open","ping_status":"open","sticky":false,"template":"","format":"standard","meta":{"footnotes":""},"categories":[10,11],"tags":[136],"class_list":["post-54549","post","type-post","status-publish","format-standard","has-post-thumbnail","hentry","category-provinciales","category-sociedad","tag-destacados"],"_links":{"self":[{"href":"http:\/\/informateesquina.com\/index.php?rest_route=\/wp\/v2\/posts\/54549","targetHints":{"allow":["GET"]}}],"collection":[{"href":"http:\/\/informateesquina.com\/index.php?rest_route=\/wp\/v2\/posts"}],"about":[{"href":"http:\/\/informateesquina.com\/index.php?rest_route=\/wp\/v2\/types\/post"}],"author":[{"embeddable":true,"href":"http:\/\/informateesquina.com\/index.php?rest_route=\/wp\/v2\/users\/3"}],"replies":[{"embeddable":true,"href":"http:\/\/informateesquina.com\/index.php?rest_route=%2Fwp%2Fv2%2Fcomments&post=54549"}],"version-history":[{"count":0,"href":"http:\/\/informateesquina.com\/index.php?rest_route=\/wp\/v2\/posts\/54549\/revisions"}],"wp:featuredmedia":[{"embeddable":true,"href":"http:\/\/informateesquina.com\/index.php?rest_route=\/wp\/v2\/media\/54550"}],"wp:attachment":[{"href":"http:\/\/informateesquina.com\/index.php?rest_route=%2Fwp%2Fv2%2Fmedia&parent=54549"}],"wp:term":[{"taxonomy":"category","embeddable":true,"href":"http:\/\/informateesquina.com\/index.php?rest_route=%2Fwp%2Fv2%2Fcategories&post=54549"},{"taxonomy":"post_tag","embeddable":true,"href":"http:\/\/informateesquina.com\/index.php?rest_route=%2Fwp%2Fv2%2Ftags&post=54549"}],"curies":[{"name":"wp","href":"https:\/\/api.w.org\/{rel}","templated":true}]}}