{"id":54552,"date":"2022-06-14T19:21:17","date_gmt":"2022-06-14T22:21:17","guid":{"rendered":"https:\/\/informateesquina.com\/?p=54552"},"modified":"2022-06-14T19:21:17","modified_gmt":"2022-06-14T22:21:17","slug":"en-encuentro-de-clarin-valdes-reclamo-una-mirada-federal-para-el-nea","status":"publish","type":"post","link":"http:\/\/informateesquina.com\/?p=54552","title":{"rendered":"En encuentro de Clar\u00edn, Vald\u00e9s reclam\u00f3 una mirada federal para el Nea"},"content":{"rendered":"<header>\n<div>\n<div class=\"meta\">\n<p>Este martes en el marco de la charla &#8220;Democracia y Desarrollo&#8221;, organizado por el Diario Clar\u00edn, el gobernador de Corrientes junto a su par de Santa Fe, Omar Perotti; el ex ministro de Transporte de la Naci\u00f3n, Guillermo Dietrich; y el presidente de la C\u00e1mara de Diputados, Sergio Massa participaron del panel &#8220;Infraestructura para sostener el crecimiento&#8221;. Dicho ciclo busca abordar los desaf\u00edos institucionales, econ\u00f3micos y sociales del pa\u00eds con una mirada plural y de largo plazo.<\/p>\n<p>De esta manera, el \u00faltimo en tomar la palabra en el piso fue Gustavo Vald\u00e9s, quien comenz\u00f3 su alocuci\u00f3n haciendo referencia sobre las cuestiones de infraestructura remarcando la falta de garant\u00edas del federalismo.<\/p>\n<p>Acto seguido, record\u00f3 las obras del gasoducto que se encuentran inconclusas y afirm\u00f3 &#8220;esto lo vivimos con el anterior gobierno del Kirchnerismo&#8221;. &#8220;Pero lo cierto es que Corrientes sigue sin gas natural y a nadie le preocupa, Misiones sigue sin gas natural y a nadie le preocupa, al igual que Chaco y Formosa y nadie le preocupa&#8221;, apunt\u00f3 el mandatario correntino.<\/p>\n<\/div>\n<\/div>\n<\/header>\n<section class=\"body\">\n<section class=\"content\">\n<figure class=\"big-column\"><picture><source srcset=\"https:\/\/www.nortecorrientes.com\/content\/bucket\/5\/358335w830h553c.jpg.webp\" media=\"(min-width: 640px)\" \/><source srcset=\"https:\/\/www.nortecorrientes.com\/content\/bucket\/5\/358335w480h320c.jpg.webp\" media=\"(min-width: 300px)\" \/><img loading=\"lazy\" decoding=\"async\" class=\"pic\" src=\"https:\/\/www.nortecorrientes.com\/content\/bucket\/5\/358335w830h553c.jpg.webp\" alt=\"\" width=\"830\" height=\"553\" \/><\/picture><\/figure>\n<div class=\"main-text\">\n<div class=\"social\">\n<div class=\"share\"><\/div>\n<\/div>\n<p>&nbsp;<\/p>\n<p>A modo de ejemplificaci\u00f3n mencion\u00f3 que &#8220;estamos m\u00e1s preocupados por el negocio de exportar hacia Brasil, que cual es el dividendo de venta de nuestros recursos&#8221; y reclam\u00f3 &#8220;deber\u00edamos utilizar nuestros productos para que nos genere un valor estrat\u00e9gico&#8221; y &#8220;tener una mirada m\u00e1s equilibrada y pensar en pactos que realmente nos permitan tener una tener una visi\u00f3n estrat\u00e9gica para el futuro de crecimiento&#8221;, afirm\u00f3 Vald\u00e9s.<\/p>\n<p>Acciones en la provincia<\/p>\n<p>Ante estas declaraciones Vald\u00e9s traslad\u00f3 las palabras al ejemplo de lo que se ejecuta en la provincia destacando que &#8220;nosotros acordamos en el Plan Estrat\u00e9gico Participativo 2020 y cumplimos el 80% de lo que nos comprometimos hacer&#8221; y &#8220;ahora firmamos el PEP 2030 con una mirada al futuro, pero no en un acuerdo pol\u00edtico&#8221; porque &#8220;el problema son los acuerdos pol\u00edticos porque los pol\u00edticos no cumplen los acuerdos y generalmente son fallutos los pol\u00edticos entre unos y otros&#8221;, remarc\u00f3 el gobernador ante las risas de los presentes.<\/p>\n<p>&#8220;Debemos tener un acuerdo social y c\u00edvico con los distintos sectores de producci\u00f3n que son la garant\u00eda que los acuerdos se cumplan desde la pol\u00edtica&#8221;, arremeti\u00f3. &#8220;Esto tiene que venir de los sectores productivos porque siempre se los convoca, pero no se los escucha&#8221;<\/p>\n<p>Discriminaci\u00f3n de Yacyret\u00e1<\/p>\n<p>Seguidamente, Vald\u00e9s dio cuenta de la problem\u00e1tica con la Represa de Yacyret\u00e1 expresando que &#8220;nosotros tenemos Yacyret\u00e1 en Corrientes y compartimos saltos grandes con Entre R\u00edos&#8221; y denunci\u00f3 que &#8220;tenemos la luz m\u00e1s cara de la Argentina, no tenemos gas porque no llega, tenemos electricidad, pero no nos permite desarrollarnos porque nunca es reconocida por la Naci\u00f3n Argentina ni por el pa\u00eds central para que tengamos una estrat\u00e9gica de desarrollo y crecimiento&#8221;.<\/p>\n<p>&#8220;Por m\u00e1s de 10 a\u00f1os Corrientes jam\u00e1s recibi\u00f3 un solo peso de Yacyret\u00e1&#8221;, recalc\u00f3. &#8220;Pero despu\u00e9s la culpa de que tenemos pobreza o subdesarrollo, es de la provincia, cuando no es reconocida por el pa\u00eds central&#8221; ya que &#8220;le falta una mirada de desarrollo donde las responsabilidades tienen que ser compartidas&#8221;.<\/p>\n<p>&#8220;Nunca un gobernador es tenido en cuenta verdaderamente para las obras y se est\u00e1 utilizando sentar a los gobernadores para la realizaci\u00f3n de la obra p\u00fablica para disciplinarlos pol\u00edticamente&#8221;, agreg\u00f3 seguidamente.<\/p>\n<p>Industrializaci\u00f3n de Corrientes<\/p>\n<p>Tambi\u00e9n hizo hincapi\u00e9 en la importancia de mirar hacia el futuro de la mano de las econom\u00edas regionales resalt\u00f3 que &#8220;Corrientes es la primera potencia forestada con 550 mil hect\u00e1reas, pero la Argentina importa 600 millones de pesos de pasta, cuando nosotros lo podr\u00edamos producir&#8221; y &#8220;por eso tenemos que dar la discusi\u00f3n sin duda de como industrializar el potencial de Corrientes&#8221;.<\/p>\n<p>Por tal motivo, el mandatario destac\u00f3 que &#8220;las miradas de desarrollo tienen que ser a largo plazo con pactos que no tienen que ser exclusivamente pol\u00edticos&#8221; porque &#8220;la pol\u00edtica tiene otros intereses&#8221; y ejemplific\u00f3 &#8220;nosotros discutimos una agenda judicial cuando los problemas de la gente pasan por como nosotros resolvemos las cuestiones cotidianas que tienen como es desarrollarse o realizarse como familia honestamente&#8221; y &#8220;eso requiere mucha desburocratizaci\u00f3n en la Argentina para que nosotros tengamos una mirada puesta al futuro&#8221;, concluy\u00f3.<\/p>\n<p>Convocatoria a mesa de di\u00e1logo en el Congreso<\/p>\n<p>Tras las palabras del Gobernador de Corrientes, en respuestas de las dem\u00e1s voces que expresaron su postura en el panel, Sergio Massa hizo extensiva la invitaci\u00f3n a una mesa de di\u00e1logo en el Congreso donde se aborden cuatros temas como lo son la energ\u00eda, la industria, los minerales cr\u00edticos y el capital humano e inst\u00f3 a &#8220;establecer al crecimiento gobierne quien gobierne&#8221;.<\/p>\n<p>A lo que Gustavo Vald\u00e9s respondi\u00f3: &#8220;nosotros con los gobernadores del Norte Grande a pesar de que tenemos gobiernos diferentes, contamos con una mirada federal&#8221; y mencion\u00f3 que &#8220;elaboramos unos 27 puntos de lo que hay que hacer hacia adelante, pero necesitamos una ayuda nacional&#8221;. Y requiri\u00f3 tratar en el Congreso sobre las obras &#8220;que tenemos que hacer a futuro&#8221; en la zona del Norte.<\/p>\n<\/div>\n<\/section>\n<\/section>\n","protected":false},"excerpt":{"rendered":"<p>Este martes en el marco de la charla &#8220;Democracia y Desarrollo&#8221;, organizado por el Diario Clar\u00edn, el gobernador de Corrientes junto a su par de Santa Fe, Omar Perotti; el ex ministro de Transporte de la Naci\u00f3n, Guillermo Dietrich; y el presidente de la C\u00e1mara de Diputados, Sergio Massa participaron del panel &#8220;Infraestructura para sostener [&hellip;]<\/p>\n","protected":false},"author":3,"featured_media":54553,"comment_status":"open","ping_status":"open","sticky":false,"template":"","format":"standard","meta":{"footnotes":""},"categories":[7,9,11],"tags":[],"class_list":["post-54552","post","type-post","status-publish","format-standard","has-post-thumbnail","hentry","category-nacionales","category-politica","category-sociedad"],"_links":{"self":[{"href":"http:\/\/informateesquina.com\/index.php?rest_route=\/wp\/v2\/posts\/54552","targetHints":{"allow":["GET"]}}],"collection":[{"href":"http:\/\/informateesquina.com\/index.php?rest_route=\/wp\/v2\/posts"}],"about":[{"href":"http:\/\/informateesquina.com\/index.php?rest_route=\/wp\/v2\/types\/post"}],"author":[{"embeddable":true,"href":"http:\/\/informateesquina.com\/index.php?rest_route=\/wp\/v2\/users\/3"}],"replies":[{"embeddable":true,"href":"http:\/\/informateesquina.com\/index.php?rest_route=%2Fwp%2Fv2%2Fcomments&post=54552"}],"version-history":[{"count":0,"href":"http:\/\/informateesquina.com\/index.php?rest_route=\/wp\/v2\/posts\/54552\/revisions"}],"wp:featuredmedia":[{"embeddable":true,"href":"http:\/\/informateesquina.com\/index.php?rest_route=\/wp\/v2\/media\/54553"}],"wp:attachment":[{"href":"http:\/\/informateesquina.com\/index.php?rest_route=%2Fwp%2Fv2%2Fmedia&parent=54552"}],"wp:term":[{"taxonomy":"category","embeddable":true,"href":"http:\/\/informateesquina.com\/index.php?rest_route=%2Fwp%2Fv2%2Fcategories&post=54552"},{"taxonomy":"post_tag","embeddable":true,"href":"http:\/\/informateesquina.com\/index.php?rest_route=%2Fwp%2Fv2%2Ftags&post=54552"}],"curies":[{"name":"wp","href":"https:\/\/api.w.org\/{rel}","templated":true}]}}