{"id":54555,"date":"2022-06-14T19:30:42","date_gmt":"2022-06-14T22:30:42","guid":{"rendered":"https:\/\/informateesquina.com\/?p=54555"},"modified":"2022-06-14T19:36:19","modified_gmt":"2022-06-14T22:36:19","slug":"joven-de-14-anos-en-grave-estado-tras-chocar-con-su-bicicleta","status":"publish","type":"post","link":"http:\/\/informateesquina.com\/?p=54555","title":{"rendered":"Joven de 14 a\u00f1os en grave estado tras chocar con su bicicleta"},"content":{"rendered":"<div class=\"fotos-y-videos\">\n<p>De acuerdo a los datos aportados a Radio Sudamericana, el grave siniestro vial se dio en la ma\u00f1ana del martes entre una bicicleta y una moto, sobre ruta provincial 19, a la altura de Paraje Naranjito, en Gobernador Mart\u00ednez, provincia de Corrientes.<\/p>\n<\/div>\n<div class=\"cuerpo\">\n<p>Seg\u00fan las primeras averiguaciones realizadas, el adolescente de 14 a\u00f1os circulaba en la bicicleta y la moto\u00a0\u2013marca Motomel de 150cc-\u00a0 era guiado por un hombre de apellido Sotelo de 58 a\u00f1os.<\/p>\n<p>A consecuencia del siniestro, el adolescente fue trasladado hasta el hospital de la localidad de Goya y posteriormente derivada al Hospital Pedi\u00e1trico Juan Pablo II con lesiones graves.<\/p>\n<p>Al respecto, la citada dependencia inicio de oficio la actuaci\u00f3n sumarial del caso.<\/p>\n<\/div>\n","protected":false},"excerpt":{"rendered":"<p>De acuerdo a los datos aportados a Radio Sudamericana, el grave siniestro vial se dio en la ma\u00f1ana del martes entre una bicicleta y una moto, sobre ruta provincial 19, a la altura de Paraje Naranjito, en Gobernador Mart\u00ednez, provincia de Corrientes. Seg\u00fan las primeras averiguaciones realizadas, el adolescente de 14 a\u00f1os circulaba en la [&hellip;]<\/p>\n","protected":false},"author":3,"featured_media":54556,"comment_status":"open","ping_status":"open","sticky":false,"template":"","format":"standard","meta":{"footnotes":""},"categories":[8,10,11],"tags":[],"class_list":["post-54555","post","type-post","status-publish","format-standard","has-post-thumbnail","hentry","category-policiales","category-provinciales","category-sociedad"],"_links":{"self":[{"href":"http:\/\/informateesquina.com\/index.php?rest_route=\/wp\/v2\/posts\/54555","targetHints":{"allow":["GET"]}}],"collection":[{"href":"http:\/\/informateesquina.com\/index.php?rest_route=\/wp\/v2\/posts"}],"about":[{"href":"http:\/\/informateesquina.com\/index.php?rest_route=\/wp\/v2\/types\/post"}],"author":[{"embeddable":true,"href":"http:\/\/informateesquina.com\/index.php?rest_route=\/wp\/v2\/users\/3"}],"replies":[{"embeddable":true,"href":"http:\/\/informateesquina.com\/index.php?rest_route=%2Fwp%2Fv2%2Fcomments&post=54555"}],"version-history":[{"count":0,"href":"http:\/\/informateesquina.com\/index.php?rest_route=\/wp\/v2\/posts\/54555\/revisions"}],"wp:featuredmedia":[{"embeddable":true,"href":"http:\/\/informateesquina.com\/index.php?rest_route=\/wp\/v2\/media\/54556"}],"wp:attachment":[{"href":"http:\/\/informateesquina.com\/index.php?rest_route=%2Fwp%2Fv2%2Fmedia&parent=54555"}],"wp:term":[{"taxonomy":"category","embeddable":true,"href":"http:\/\/informateesquina.com\/index.php?rest_route=%2Fwp%2Fv2%2Fcategories&post=54555"},{"taxonomy":"post_tag","embeddable":true,"href":"http:\/\/informateesquina.com\/index.php?rest_route=%2Fwp%2Fv2%2Ftags&post=54555"}],"curies":[{"name":"wp","href":"https:\/\/api.w.org\/{rel}","templated":true}]}}