{"id":54561,"date":"2022-06-14T20:29:58","date_gmt":"2022-06-14T23:29:58","guid":{"rendered":"https:\/\/informateesquina.com\/?p=54561"},"modified":"2022-06-14T20:29:58","modified_gmt":"2022-06-14T23:29:58","slug":"corrientes-asi-llevaban-detenido-al-ginecologo-gerardo-dahse-acusado-de-abuso","status":"publish","type":"post","link":"http:\/\/informateesquina.com\/?p=54561","title":{"rendered":"Corrientes: as\u00ed llevaban detenido al ginec\u00f3logo Gerardo Dahse, acusado de abuso"},"content":{"rendered":"<h1><span style=\"color: #333333; font-size: 15px;\">El periodista de Radio Sudamericana inform\u00f3 que la jueza de Instrucci\u00f3n N\u00b03, Josefina Gonz\u00e1lez Caba\u00f1as, resolvi\u00f3 proces\u00f3 al Dr. \u00a0Gerardo Dahse, por el delito de abuso sexual gravemente ultrajante.<\/span><\/h1>\n<div>\n<p>Adem\u00e1s dict\u00f3 la prisi\u00f3n preventiva al imputado, dejando sin efectos la Eximici\u00f3n de prisi\u00f3n que se le fue otorgado oportunamente, debi\u00e9ndose ordenar la inmediata detenci\u00f3n de Dahse.<\/p>\n<p>Por su parte la Dra. Sof\u00eda Dom\u00ednguez abogada de la querella de una delas causas contra el ginec\u00f3logo correntino dijo \u201cactualmente hay dos causas que se est\u00e1n tramitando contra Dahse, sobre la denuncia que se radic\u00f3 el a\u00f1o pasado se le dict\u00f3 procesamiento y prisi\u00f3n preventiva, la otra causa est\u00e1 en la C\u00e1mara de Apelaciones\u201d.<\/p>\n<p><img loading=\"lazy\" decoding=\"async\" class=\"alignnone size-medium wp-image-54563\" src=\"https:\/\/informateesquina.com\/wp-content\/uploads\/2022\/06\/943b41f3-1090-452f-99c0-8d3d008e8c28-228x300.jpg\" alt=\"\" width=\"228\" height=\"300\" srcset=\"http:\/\/informateesquina.com\/wp-content\/uploads\/2022\/06\/943b41f3-1090-452f-99c0-8d3d008e8c28-228x300.jpg 228w, http:\/\/informateesquina.com\/wp-content\/uploads\/2022\/06\/943b41f3-1090-452f-99c0-8d3d008e8c28-768x1011.jpg 768w, http:\/\/informateesquina.com\/wp-content\/uploads\/2022\/06\/943b41f3-1090-452f-99c0-8d3d008e8c28-750x987.jpg 750w, http:\/\/informateesquina.com\/wp-content\/uploads\/2022\/06\/943b41f3-1090-452f-99c0-8d3d008e8c28.jpg 778w\" sizes=\"auto, (max-width: 228px) 100vw, 228px\" \/> <img loading=\"lazy\" decoding=\"async\" class=\"alignnone size-medium wp-image-54564\" src=\"https:\/\/informateesquina.com\/wp-content\/uploads\/2022\/06\/b9d6c413-aab4-4a1a-9419-b34eb2df3703-169x300.jpg\" alt=\"\" width=\"169\" height=\"300\" srcset=\"http:\/\/informateesquina.com\/wp-content\/uploads\/2022\/06\/b9d6c413-aab4-4a1a-9419-b34eb2df3703-169x300.jpg 169w, http:\/\/informateesquina.com\/wp-content\/uploads\/2022\/06\/b9d6c413-aab4-4a1a-9419-b34eb2df3703-576x1024.jpg 576w, http:\/\/informateesquina.com\/wp-content\/uploads\/2022\/06\/b9d6c413-aab4-4a1a-9419-b34eb2df3703-768x1365.jpg 768w, http:\/\/informateesquina.com\/wp-content\/uploads\/2022\/06\/b9d6c413-aab4-4a1a-9419-b34eb2df3703-864x1536.jpg 864w, http:\/\/informateesquina.com\/wp-content\/uploads\/2022\/06\/b9d6c413-aab4-4a1a-9419-b34eb2df3703-750x1333.jpg 750w, http:\/\/informateesquina.com\/wp-content\/uploads\/2022\/06\/b9d6c413-aab4-4a1a-9419-b34eb2df3703.jpg 900w\" sizes=\"auto, (max-width: 169px) 100vw, 169px\" \/> <img loading=\"lazy\" decoding=\"async\" class=\"alignnone size-medium wp-image-54565\" src=\"https:\/\/informateesquina.com\/wp-content\/uploads\/2022\/06\/ed2f64c1-8ad0-4ae5-9bf8-163d04f0ada9-195x300.jpg\" alt=\"\" width=\"195\" height=\"300\" srcset=\"http:\/\/informateesquina.com\/wp-content\/uploads\/2022\/06\/ed2f64c1-8ad0-4ae5-9bf8-163d04f0ada9-195x300.jpg 195w, http:\/\/informateesquina.com\/wp-content\/uploads\/2022\/06\/ed2f64c1-8ad0-4ae5-9bf8-163d04f0ada9.jpg 491w\" sizes=\"auto, (max-width: 195px) 100vw, 195px\" \/><\/p>\n<p>\u201cLa orden de detenci\u00f3n es inmediata, adem\u00e1s ordena el recaratulamiento de la causa en un principio se hab\u00eda considerado abuso sexual simple, pero nosotros en la querella lo encuadramos como abuso sexual gravemente ultrajante que tiene una pena m\u00e1s grave de 4 a 10 a\u00f1os\u201d, aclar\u00f3 la letrada.<\/p>\n<p>Sobre los motivo de la decisi\u00f3n de la Dra. Josefina Gonz\u00e1lez Caba\u00f1as, la abogada de la querella expres\u00f3 \u201cpor la gravedad de la expectativa de pena, porque son dos hechos por los que puede tener una pena mayor, lo que tambi\u00e9n tom\u00f3 en consideraci\u00f3n fueron los argumentos que dimos con respecto a la vulnerabilidad y confianza para justificar que se trat\u00f3 de una situaci\u00f3n gravemente ultrajante, la circunstancia que era su m\u00e9dico, que ten\u00eda especialidad en un \u00e1mbito extremadamente privado, todo eso justifica este encuadramiento\u201d.<\/p>\n<p>&nbsp;<\/p>\n<div class=\"audios-desarrollo encuerpo\">\n<div id=\"audio-0\"><strong style=\"color: #1d1f20; font-size: 1.953em;\">Segunda causa<\/strong><\/div>\n<\/div>\n<p>En cuanto a la causa que se encuentra en la C\u00e1mara de Apelaciones dijo \u201cla denuncia se present\u00f3 en febrero ante el Juzgado de Instrucci\u00f3n N\u00b03, es por un abuso sexual con acceso carnal a\u00fan m\u00e1s grave, se encuentra en la Apelaci\u00f3n hace un mes, como querella nos presentamos a hacer un informe porque debe confirmarse la denegaci\u00f3n de eximici\u00f3n en virtud en derecho de la v\u00edctima\u201d.<\/p>\n<p>Tambi\u00e9n agreg\u00f3 \u201cla denuncia ocurri\u00f3 en 2008 la v\u00edctima era menor de edad por eso se juzga a pesar del tiempo pasado, porque se suspende la prescripci\u00f3n cuando se trata de delitos de delitos sexuales contra la infancia\u201d.<\/p>\n<\/div>\n","protected":false},"excerpt":{"rendered":"<p>El periodista de Radio Sudamericana inform\u00f3 que la jueza de Instrucci\u00f3n N\u00b03, Josefina Gonz\u00e1lez Caba\u00f1as, resolvi\u00f3 proces\u00f3 al Dr. \u00a0Gerardo Dahse, por el delito de abuso sexual gravemente ultrajante. Adem\u00e1s dict\u00f3 la prisi\u00f3n preventiva al imputado, dejando sin efectos la Eximici\u00f3n de prisi\u00f3n que se le fue otorgado oportunamente, debi\u00e9ndose ordenar la inmediata detenci\u00f3n de [&hellip;]<\/p>\n","protected":false},"author":3,"featured_media":54566,"comment_status":"open","ping_status":"open","sticky":false,"template":"","format":"standard","meta":{"footnotes":""},"categories":[8,10,11],"tags":[],"class_list":["post-54561","post","type-post","status-publish","format-standard","has-post-thumbnail","hentry","category-policiales","category-provinciales","category-sociedad"],"_links":{"self":[{"href":"http:\/\/informateesquina.com\/index.php?rest_route=\/wp\/v2\/posts\/54561","targetHints":{"allow":["GET"]}}],"collection":[{"href":"http:\/\/informateesquina.com\/index.php?rest_route=\/wp\/v2\/posts"}],"about":[{"href":"http:\/\/informateesquina.com\/index.php?rest_route=\/wp\/v2\/types\/post"}],"author":[{"embeddable":true,"href":"http:\/\/informateesquina.com\/index.php?rest_route=\/wp\/v2\/users\/3"}],"replies":[{"embeddable":true,"href":"http:\/\/informateesquina.com\/index.php?rest_route=%2Fwp%2Fv2%2Fcomments&post=54561"}],"version-history":[{"count":0,"href":"http:\/\/informateesquina.com\/index.php?rest_route=\/wp\/v2\/posts\/54561\/revisions"}],"wp:featuredmedia":[{"embeddable":true,"href":"http:\/\/informateesquina.com\/index.php?rest_route=\/wp\/v2\/media\/54566"}],"wp:attachment":[{"href":"http:\/\/informateesquina.com\/index.php?rest_route=%2Fwp%2Fv2%2Fmedia&parent=54561"}],"wp:term":[{"taxonomy":"category","embeddable":true,"href":"http:\/\/informateesquina.com\/index.php?rest_route=%2Fwp%2Fv2%2Fcategories&post=54561"},{"taxonomy":"post_tag","embeddable":true,"href":"http:\/\/informateesquina.com\/index.php?rest_route=%2Fwp%2Fv2%2Ftags&post=54561"}],"curies":[{"name":"wp","href":"https:\/\/api.w.org\/{rel}","templated":true}]}}