{"id":54573,"date":"2022-06-15T21:45:13","date_gmt":"2022-06-16T00:45:13","guid":{"rendered":"https:\/\/informateesquina.com\/?p=54573"},"modified":"2022-06-15T21:45:13","modified_gmt":"2022-06-16T00:45:13","slug":"corrientes-destituyeron-al-profesor-acusado-de-maltratar-a-alumnos-en-la-eragia","status":"publish","type":"post","link":"http:\/\/informateesquina.com\/?p=54573","title":{"rendered":"Corrientes: Destituyeron al profesor acusado de maltratar a alumnos en la ERAGIA"},"content":{"rendered":"<section class=\"body\">\n<section class=\"content\">\n<figure class=\"big-column\"><picture><img loading=\"lazy\" decoding=\"async\" class=\"pic\" src=\"https:\/\/www.diarioepoca.com\/content\/bucket\/1\/1234401w850h638c.jpg.webp\" alt=\"\" width=\"850\" height=\"638\" \/><\/picture><\/figure>\n<div class=\"main-text\">\n<div class=\"social\">\n<div class=\"share\"><\/div>\n<\/div>\n<p>Tutores, exprofesores y exalumnos de la ERAGIA se presentaron hoy ante dependencias de la UNNe donde se reuni\u00f3 el Consejo Superior a fin de expresar su malestar por el actual funcionamiento de la instituci\u00f3n.<\/p>\n<p>En la oportunidad, las autoridades universitarias confirmaron a los presentes la destituci\u00f3n del docente acusado de maltratar a un grupo de alumnos en mayo pasado.<\/p>\n<p>Se trata del docente Cristian Pletsch, quien oportunamente hab\u00eda sido protagonista de una confusa situaci\u00f3n con los alumnos de un curso luego de desaparecer un elemento de trabajo.<\/p>\n<p>Trascendi\u00f3 que el profesor dej\u00f3 en el sol a los j\u00f3venes desde las 11 y hasta las 16.<\/p>\n<p>Desde ese momento, al salir el tema a la luz, se desataron una serie de hechos relacionados con el malestar de los familiares de los alumnos que concurren al establecimiento que depende de la casa de altos estudios.<\/p>\n<p>Pletsch no dictaba clases desde el momento de ocurridos los hechos, y las autoridades de la ERAGIA fueron notificados en las \u00faltimas horas sobre su destituci\u00f3n.<\/p>\n<p>Vale recordar que Pletsch fue denunciado por sus estudiantes ante la Polic\u00eda de Corrientes, por obligarlos a estar \u00a0parados en el sol por cuatro horas \u00a0a la siesta, sin quitarse los abrigos, tomar agua, almorzar o sentarse.<\/p>\n<p>Adem\u00e1s, los tutores hicieron saber al Consejo Superior sobre otras anormalidades que ellos perciben se est\u00e1n dando en la escuela, y pidieron la inmediata intervenci\u00f3n.<\/p>\n<div class=\"content-tags floatFix\"><\/div>\n<\/div>\n<\/section>\n<\/section>\n","protected":false},"excerpt":{"rendered":"<p>Tutores, exprofesores y exalumnos de la ERAGIA se presentaron hoy ante dependencias de la UNNe donde se reuni\u00f3 el Consejo Superior a fin de expresar su malestar por el actual funcionamiento de la instituci\u00f3n. En la oportunidad, las autoridades universitarias confirmaron a los presentes la destituci\u00f3n del docente acusado de maltratar a un grupo de [&hellip;]<\/p>\n","protected":false},"author":3,"featured_media":54574,"comment_status":"open","ping_status":"open","sticky":false,"template":"","format":"standard","meta":{"footnotes":""},"categories":[8,10,11],"tags":[136],"class_list":["post-54573","post","type-post","status-publish","format-standard","has-post-thumbnail","hentry","category-policiales","category-provinciales","category-sociedad","tag-destacados"],"_links":{"self":[{"href":"http:\/\/informateesquina.com\/index.php?rest_route=\/wp\/v2\/posts\/54573","targetHints":{"allow":["GET"]}}],"collection":[{"href":"http:\/\/informateesquina.com\/index.php?rest_route=\/wp\/v2\/posts"}],"about":[{"href":"http:\/\/informateesquina.com\/index.php?rest_route=\/wp\/v2\/types\/post"}],"author":[{"embeddable":true,"href":"http:\/\/informateesquina.com\/index.php?rest_route=\/wp\/v2\/users\/3"}],"replies":[{"embeddable":true,"href":"http:\/\/informateesquina.com\/index.php?rest_route=%2Fwp%2Fv2%2Fcomments&post=54573"}],"version-history":[{"count":0,"href":"http:\/\/informateesquina.com\/index.php?rest_route=\/wp\/v2\/posts\/54573\/revisions"}],"wp:featuredmedia":[{"embeddable":true,"href":"http:\/\/informateesquina.com\/index.php?rest_route=\/wp\/v2\/media\/54574"}],"wp:attachment":[{"href":"http:\/\/informateesquina.com\/index.php?rest_route=%2Fwp%2Fv2%2Fmedia&parent=54573"}],"wp:term":[{"taxonomy":"category","embeddable":true,"href":"http:\/\/informateesquina.com\/index.php?rest_route=%2Fwp%2Fv2%2Fcategories&post=54573"},{"taxonomy":"post_tag","embeddable":true,"href":"http:\/\/informateesquina.com\/index.php?rest_route=%2Fwp%2Fv2%2Ftags&post=54573"}],"curies":[{"name":"wp","href":"https:\/\/api.w.org\/{rel}","templated":true}]}}