{"id":54583,"date":"2022-06-16T22:35:22","date_gmt":"2022-06-17T01:35:22","guid":{"rendered":"https:\/\/informateesquina.com\/?p=54583"},"modified":"2022-06-16T22:35:22","modified_gmt":"2022-06-17T01:35:22","slug":"confirman-condena-de-17-y-13-anos-de-prision-para-tres-hombres-que-mataron-a-otro-para-robarle","status":"publish","type":"post","link":"http:\/\/informateesquina.com\/?p=54583","title":{"rendered":"Confirman condena de 17 y 13 a\u00f1os de prisi\u00f3n para tres hombres que mataron a otro para robarle"},"content":{"rendered":"<header class=\"header-interior\">\n<p id=\"nota-title\">El Superior Tribunal de Justicia hoy en audiencia oral que garantiza la celeridad e inmediatez de los procesos por unanimidad dict\u00f3 la sentencia Penal N\u00b0 104\/22 y rechaz\u00f3 los recursos presentados por la defensa particular de un condenado a 17 a\u00f1os y de dos condenados a 13 a\u00f1os de prisi\u00f3n contra la sentencia N\u00b0 41\/20 del TOP de Mercedes \u2013 hoy Tribunal de Juicio -.<\/p>\n<p>Fueron encontrados responsables de ser coautores del delito de \u201cHomicidio en ocasi\u00f3n de Robo Agravado por el uso de Arma de Fuego\u201d, pero uno de ellos recibi\u00f3 la pena mayor por ser reincidente.<\/p>\n<p>La audiencia se realiz\u00f3 en el Sal\u00f3n de Acuerdos, y estuvo presidida por el doctor Luis Eduardo Rey V\u00e1zquez, acompa\u00f1ado por los doctores Eduardo Gilberto Panseri, Guillermo Horacio Semhan y Alejandro Alberto Cha\u00edn.<\/p>\n<p>Tanto el fiscal adjunto doctor Jorge Omar Semhan, como la defensa estuvieron presentes v\u00eda remota en cumplimiento a las medidas sanitarias por la pandemia COVID19. Este tipo de audiencias orales se realizan semanalmente y garantizan inmediatez, transparencia, eficacia y eficiencia en los procesos.<\/p>\n<p>Los fundamentos de la sentencia N\u00b0104\/22 ser\u00e1n dados a conocer el viernes 1 de julio de 2022 a las 12 horas.<\/p>\n<\/header>\n<div class=\"cont-nota\">\n<article class=\"cont-cuerpo\">\n<div class=\"cont-foto\">\n<figure class=\"nota-foto \"><img decoding=\"async\" title=\"\" src=\"https:\/\/www.corrienteshoy.com\/galeria\/fotos\/2022\/06\/16\/l_1655394339.jpg\" alt=\"\" data-src=\"\/images\/lazy.png\" \/><\/figure>\n<\/div>\n<div class=\"herramientas is-fixed\">\n<div class=\"advthis\"><\/div>\n<\/div>\n<section class=\"texto\">\n<p><b>El hecho<\/b><\/p>\n<p>El tribunal que estableci\u00f3 la condena tuvo por probado que el domingo 16 de septiembre de 2019 a las 3 horas aproximadamente tres individuos ingresaron a la casa de la v\u00edctima y a la habitaci\u00f3n donde estaba durmiendo junto a su familia, lo despertaron, golpearon y apuntaron con dos armas de fuego y un arma blanca.<\/p>\n<p>Le exigieron que le entregara un estupefaciente y ante la negativa se apoderaron de 1.500 pesos, de un celular y se dieron a la fuga. Fueron perseguidos por la v\u00edctima fatal que carg\u00f3 con una silla de hierro para defenderse y los alcanz\u00f3 y enfrent\u00f3.<\/p>\n<p>En la pelea logr\u00f3 herir a uno de los delincuentes, pero en el suelo, otro lo dispar\u00f3 y termin\u00f3 con su vida. Luego los tres condenados huyeron.<\/p>\n<p><b>Los recursos<\/b><\/p>\n<p>Uno de los recursos fue presentado por la defensa particular de los condenados a 13 a\u00f1os de prisi\u00f3n que se agravi\u00f3 principalmente porque consider\u00f3 que el TOP de Mercedes no ten\u00eda certeza en relaci\u00f3n al hecho y la autor\u00eda de los encausados.<\/p>\n<p>Indicaron en el texto que se forz\u00f3 la interpretaci\u00f3n y valoraci\u00f3n de la prueba contra ellos. Por ello el resultado condenatorio es arbitrario carente de l\u00f3gica jur\u00eddica y razonamientos v\u00e1lidos.<\/p>\n<p>Se agravi\u00f3 adem\u00e1s porque calific\u00f3 de desproporcionado el monto punitivo impuesto e indic\u00f3 que deb\u00eda aplicarse el m\u00ednimo de la pena en funci\u00f3n del delito de robo con armas.<\/p>\n<p>Por todo esto, solicit\u00f3 que se revoque la sentencia y se dicte otra ajustada a derecho e hizo reserva del caso federal.<\/p>\n<p>La defensa particular del condenado a 17 a\u00f1os de prisi\u00f3n, se agravi\u00f3 por considerar que el TOP no trat\u00f3 cuestiones se\u00f1aladas respecto de las inconsistencias de la prueba, el derecho a ser o\u00eddo y la arbitrariedad de la sentencia condenatoria.<\/p>\n<p>Destac\u00f3 que la prueba valorada no es univoca ni unidireccional por lo que no acredita la recreaci\u00f3n hist\u00f3rica de los hechos ni la responsabilidad penal de su defendido.<\/p>\n<p>Adem\u00e1s plante\u00f3 la inconstitucionalidad de la declaraci\u00f3n de reincidencia, toda vez que entiende que vulner\u00f3 la prohibici\u00f3n de doble persecuci\u00f3n penal por el mismo hecho y el principio de culpabilidad al agravar las condiciones de pena, lo que significa aplicar derecho penal de autor.<\/p>\n<p>La impugnante pretend\u00eda que se revoque la sentencia condenatoria y se absuelva por insuficiencia probatoria al condenado.<\/p>\n<\/section>\n<\/article>\n<\/div>\n","protected":false},"excerpt":{"rendered":"<p>El Superior Tribunal de Justicia hoy en audiencia oral que garantiza la celeridad e inmediatez de los procesos por unanimidad dict\u00f3 la sentencia Penal N\u00b0 104\/22 y rechaz\u00f3 los recursos presentados por la defensa particular de un condenado a 17 a\u00f1os y de dos condenados a 13 a\u00f1os de prisi\u00f3n contra la sentencia N\u00b0 41\/20 [&hellip;]<\/p>\n","protected":false},"author":3,"featured_media":54584,"comment_status":"open","ping_status":"open","sticky":false,"template":"","format":"standard","meta":{"footnotes":""},"categories":[8,10,11],"tags":[],"class_list":["post-54583","post","type-post","status-publish","format-standard","has-post-thumbnail","hentry","category-policiales","category-provinciales","category-sociedad"],"_links":{"self":[{"href":"http:\/\/informateesquina.com\/index.php?rest_route=\/wp\/v2\/posts\/54583","targetHints":{"allow":["GET"]}}],"collection":[{"href":"http:\/\/informateesquina.com\/index.php?rest_route=\/wp\/v2\/posts"}],"about":[{"href":"http:\/\/informateesquina.com\/index.php?rest_route=\/wp\/v2\/types\/post"}],"author":[{"embeddable":true,"href":"http:\/\/informateesquina.com\/index.php?rest_route=\/wp\/v2\/users\/3"}],"replies":[{"embeddable":true,"href":"http:\/\/informateesquina.com\/index.php?rest_route=%2Fwp%2Fv2%2Fcomments&post=54583"}],"version-history":[{"count":0,"href":"http:\/\/informateesquina.com\/index.php?rest_route=\/wp\/v2\/posts\/54583\/revisions"}],"wp:featuredmedia":[{"embeddable":true,"href":"http:\/\/informateesquina.com\/index.php?rest_route=\/wp\/v2\/media\/54584"}],"wp:attachment":[{"href":"http:\/\/informateesquina.com\/index.php?rest_route=%2Fwp%2Fv2%2Fmedia&parent=54583"}],"wp:term":[{"taxonomy":"category","embeddable":true,"href":"http:\/\/informateesquina.com\/index.php?rest_route=%2Fwp%2Fv2%2Fcategories&post=54583"},{"taxonomy":"post_tag","embeddable":true,"href":"http:\/\/informateesquina.com\/index.php?rest_route=%2Fwp%2Fv2%2Ftags&post=54583"}],"curies":[{"name":"wp","href":"https:\/\/api.w.org\/{rel}","templated":true}]}}