{"id":54593,"date":"2022-06-20T15:11:25","date_gmt":"2022-06-20T18:11:25","guid":{"rendered":"https:\/\/informateesquina.com\/?p=54593"},"modified":"2022-06-20T15:11:25","modified_gmt":"2022-06-20T18:11:25","slug":"goya-festejaban-el-dia-del-padre-discutio-con-su-amigo-y-lo-mato","status":"publish","type":"post","link":"http:\/\/informateesquina.com\/?p=54593","title":{"rendered":"Goya: Festejaban el D\u00eda del Padre, discuti\u00f3 con su amigo y lo mat\u00f3"},"content":{"rendered":"<p>Cerca de las 19 horas del domingo personal de la Comisaria Cuarta de la Polic\u00eda de Corrientes, acudi\u00f3 a un llamado que inform\u00f3 que un joven se encontraba tirado con una herida de arma blanca sobre calle Maestros Argentinos y Per\u00fa del B\u00b0 San Ram\u00f3n en Goya.<\/p>\n<div class=\"cuerpo\">\n<p>&nbsp;<\/p>\n<p>El herido fue trasladado al Hospital local pero debido a la gravedad de la lesi\u00f3n perdi\u00f3 la vida, de acuerdo a datos informados por medios de Goya, la v\u00edctima protagoniz\u00f3 una pelea con un hombre quien lo apu\u00f1alo cuando celebraban el D\u00eda del Padre.<\/p>\n<p>El homicida de apellido Ben\u00edtez fue capturado al rato por el PRIAR de Bella Vista cuando se dirig\u00eda hacia esa localidad.<\/p>\n<\/div>\n","protected":false},"excerpt":{"rendered":"<p>Cerca de las 19 horas del domingo personal de la Comisaria Cuarta de la Polic\u00eda de Corrientes, acudi\u00f3 a un llamado que inform\u00f3 que un joven se encontraba tirado con una herida de arma blanca sobre calle Maestros Argentinos y Per\u00fa del B\u00b0 San Ram\u00f3n en Goya. &nbsp; El herido fue trasladado al Hospital local [&hellip;]<\/p>\n","protected":false},"author":3,"featured_media":54594,"comment_status":"open","ping_status":"open","sticky":false,"template":"","format":"standard","meta":{"footnotes":""},"categories":[8,11],"tags":[136],"class_list":["post-54593","post","type-post","status-publish","format-standard","has-post-thumbnail","hentry","category-policiales","category-sociedad","tag-destacados"],"_links":{"self":[{"href":"http:\/\/informateesquina.com\/index.php?rest_route=\/wp\/v2\/posts\/54593","targetHints":{"allow":["GET"]}}],"collection":[{"href":"http:\/\/informateesquina.com\/index.php?rest_route=\/wp\/v2\/posts"}],"about":[{"href":"http:\/\/informateesquina.com\/index.php?rest_route=\/wp\/v2\/types\/post"}],"author":[{"embeddable":true,"href":"http:\/\/informateesquina.com\/index.php?rest_route=\/wp\/v2\/users\/3"}],"replies":[{"embeddable":true,"href":"http:\/\/informateesquina.com\/index.php?rest_route=%2Fwp%2Fv2%2Fcomments&post=54593"}],"version-history":[{"count":0,"href":"http:\/\/informateesquina.com\/index.php?rest_route=\/wp\/v2\/posts\/54593\/revisions"}],"wp:featuredmedia":[{"embeddable":true,"href":"http:\/\/informateesquina.com\/index.php?rest_route=\/wp\/v2\/media\/54594"}],"wp:attachment":[{"href":"http:\/\/informateesquina.com\/index.php?rest_route=%2Fwp%2Fv2%2Fmedia&parent=54593"}],"wp:term":[{"taxonomy":"category","embeddable":true,"href":"http:\/\/informateesquina.com\/index.php?rest_route=%2Fwp%2Fv2%2Fcategories&post=54593"},{"taxonomy":"post_tag","embeddable":true,"href":"http:\/\/informateesquina.com\/index.php?rest_route=%2Fwp%2Fv2%2Ftags&post=54593"}],"curies":[{"name":"wp","href":"https:\/\/api.w.org\/{rel}","templated":true}]}}