{"id":54596,"date":"2022-06-20T15:29:46","date_gmt":"2022-06-20T18:29:46","guid":{"rendered":"https:\/\/informateesquina.com\/?p=54596"},"modified":"2022-06-20T15:29:46","modified_gmt":"2022-06-20T18:29:46","slug":"lourdes-sanchez-hablo-de-la-posibilidad-de-mudarse-a-corrientes","status":"publish","type":"post","link":"http:\/\/informateesquina.com\/?p=54596","title":{"rendered":"Lourdes S\u00e1nchez habl\u00f3 de la posibilidad de mudarse a Corrientes"},"content":{"rendered":"<p>Lourdes S\u00e1nchez, que siente el deseo de ser nuevamente mam\u00e1 con Chato Prada, est\u00e1 construyendo su casa en Corrientes, provincia que la vio crecer.<\/p>\n<div class=\"cuerpo\">\n<p>Si bien sigue manteniendo su\u00a0casa en Buenos Aires, la bailarina comparte con sus seguidores c\u00f3mo avanza la\u00a0remodelaci\u00f3n de su hogar\u00a0en donde naci\u00f3.<\/p>\n<p>Por eso, sus fans quisieron saber qu\u00e9 suceder\u00e1 cuando si propiedad est\u00e9 lista.\u00a0\u00bfSe mudar\u00e1 con Chato y Valent\u00edn, su hijo, all\u00ed?<\/p>\n<h2><strong>LOURDES S\u00c1NCHEZ REVEL\u00d3 SI SE MUDAR\u00c1 A CORRIENTES<\/strong><\/h2>\n<p>&#8220;\u00bfVan a vivir en la nueva casa?\u00a0\u00bfY qu\u00e9 van a hacer con la que est\u00e1n ahora?&#8221;, le preguntaron a Lourdes a trav\u00e9s de sus stories de\u00a0Instagram.<\/p>\n<p><a class=\"fotos-desarrollo unlink\" title=\"Lourdes S\u00e1nchez habl\u00f3 de la posibilidad de mudarse a Corrientes \" href=\"https:\/\/www.radiosudamericana.com\/notix\/multimedia\/imagenes\/fotos\/2022-06-20\/138222.jpg\"><img decoding=\"async\" class=\"img-responsive\" src=\"https:\/\/www.radiosudamericana.com\/notix\/multimedia\/imagenes\/fotos\/2022-06-20\/138222.jpg_nota.jpg\" \/><\/a><\/p>\n<p>&#8220;No vamos a vivir ah\u00ed, es para ir a vacacionar\u00a0y tener nuestro lugar en Corrientes, mi ciudad&#8221;, cerr\u00f3 Lourdes, ilusionada.<\/p>\n<\/div>\n","protected":false},"excerpt":{"rendered":"<p>Lourdes S\u00e1nchez, que siente el deseo de ser nuevamente mam\u00e1 con Chato Prada, est\u00e1 construyendo su casa en Corrientes, provincia que la vio crecer. Si bien sigue manteniendo su\u00a0casa en Buenos Aires, la bailarina comparte con sus seguidores c\u00f3mo avanza la\u00a0remodelaci\u00f3n de su hogar\u00a0en donde naci\u00f3. Por eso, sus fans quisieron saber qu\u00e9 suceder\u00e1 cuando [&hellip;]<\/p>\n","protected":false},"author":3,"featured_media":54597,"comment_status":"open","ping_status":"open","sticky":false,"template":"","format":"standard","meta":{"footnotes":""},"categories":[4,7],"tags":[],"class_list":["post-54596","post","type-post","status-publish","format-standard","has-post-thumbnail","hentry","category-espectaculos","category-nacionales"],"_links":{"self":[{"href":"http:\/\/informateesquina.com\/index.php?rest_route=\/wp\/v2\/posts\/54596","targetHints":{"allow":["GET"]}}],"collection":[{"href":"http:\/\/informateesquina.com\/index.php?rest_route=\/wp\/v2\/posts"}],"about":[{"href":"http:\/\/informateesquina.com\/index.php?rest_route=\/wp\/v2\/types\/post"}],"author":[{"embeddable":true,"href":"http:\/\/informateesquina.com\/index.php?rest_route=\/wp\/v2\/users\/3"}],"replies":[{"embeddable":true,"href":"http:\/\/informateesquina.com\/index.php?rest_route=%2Fwp%2Fv2%2Fcomments&post=54596"}],"version-history":[{"count":0,"href":"http:\/\/informateesquina.com\/index.php?rest_route=\/wp\/v2\/posts\/54596\/revisions"}],"wp:featuredmedia":[{"embeddable":true,"href":"http:\/\/informateesquina.com\/index.php?rest_route=\/wp\/v2\/media\/54597"}],"wp:attachment":[{"href":"http:\/\/informateesquina.com\/index.php?rest_route=%2Fwp%2Fv2%2Fmedia&parent=54596"}],"wp:term":[{"taxonomy":"category","embeddable":true,"href":"http:\/\/informateesquina.com\/index.php?rest_route=%2Fwp%2Fv2%2Fcategories&post=54596"},{"taxonomy":"post_tag","embeddable":true,"href":"http:\/\/informateesquina.com\/index.php?rest_route=%2Fwp%2Fv2%2Ftags&post=54596"}],"curies":[{"name":"wp","href":"https:\/\/api.w.org\/{rel}","templated":true}]}}