{"id":54603,"date":"2022-06-21T18:59:01","date_gmt":"2022-06-21T21:59:01","guid":{"rendered":"https:\/\/informateesquina.com\/?p=54603"},"modified":"2022-06-21T18:59:01","modified_gmt":"2022-06-21T21:59:01","slug":"corrientes-murio-un-subteniente-del-ejercito-tras-una-fiesta-de-iniciacion","status":"publish","type":"post","link":"http:\/\/informateesquina.com\/?p=54603","title":{"rendered":"Corrientes: muri\u00f3 un subteniente del Ej\u00e9rcito tras una fiesta de iniciaci\u00f3n"},"content":{"rendered":"<div class=\"section-2-col article-header\">\n<div class=\"col 2-col\">\n<p>El hecho ocurri\u00f3 durante la madrugada del domingo en el\u00a0<b>Grupo de Artiller\u00eda N\u00ba 3 con asiento en la ciudad correntina de Paso de los Libres<\/b>, despu\u00e9s de que varios miembros de la fuerza participaran de una cena que dur\u00f3 hasta la madrugada.<\/p>\n<div id=\"talkFireEvent\"><\/div>\n<p>El festejo consisti\u00f3 en\u00a0<b>un asado que tuvo lugar en el Casino de Oficiales<\/b>, donde tradicionalmente la academia militar cierra el per\u00edodo de formaci\u00f3n y e informa a los oficiales cu\u00e1les ser\u00e1n sus pr\u00f3ximos destinos.<\/p>\n<div class=\"author\">\n<div class=\"author-inner\"><\/div>\n<\/div>\n<\/div>\n<\/div>\n<div class=\"section-2-col article-main-image\">\n<div class=\"col 1-col\">\n<div class=\"article-info\">\n<div class=\"social-media\" style=\"box-sizing: inherit; margin: 0px; padding: 0px; user-select: text !important; list-style: none;\">\n<p>&nbsp;<\/p>\n<\/div>\n<\/div>\n<\/div>\n<div class=\"col 2-col\">\n<div class=\"article-main-media-image__container\">\n<div class=\"image-wrapper\">\n<figure>\n<figure class=\"object-fit-block--contain intrinsic-container intrinsic-container-3x2\"><img decoding=\"async\" class=\" \" src=\"https:\/\/images.pagina12.com.ar\/styles\/focal_3_2_960x640\/public\/2022-06\/561608-hospital-20san-20jose-20corrientes.jpg?itok=Jkuy-u8s\" alt=\"\" \/><\/figure>\n<\/figure>\n<\/div>\n<\/div>\n<\/div>\n<\/div>\n<div class=\"section-2-col article-main-content\">\n<div class=\"col 1-col\"><\/div>\n<div class=\"col 2-col\">\n<div class=\"article-main-content article-text \">\n<p>&nbsp;<\/p>\n<h2>C\u00f3mo lo encontraron al subteniente<\/h2>\n<p>Seg\u00fan los relatos, durante la comida hubo varios brindis tras los cuales\u00a0<b>varios egresados debieron ser llevados a sus dormitorios por estar alcoholizados<\/b>. Uno de ellos habr\u00eda sido Chirino.<\/p>\n<p>Alrededor de las\u00a0<b>5 de la madrugada del domingo<\/b>, el joven oriundo de la ciudad cordobesa de R\u00edo Cuarto\u00a0<b>fue hallado por dos de sus camaradas<\/b>, que lo detectaron inconsciente y con signos de hipotermia. Seg\u00fan trascendi\u00f3, estaba acostado sobre un colch\u00f3n tirado en el piso.<\/p>\n<p>Inmediatamente dieron aviso a sus superiores, intentaron reanimarlo y lo trasladaron en una ambulancia del Ej\u00e9rcito al\u00a0<b>Hospital San Jos\u00e9<\/b>, cercano al regimiento. Lleg\u00f3 pr\u00e1cticamente sin signos vitales. Los m\u00e9dicos le realizaron maniobras de rescate pero Chirino no respondi\u00f3.<\/p>\n<p>El parte oficial dice que el subteniente falleci\u00f3 tras un\u00a0<b>\u201cparo card\u00edaco producido por asfixia por alimento\u201d<\/b>. Lo cual hace suponer que\u00a0<b>se habr\u00eda ahogado con su v\u00f3mito<\/b>\u00a0mientras descansaba.<\/p>\n<p>El Ministerio P\u00fablico Fiscal indic\u00f3 que el\u00a0<b>comisario mayor Carlos Vizca\u00edno<\/b>\u00a0estim\u00f3 que la muerte se habr\u00eda producido tras\u00a0<b>\u201cun cuadro de broncoaspiraci\u00f3n\u201d<\/b>, aunque se aguardan los resultados de la autopsia para que se determine la causa oficial de la muerte.<\/p>\n<p><img loading=\"lazy\" decoding=\"async\" class=\"alignnone wp-image-54604 size-full\" src=\"https:\/\/informateesquina.com\/wp-content\/uploads\/2022\/06\/o_1655830191.jpg\" alt=\"\" width=\"800\" height=\"450\" srcset=\"http:\/\/informateesquina.com\/wp-content\/uploads\/2022\/06\/o_1655830191.jpg 800w, http:\/\/informateesquina.com\/wp-content\/uploads\/2022\/06\/o_1655830191-300x169.jpg 300w, http:\/\/informateesquina.com\/wp-content\/uploads\/2022\/06\/o_1655830191-768x432.jpg 768w, http:\/\/informateesquina.com\/wp-content\/uploads\/2022\/06\/o_1655830191-750x422.jpg 750w\" sizes=\"auto, (max-width: 800px) 100vw, 800px\" \/><\/p>\n<h2>Qu\u00e9 dijo el Ej\u00e9rcito Argentino<\/h2>\n<p>Tras el hecho, el\u00a0<b>Ej\u00e9rcito Argentino<\/b>\u00a0emiti\u00f3 una declaraci\u00f3n fechada ayer, 20 de junio, en la que lamenta el fallecimiento de Chirino y dio una escueta versi\u00f3n de los hechos.<\/p>\n<p>\u201cEl domingo 19, en horas de la madrugada y\u00a0<b>cuando descansaba<\/b>\u00a0en el Casino de Oficiales de la Unidad Militar, el subteniente Mat\u00edas Ezequiel\u00a0<b>Chirino sufri\u00f3 un cuadro de descompensaci\u00f3n<\/b>\u00a0por el cual debi\u00f3 ser trasladado al Hospital San Jos\u00e9 de Paso de los Libres, donde posteriormente falleci\u00f3\u201d, dice el texto.<\/p>\n<p>En principio se investig\u00f3 el caso como\u00a0<b>averiguaci\u00f3n de causal de muerte<\/b>, pero al haberse descompensado en un destacamento del Ej\u00e9rcito la causa luego\u00a0<b>pas\u00f3 a manos de la Justicia Federal<\/b>\u00a0de esa ciudad correntina y qued\u00f3 a cargo del\u00a0<b>fiscal Fabi\u00e1n Mart\u00ednez<\/b>.<\/p>\n<div align=\"center\">\n<article class=\"embedded-entity\">\n<article class=\"media media--type-image media--view-mode-single-media-image-460\">\n<div class=\"field field--name-field-media-image field--type-image field--label-hidden field__item\"><img loading=\"lazy\" decoding=\"async\" class=\"image-style-width960\" src=\"https:\/\/images.pagina12.com.ar\/styles\/width960\/public\/2022-06\/561608-comunicadoej-c3-a9rcito-0.jpg?itok=jTiwOFUJ\" width=\"949\" height=\"960\" \/><\/div>\n<\/article>\n<\/article>\n<\/div>\n<p>En su comunicado, el Ej\u00e9rcito dej\u00f3 claro que \u201c<b>las autoridades militares permanecen atentas a los requerimientos judiciales<\/b>\u00a0que puedan presentarse y ofrecen contenci\u00f3n a los allegados del subteniente\u201d.<\/p>\n<p>&nbsp;<\/p>\n<p>En tanto,\u00a0<b>las autoridades militares de la la Unidad de Paso de los Libres \u201cse reunieron con el padre del joven<\/b>\u00a0fallecido para asistirlo en los tr\u00e1mites administrativos pertinentes y brindarle apoyo y acompa\u00f1amiento\u201d para trasladar a su hijo a C\u00f3rdoba.<\/p>\n<\/div>\n<\/div>\n<\/div>\n","protected":false},"excerpt":{"rendered":"<p>El hecho ocurri\u00f3 durante la madrugada del domingo en el\u00a0Grupo de Artiller\u00eda N\u00ba 3 con asiento en la ciudad correntina de Paso de los Libres, despu\u00e9s de que varios miembros de la fuerza participaran de una cena que dur\u00f3 hasta la madrugada. El festejo consisti\u00f3 en\u00a0un asado que tuvo lugar en el Casino de Oficiales, [&hellip;]<\/p>\n","protected":false},"author":3,"featured_media":54605,"comment_status":"open","ping_status":"open","sticky":false,"template":"","format":"standard","meta":{"footnotes":""},"categories":[8,10,11],"tags":[136],"class_list":["post-54603","post","type-post","status-publish","format-standard","has-post-thumbnail","hentry","category-policiales","category-provinciales","category-sociedad","tag-destacados"],"_links":{"self":[{"href":"http:\/\/informateesquina.com\/index.php?rest_route=\/wp\/v2\/posts\/54603","targetHints":{"allow":["GET"]}}],"collection":[{"href":"http:\/\/informateesquina.com\/index.php?rest_route=\/wp\/v2\/posts"}],"about":[{"href":"http:\/\/informateesquina.com\/index.php?rest_route=\/wp\/v2\/types\/post"}],"author":[{"embeddable":true,"href":"http:\/\/informateesquina.com\/index.php?rest_route=\/wp\/v2\/users\/3"}],"replies":[{"embeddable":true,"href":"http:\/\/informateesquina.com\/index.php?rest_route=%2Fwp%2Fv2%2Fcomments&post=54603"}],"version-history":[{"count":0,"href":"http:\/\/informateesquina.com\/index.php?rest_route=\/wp\/v2\/posts\/54603\/revisions"}],"wp:featuredmedia":[{"embeddable":true,"href":"http:\/\/informateesquina.com\/index.php?rest_route=\/wp\/v2\/media\/54605"}],"wp:attachment":[{"href":"http:\/\/informateesquina.com\/index.php?rest_route=%2Fwp%2Fv2%2Fmedia&parent=54603"}],"wp:term":[{"taxonomy":"category","embeddable":true,"href":"http:\/\/informateesquina.com\/index.php?rest_route=%2Fwp%2Fv2%2Fcategories&post=54603"},{"taxonomy":"post_tag","embeddable":true,"href":"http:\/\/informateesquina.com\/index.php?rest_route=%2Fwp%2Fv2%2Ftags&post=54603"}],"curies":[{"name":"wp","href":"https:\/\/api.w.org\/{rel}","templated":true}]}}