{"id":54621,"date":"2022-06-21T20:17:53","date_gmt":"2022-06-21T23:17:53","guid":{"rendered":"https:\/\/informateesquina.com\/?p=54621"},"modified":"2022-06-21T20:19:25","modified_gmt":"2022-06-21T23:19:25","slug":"carlos-tevez-tuvo-su-primera-practica-y-es-presentado-como-dt-de-rosario-central","status":"publish","type":"post","link":"http:\/\/informateesquina.com\/?p=54621","title":{"rendered":"Carlos Tevez tuvo su primera pr\u00e1ctica y es presentado como DT de Rosario Central"},"content":{"rendered":"<section class=\"detail-body first-paragraph\">\n<section id=\"note-body\" class=\"body-content note-body content-protected-false\" data-twitter-link=\"https:\/\/twitter.com\/intent\/tweet?url=https:\/\/www.minutouno.com\/c5467968&amp;v\u00eda=Ambitocom&amp;related=MinutoUno&amp;text=\">En su presentaci\u00f3n como t\u00e9cnico de\u00a0<strong>Rosario Central,\u00a0<\/strong><strong>Carlos Tevez\u00a0<\/strong>asegur\u00f3 que acept\u00f3 la oferta del Canalla &#8220;por su gente&#8221; y se mostr\u00f3 optimista en poder &#8220;hacer mucho ruido y mucha historia&#8221;.<\/p>\n<h3><span style=\"color: #ff0000;\"><strong>A continuaci\u00f3n, las mejores frases de Carlitos<\/strong>:<\/span><\/h3>\n<p>&#8220;El primer desaf\u00edo como t\u00e9cnico lo agarro en Rosario Central por su gente. Tuve muchas ofertas, pero Rosario tiene ese plus de la gente que hace que si hacemos las cosas bien, podemos hacer mucho ruido y mucha historia&#8221;.<\/p>\n<p>&#8220;Conf\u00edo que podemos hacer algo lindo con Rosario Central. Estoy completamente convencido&#8221;.<\/p>\n<p>&#8220;Conf\u00edo mucho en estos jugadores. Todav\u00eda no ped\u00ed ning\u00fan refuerzo. Para el hincha de Central, el apellido Tevez es desconocido, pero al mismo tiempo se dicen cosas que no son verdad. Hace un a\u00f1o que dej\u00e9 de jugar y cuando llegaba un entrenador y se hablaba de refuerzos, no me gustaba. No habl\u00e9 con nadie, los quiero ver a los chicos&#8221;.<\/p>\n<p>&#8220;S\u00e9 lo que significa jugar un cl\u00e1sico. Jugu\u00e9 a nivel pa\u00eds, en la ciudad debe ser una locura. Ahora solo pienso en el viernes y que se empiece a ver un poco la mano&#8221;.<\/p>\n<p><img loading=\"lazy\" decoding=\"async\" class=\"alignnone wp-image-54624 size-full\" src=\"https:\/\/informateesquina.com\/wp-content\/uploads\/2022\/06\/FVzYEDzXoAUIhQP.jpg\" alt=\"\" width=\"2048\" height=\"1365\" srcset=\"http:\/\/informateesquina.com\/wp-content\/uploads\/2022\/06\/FVzYEDzXoAUIhQP.jpg 2048w, http:\/\/informateesquina.com\/wp-content\/uploads\/2022\/06\/FVzYEDzXoAUIhQP-300x200.jpg 300w, http:\/\/informateesquina.com\/wp-content\/uploads\/2022\/06\/FVzYEDzXoAUIhQP-1024x683.jpg 1024w, http:\/\/informateesquina.com\/wp-content\/uploads\/2022\/06\/FVzYEDzXoAUIhQP-768x512.jpg 768w, http:\/\/informateesquina.com\/wp-content\/uploads\/2022\/06\/FVzYEDzXoAUIhQP-1536x1024.jpg 1536w, http:\/\/informateesquina.com\/wp-content\/uploads\/2022\/06\/FVzYEDzXoAUIhQP-750x500.jpg 750w, http:\/\/informateesquina.com\/wp-content\/uploads\/2022\/06\/FVzYEDzXoAUIhQP-1140x760.jpg 1140w\" sizes=\"auto, (max-width: 2048px) 100vw, 2048px\" \/><\/p>\n<p>&#8220;Me hab\u00eda anotado algunos clubes que me gustaban y Central era uno de esos cuatro. Cuando me llamaron, justo estaba reunido con mi cuerpo t\u00e9cnico. As\u00ed rechac\u00e9 al resto y me sent\u00e9 a charlar&#8221;.<\/p>\n<p>&#8220;Tenemos que encontrar una identidad como equipo, el ADN. La gente se tiene que sentir identificada. Tenemos que trabajar much\u00edsimo para encontrar ese equipo. Vamos a trabajar duro para lograrlo&#8221;.<\/p>\n<p>&#8220;La actitud no se negocia. Me lo tienen que demostrar en cada entrenamiento, en cada partido. Y el que no, se tiene que sentar con el Mono (Gordillo, el m\u00e1nager) o el presidente para irse&#8221;.<\/p>\n<p>&#8220;Central es un gigante dormido que hay que despertar. Tenemos que llevar este club a otro paso, a competir&#8221;.<\/p>\n<p>&#8220;Como futbolista siempre gener\u00e9 estas cosas, pero esto es algo nuevo. Estoy del otro lado de la raya y me sorprender la expectativa. Pero estoy tranquilo, porque estamos trabajando de la mejor manera. Siempre con la verdad, que es lo m\u00e1s importante&#8221;.<\/p>\n<p>&#8220;Ayer en el entretiempo estaba repiqueteando, me daban ganas de entrar (risas). Pero en un momento, el jugador muere. Hoy toca estar m\u00e1s fr\u00edo. Hoy soy t\u00e9cnico y disfruto esta profesi\u00f3n&#8221;.<\/p>\n<p>&#8220;Venimos con una idea clara. Sabemos que tenemos falencias como equipo. Central es una cosa como local y otra de visitante. Ayer contra V\u00e9lez el nivel recay\u00f3, pero tenemos que darles herramientas para que no suceda&#8221;.<\/p>\n<p>&#8220;Me toc\u00f3 venir como jugador y defend\u00eda los colores de Boca. Hoy como entrenador solo pienso en Central. Soy agradecido a mi primer club como entrenador. La confianza de la gente me la voy a ganar con el trabajo y por c\u00f3mo rindan los muchachos. Estoy feliz de elegir a Central&#8221;.<\/p>\n<p><span style=\"color: #ff0000;\"><strong>\u00bfPuede ingresar a la cancha?<\/strong>\u00a0&#8220;Veremos el viernes&#8221;.<\/span><\/p>\n<ul>\n<li><strong>La supuesta influencia de Bragarnik<\/strong>: &#8220;Christian tiene muchos jugadores y muchos t\u00e9cnicos. No va a tener influencia en los jugadores que elija. El que decide soy yo. Nadie me va a poner un jugador&#8221;.<\/li>\n<li><strong>\u00bfQu\u00e9 pasar\u00e1 con Carlos Retegui?<\/strong>\u00a0&#8220;Mi amigo el Chapa es parte de este proyecto, pero tienen que entender que est\u00e1 en una situaci\u00f3n en la que tiene que desligarse de su puesto. Va a estar con nosotros&#8221;.<\/li>\n<li><strong>La extensi\u00f3n del contrato<\/strong>: &#8220;No quiero extender m\u00e1s de un a\u00f1o porque creo que es el tiempo ideal por el proyecto. Adem\u00e1s hay elecciones. Yo estoy apartado de eso, solo me ligo con lo deportivo. Es justo que firmemos por un a\u00f1o para que despu\u00e9s decidamos en conjunto&#8221;.<\/li>\n<li><strong>El clima electoral<\/strong>: &#8220;Nos van a putear o no por lo que hagamos en la cancha. Tenemos que abstraernos y preocuparnos por jugar. O seguir en esta locura de que se vienen las elecciones y no venimos bien. Mi tarea es que se concentren en jugar al f\u00fatbol&#8221;.<\/li>\n<\/ul>\n<\/section>\n<\/section>\n","protected":false},"excerpt":{"rendered":"<p>En su presentaci\u00f3n como t\u00e9cnico de\u00a0Rosario Central,\u00a0Carlos Tevez\u00a0asegur\u00f3 que acept\u00f3 la oferta del Canalla &#8220;por su gente&#8221; y se mostr\u00f3 optimista en poder &#8220;hacer mucho ruido y mucha historia&#8221;. A continuaci\u00f3n, las mejores frases de Carlitos: &#8220;El primer desaf\u00edo como t\u00e9cnico lo agarro en Rosario Central por su gente. Tuve muchas ofertas, pero Rosario tiene [&hellip;]<\/p>\n","protected":false},"author":3,"featured_media":54623,"comment_status":"open","ping_status":"open","sticky":false,"template":"","format":"standard","meta":{"footnotes":""},"categories":[3],"tags":[],"class_list":["post-54621","post","type-post","status-publish","format-standard","has-post-thumbnail","hentry","category-deportes"],"_links":{"self":[{"href":"http:\/\/informateesquina.com\/index.php?rest_route=\/wp\/v2\/posts\/54621","targetHints":{"allow":["GET"]}}],"collection":[{"href":"http:\/\/informateesquina.com\/index.php?rest_route=\/wp\/v2\/posts"}],"about":[{"href":"http:\/\/informateesquina.com\/index.php?rest_route=\/wp\/v2\/types\/post"}],"author":[{"embeddable":true,"href":"http:\/\/informateesquina.com\/index.php?rest_route=\/wp\/v2\/users\/3"}],"replies":[{"embeddable":true,"href":"http:\/\/informateesquina.com\/index.php?rest_route=%2Fwp%2Fv2%2Fcomments&post=54621"}],"version-history":[{"count":0,"href":"http:\/\/informateesquina.com\/index.php?rest_route=\/wp\/v2\/posts\/54621\/revisions"}],"wp:featuredmedia":[{"embeddable":true,"href":"http:\/\/informateesquina.com\/index.php?rest_route=\/wp\/v2\/media\/54623"}],"wp:attachment":[{"href":"http:\/\/informateesquina.com\/index.php?rest_route=%2Fwp%2Fv2%2Fmedia&parent=54621"}],"wp:term":[{"taxonomy":"category","embeddable":true,"href":"http:\/\/informateesquina.com\/index.php?rest_route=%2Fwp%2Fv2%2Fcategories&post=54621"},{"taxonomy":"post_tag","embeddable":true,"href":"http:\/\/informateesquina.com\/index.php?rest_route=%2Fwp%2Fv2%2Ftags&post=54621"}],"curies":[{"name":"wp","href":"https:\/\/api.w.org\/{rel}","templated":true}]}}