{"id":54637,"date":"2022-06-22T10:29:17","date_gmt":"2022-06-22T13:29:17","guid":{"rendered":"https:\/\/informateesquina.com\/?p=54637"},"modified":"2022-06-22T10:30:41","modified_gmt":"2022-06-22T13:30:41","slug":"santo-tome-hallaron-muerto-a-un-gendarme-con-un-tiro-en-la-cabeza","status":"publish","type":"post","link":"http:\/\/informateesquina.com\/?p=54637","title":{"rendered":"Santo Tom\u00e9: hallaron muerto a un gendarme con un tiro en la cabeza"},"content":{"rendered":"<p>Incertidumbre en torno a la muerte de un suboficial de Gendarmer\u00eda Naconal, en Santo Tom\u00e9 durante la jornada del martes. El uniformado de 37 a\u00f1os e identificado como A.V fue encontrado con un tiro en la cabeza en el interior de una vivienda ubicada sobre calle Parque Corsodromo.<\/p>\n<p>Investigadores de la Polic\u00eda de Corrientes, jurisdicci\u00f3n de la Comisar\u00eda Segunda de dicha ciudad no descartan que se haya tratado de un homicidio, debido a la herida de arma de fuego que presentaba el gendarme, pero no descartan otras hip\u00f3tesis.<\/p>\n","protected":false},"excerpt":{"rendered":"<p>Incertidumbre en torno a la muerte de un suboficial de Gendarmer\u00eda Naconal, en Santo Tom\u00e9 durante la jornada del martes. El uniformado de 37 a\u00f1os e identificado como A.V fue encontrado con un tiro en la cabeza en el interior de una vivienda ubicada sobre calle Parque Corsodromo. Investigadores de la Polic\u00eda de Corrientes, jurisdicci\u00f3n [&hellip;]<\/p>\n","protected":false},"author":3,"featured_media":54638,"comment_status":"open","ping_status":"open","sticky":false,"template":"","format":"standard","meta":{"footnotes":""},"categories":[8,11],"tags":[136],"class_list":["post-54637","post","type-post","status-publish","format-standard","has-post-thumbnail","hentry","category-policiales","category-sociedad","tag-destacados"],"_links":{"self":[{"href":"http:\/\/informateesquina.com\/index.php?rest_route=\/wp\/v2\/posts\/54637","targetHints":{"allow":["GET"]}}],"collection":[{"href":"http:\/\/informateesquina.com\/index.php?rest_route=\/wp\/v2\/posts"}],"about":[{"href":"http:\/\/informateesquina.com\/index.php?rest_route=\/wp\/v2\/types\/post"}],"author":[{"embeddable":true,"href":"http:\/\/informateesquina.com\/index.php?rest_route=\/wp\/v2\/users\/3"}],"replies":[{"embeddable":true,"href":"http:\/\/informateesquina.com\/index.php?rest_route=%2Fwp%2Fv2%2Fcomments&post=54637"}],"version-history":[{"count":0,"href":"http:\/\/informateesquina.com\/index.php?rest_route=\/wp\/v2\/posts\/54637\/revisions"}],"wp:featuredmedia":[{"embeddable":true,"href":"http:\/\/informateesquina.com\/index.php?rest_route=\/wp\/v2\/media\/54638"}],"wp:attachment":[{"href":"http:\/\/informateesquina.com\/index.php?rest_route=%2Fwp%2Fv2%2Fmedia&parent=54637"}],"wp:term":[{"taxonomy":"category","embeddable":true,"href":"http:\/\/informateesquina.com\/index.php?rest_route=%2Fwp%2Fv2%2Fcategories&post=54637"},{"taxonomy":"post_tag","embeddable":true,"href":"http:\/\/informateesquina.com\/index.php?rest_route=%2Fwp%2Fv2%2Ftags&post=54637"}],"curies":[{"name":"wp","href":"https:\/\/api.w.org\/{rel}","templated":true}]}}