{"id":54643,"date":"2022-06-22T21:36:17","date_gmt":"2022-06-23T00:36:17","guid":{"rendered":"https:\/\/informateesquina.com\/?p=54643"},"modified":"2022-06-22T21:44:15","modified_gmt":"2022-06-23T00:44:15","slug":"condenaron-a-un-capitan-del-ejercito-que-intento-besar-a-una-cabo","status":"publish","type":"post","link":"http:\/\/informateesquina.com\/?p=54643","title":{"rendered":"Condenaron a un Capit\u00e1n del Ej\u00e9rcito que intent\u00f3 besar a una cabo"},"content":{"rendered":"<p>La Corte provincial confirm\u00f3 este mi\u00e9rcoles la sentencia del Tribunal de Juicio Unipersonal de Mercedes, a cargo de Juan Manuel Muschietti, quien conden\u00f3 al Capit\u00e1n del Ejercito a seis meses de prisi\u00f3n en suspenso por abuso sexual simple.<\/p>\n<p>Adem\u00e1s, en el fallo se le orden\u00f3 al condenado por dos a\u00f1os a abstenerse del consumo de estupefacientes, no abusar de las bebidas alcoh\u00f3licas y evitar el acercamiento a menos de 200 metros y todo tipo de contacto con la v\u00edctima.<\/p>\n<p>En cuanto a la sanci\u00f3n administrativa por parte del Ej\u00e9rcito, tendr\u00e1 que ser establecida por esa instituci\u00f3n. Con anterioridad al dictado de la sentencia, la fuerza dispuso una sanci\u00f3n administrativa de suspensi\u00f3n y luego 5 d\u00edas de arresto.<\/p>\n<p>EL HECHO<\/p>\n<p>El 14 de abril de 2021, a las 8.20 horas aproximadamente, cuando el capit\u00e1n abord\u00f3 a la cabo, mientras se encontraban solos cumpliendo funciones en las instalaciones en un pasillo que une el parque automotor con las oficinas del Batall\u00f3n. Sin su consentimiento, el hombre la tom\u00f3 por la cintura pretendiendo besarla en la boca, lo cual fue impedido por ella, quien empuj\u00f3 al agresor.<\/p>\n","protected":false},"excerpt":{"rendered":"<p>La Corte provincial confirm\u00f3 este mi\u00e9rcoles la sentencia del Tribunal de Juicio Unipersonal de Mercedes, a cargo de Juan Manuel Muschietti, quien conden\u00f3 al Capit\u00e1n del Ejercito a seis meses de prisi\u00f3n en suspenso por abuso sexual simple. Adem\u00e1s, en el fallo se le orden\u00f3 al condenado por dos a\u00f1os a abstenerse del consumo de [&hellip;]<\/p>\n","protected":false},"author":3,"featured_media":54644,"comment_status":"open","ping_status":"open","sticky":false,"template":"","format":"standard","meta":{"footnotes":""},"categories":[8,10,11],"tags":[],"class_list":["post-54643","post","type-post","status-publish","format-standard","has-post-thumbnail","hentry","category-policiales","category-provinciales","category-sociedad"],"_links":{"self":[{"href":"http:\/\/informateesquina.com\/index.php?rest_route=\/wp\/v2\/posts\/54643","targetHints":{"allow":["GET"]}}],"collection":[{"href":"http:\/\/informateesquina.com\/index.php?rest_route=\/wp\/v2\/posts"}],"about":[{"href":"http:\/\/informateesquina.com\/index.php?rest_route=\/wp\/v2\/types\/post"}],"author":[{"embeddable":true,"href":"http:\/\/informateesquina.com\/index.php?rest_route=\/wp\/v2\/users\/3"}],"replies":[{"embeddable":true,"href":"http:\/\/informateesquina.com\/index.php?rest_route=%2Fwp%2Fv2%2Fcomments&post=54643"}],"version-history":[{"count":0,"href":"http:\/\/informateesquina.com\/index.php?rest_route=\/wp\/v2\/posts\/54643\/revisions"}],"wp:featuredmedia":[{"embeddable":true,"href":"http:\/\/informateesquina.com\/index.php?rest_route=\/wp\/v2\/media\/54644"}],"wp:attachment":[{"href":"http:\/\/informateesquina.com\/index.php?rest_route=%2Fwp%2Fv2%2Fmedia&parent=54643"}],"wp:term":[{"taxonomy":"category","embeddable":true,"href":"http:\/\/informateesquina.com\/index.php?rest_route=%2Fwp%2Fv2%2Fcategories&post=54643"},{"taxonomy":"post_tag","embeddable":true,"href":"http:\/\/informateesquina.com\/index.php?rest_route=%2Fwp%2Fv2%2Ftags&post=54643"}],"curies":[{"name":"wp","href":"https:\/\/api.w.org\/{rel}","templated":true}]}}