{"id":54646,"date":"2022-06-22T21:47:44","date_gmt":"2022-06-23T00:47:44","guid":{"rendered":"https:\/\/informateesquina.com\/?p=54646"},"modified":"2022-06-22T21:47:44","modified_gmt":"2022-06-23T00:47:44","slug":"un-docente-golpeo-a-un-estudiante-por-hacerle-bullying-a-otro-alumno","status":"publish","type":"post","link":"http:\/\/informateesquina.com\/?p=54646","title":{"rendered":"Un docente golpe\u00f3 a un estudiante por hacerle bullying a otro alumno"},"content":{"rendered":"<div>El llamado bullying o acoso escolar en las escuelas es una problem\u00e1tica que ocurre en distintos pa\u00edses del mundo y que pone en alerta a los directivos y a las familias de los ni\u00f1os en edad educativa.<\/div>\n<div class=\"cuerpo\">\n<p>Los casos que trascienden las paredes del aula son muchos. Algunas veces se difunden videos de las agresiones y otras tantas son los testimonios de las v\u00edctimas los que llaman la atenci\u00f3n.<\/p>\n<p>Esta vez, un caso traspas\u00f3 las fronteras debido al accionar de\u00a0un docente que actu\u00f3 con violencia\u00a0frente a una situaci\u00f3n de bullying dentro de su aula. El hecho ocurri\u00f3 en\u00a0la ciudad de Piura, Per\u00fa,\u00a0y gener\u00f3 una gran controversia.<\/p>\n<p>Se trata de\u00a0Daniel Mendiola,\u00a0del colegio San Felipe, quien decidi\u00f3 hacer justicia por mano propia contra un alumno agresor y\u00a0lo golpe\u00f3 de manera salvaje. Autom\u00e1ticamente, el docente fue separado de su cargo, pero\u00a0luego de recibir el apoyo de padres y directivos fue absuelto y podr\u00e1 volver a dar clases.<\/p>\n<p><a class=\"fotos-desarrollo unlink\" title=\"Un docente golpe\u00f3 a un estudiante por hacerle bullying a otro alumno\" href=\"https:\/\/www.radiosudamericana.com\/notix\/multimedia\/imagenes\/fotos\/2022-06-22\/100067.jpg\"><img decoding=\"async\" class=\"img-responsive\" src=\"https:\/\/www.radiosudamericana.com\/notix\/multimedia\/imagenes\/fotos\/2022-06-22\/100067.jpg_nota.jpg\" \/><\/a><\/p>\n<p>\u201cDoy gracias a los directivos de esta honorable instituci\u00f3n por comprender mi situaci\u00f3n y\u00a0hacer justicia, tal como lo hice yo. Que esto quede como precedente para que todos sepan que a\u00fan podemos cambiar, que ser profesor\u00a0no solo es llenar cuadernos, sino tambi\u00e9n ense\u00f1ar y\u00a0cultivar los verdaderos valores\u201d, expres\u00f3 Mendiola a trav\u00e9s de sus redes sociales.<\/p>\n<p>En otro mensaje, sostuvo que como docente continuar\u00e1 impartiendo normas para que sus alumnos entiendan que\u00a0\u201cel respeto debe ser fundamental\u201d\u00a0en las aulas. \u201cDemostremos que todav\u00eda podemos confiar en que\u00a0el bien siempre vence al mal. Como profesor me comprometo a seguir impartiendo una buena educaci\u00f3n.\u00a0Gracias a todos los padres que me respaldaron\u00a0y pidieron justicia por m\u00ed, en serio muchas gracias, Dios lo bendiga\u201d, plante\u00f3.<\/p>\n<p>&nbsp;<\/p>\n<p>Previamente, el profesor hab\u00eda manifestado su preocupaci\u00f3n ante el temor a ser despedido por su accionar. Sin embargo, no mostraba arrepentimiento. \u201cS\u00e9 que me van a despedir, o tal vez hasta me lleven preso, pero yo ya\u00a0no pod\u00eda seguir viendo tal injusticia, semejante abuso contra un indefenso.\u00a0No me arrepiento de nada\u201d, hab\u00eda dicho.<\/p>\n<p>Por su parte, los directivos decidieron expulsar al alumno que llev\u00f3 adelante el acoso, mientras que ofrecieron ayuda psicol\u00f3gica a la v\u00edctima, tras sufrir constantes agresiones.<\/p>\n<p>Seg\u00fan publicaron medios peruanos, la m\u00e1xima autoridad de la instituci\u00f3n asegur\u00f3: \u201cNo toleraremos actos de acoso o maltrato escolar entre estudiantes,\u00a0nuestro deber es educar y no permitir abusos de este tipo\u201d.<\/p>\n<p>La Naci\u00f3n<\/p>\n<\/div>\n","protected":false},"excerpt":{"rendered":"<p>El llamado bullying o acoso escolar en las escuelas es una problem\u00e1tica que ocurre en distintos pa\u00edses del mundo y que pone en alerta a los directivos y a las familias de los ni\u00f1os en edad educativa. Los casos que trascienden las paredes del aula son muchos. Algunas veces se difunden videos de las agresiones [&hellip;]<\/p>\n","protected":false},"author":3,"featured_media":54647,"comment_status":"open","ping_status":"open","sticky":false,"template":"","format":"standard","meta":{"footnotes":""},"categories":[5,11],"tags":[],"class_list":["post-54646","post","type-post","status-publish","format-standard","has-post-thumbnail","hentry","category-internacionales","category-sociedad"],"_links":{"self":[{"href":"http:\/\/informateesquina.com\/index.php?rest_route=\/wp\/v2\/posts\/54646","targetHints":{"allow":["GET"]}}],"collection":[{"href":"http:\/\/informateesquina.com\/index.php?rest_route=\/wp\/v2\/posts"}],"about":[{"href":"http:\/\/informateesquina.com\/index.php?rest_route=\/wp\/v2\/types\/post"}],"author":[{"embeddable":true,"href":"http:\/\/informateesquina.com\/index.php?rest_route=\/wp\/v2\/users\/3"}],"replies":[{"embeddable":true,"href":"http:\/\/informateesquina.com\/index.php?rest_route=%2Fwp%2Fv2%2Fcomments&post=54646"}],"version-history":[{"count":0,"href":"http:\/\/informateesquina.com\/index.php?rest_route=\/wp\/v2\/posts\/54646\/revisions"}],"wp:featuredmedia":[{"embeddable":true,"href":"http:\/\/informateesquina.com\/index.php?rest_route=\/wp\/v2\/media\/54647"}],"wp:attachment":[{"href":"http:\/\/informateesquina.com\/index.php?rest_route=%2Fwp%2Fv2%2Fmedia&parent=54646"}],"wp:term":[{"taxonomy":"category","embeddable":true,"href":"http:\/\/informateesquina.com\/index.php?rest_route=%2Fwp%2Fv2%2Fcategories&post=54646"},{"taxonomy":"post_tag","embeddable":true,"href":"http:\/\/informateesquina.com\/index.php?rest_route=%2Fwp%2Fv2%2Ftags&post=54646"}],"curies":[{"name":"wp","href":"https:\/\/api.w.org\/{rel}","templated":true}]}}