{"id":54649,"date":"2022-06-23T19:14:11","date_gmt":"2022-06-23T22:14:11","guid":{"rendered":"https:\/\/informateesquina.com\/?p=54649"},"modified":"2022-06-23T19:14:11","modified_gmt":"2022-06-23T22:14:11","slug":"vehiculo-con-tres-ocupantes-despisto-y-volco-en-ruta-119","status":"publish","type":"post","link":"http:\/\/informateesquina.com\/?p=54649","title":{"rendered":"Veh\u00edculo con tres ocupantes, despist\u00f3 y volc\u00f3 en Ruta 119"},"content":{"rendered":"<p>En horas de la tarde del jueves, alrededor de las 16, se produjo el despiste y vuelco de una Renault Stepway color negra.<\/p>\n<p>De acuerdo a lo informado a\u00a0 desde la polic\u00eda, el accidente ocurri\u00f3 a la altura del kil\u00f3metro 4 de Ruta Nacional 119.<\/p>\n<p>El veh\u00edculo circulaba en sentido sur a norte, procedente de Buenos Aires y con destino la ciudad de Corrientes. A bordo del mismo viajaban tres personas de sexo masculino, mayores de edad.Uno de ellos fue rescatado del interior por los Bomberos y trasladado al Hospital Irastorza de nuestra ciudad.<\/p>\n<p>Se desconoce por el momento los motivos que causaron el accidente, por el caso se iniciaron actuaciones en la Comisar\u00eda Distrito Colonia Libertad, que por cuestiones de jurisdicci\u00f3n intervino en el siniestro vial.<\/p>\n<p>Fuente: Enfoque Digital<\/p>\n<p><img loading=\"lazy\" decoding=\"async\" class=\"alignnone size-medium wp-image-54651\" src=\"https:\/\/informateesquina.com\/wp-content\/uploads\/2022\/06\/FB_IMG_1656017319999-300x169.jpg\" alt=\"\" width=\"300\" height=\"169\" srcset=\"http:\/\/informateesquina.com\/wp-content\/uploads\/2022\/06\/FB_IMG_1656017319999-300x169.jpg 300w, http:\/\/informateesquina.com\/wp-content\/uploads\/2022\/06\/FB_IMG_1656017319999.jpg 720w\" sizes=\"auto, (max-width: 300px) 100vw, 300px\" \/><\/p>\n<p>&nbsp;<\/p>\n","protected":false},"excerpt":{"rendered":"<p>En horas de la tarde del jueves, alrededor de las 16, se produjo el despiste y vuelco de una Renault Stepway color negra. De acuerdo a lo informado a\u00a0 desde la polic\u00eda, el accidente ocurri\u00f3 a la altura del kil\u00f3metro 4 de Ruta Nacional 119. El veh\u00edculo circulaba en sentido sur a norte, procedente de [&hellip;]<\/p>\n","protected":false},"author":3,"featured_media":54650,"comment_status":"open","ping_status":"open","sticky":false,"template":"","format":"standard","meta":{"footnotes":""},"categories":[8,10,11],"tags":[],"class_list":["post-54649","post","type-post","status-publish","format-standard","has-post-thumbnail","hentry","category-policiales","category-provinciales","category-sociedad"],"_links":{"self":[{"href":"http:\/\/informateesquina.com\/index.php?rest_route=\/wp\/v2\/posts\/54649","targetHints":{"allow":["GET"]}}],"collection":[{"href":"http:\/\/informateesquina.com\/index.php?rest_route=\/wp\/v2\/posts"}],"about":[{"href":"http:\/\/informateesquina.com\/index.php?rest_route=\/wp\/v2\/types\/post"}],"author":[{"embeddable":true,"href":"http:\/\/informateesquina.com\/index.php?rest_route=\/wp\/v2\/users\/3"}],"replies":[{"embeddable":true,"href":"http:\/\/informateesquina.com\/index.php?rest_route=%2Fwp%2Fv2%2Fcomments&post=54649"}],"version-history":[{"count":0,"href":"http:\/\/informateesquina.com\/index.php?rest_route=\/wp\/v2\/posts\/54649\/revisions"}],"wp:featuredmedia":[{"embeddable":true,"href":"http:\/\/informateesquina.com\/index.php?rest_route=\/wp\/v2\/media\/54650"}],"wp:attachment":[{"href":"http:\/\/informateesquina.com\/index.php?rest_route=%2Fwp%2Fv2%2Fmedia&parent=54649"}],"wp:term":[{"taxonomy":"category","embeddable":true,"href":"http:\/\/informateesquina.com\/index.php?rest_route=%2Fwp%2Fv2%2Fcategories&post=54649"},{"taxonomy":"post_tag","embeddable":true,"href":"http:\/\/informateesquina.com\/index.php?rest_route=%2Fwp%2Fv2%2Ftags&post=54649"}],"curies":[{"name":"wp","href":"https:\/\/api.w.org\/{rel}","templated":true}]}}