{"id":54663,"date":"2022-06-23T20:55:05","date_gmt":"2022-06-23T23:55:05","guid":{"rendered":"https:\/\/informateesquina.com\/?p=54663"},"modified":"2022-06-23T20:55:05","modified_gmt":"2022-06-23T23:55:05","slug":"corrientes-ex-dj-fue-condenado-a-9-anos-de-prision-violar-a-una-nina-con-retraso-madurativo","status":"publish","type":"post","link":"http:\/\/informateesquina.com\/?p=54663","title":{"rendered":"Corrientes: Ex DJ fue condenado a 9 a\u00f1os de prisi\u00f3n violar a una ni\u00f1a con retraso madurativo"},"content":{"rendered":"<header>\n<h1><span style=\"color: #333333; font-size: 15px;\">Gabriel Tiscornia est\u00e1 acusado de abusar de una menor, hija de su expareja. La v\u00edctima, que adem\u00e1s tiene un leve retraso madurativo, habr\u00eda sufrido abusos durante m\u00e1s de dos a\u00f1os. El juicio de desarroll\u00f3 en el Tribunal Oral Penal N\u00b0 2. Hoy lo condenaron a nueve a\u00f1os de prisi\u00f3n al Dj correntino.<\/span><\/h1>\n<div class=\"meta\"><\/div>\n<\/header>\n<section class=\"body\">\n<section class=\"content\">\n<div class=\"main-text\">\n<div class=\"social\">\n<div class=\"share\"><\/div>\n<\/div>\n<div class=\"center large m_image\">\n<figure><picture><source srcset=\"https:\/\/www.diarioepoca.com\/content\/bucket\/4\/1235994w762h508c.jpg.webp\" media=\"(min-width: 640px)\" \/><source srcset=\"https:\/\/www.diarioepoca.com\/content\/bucket\/4\/1235994w440h293c.jpg.webp\" media=\"(min-width: 300px)\" \/><img loading=\"lazy\" decoding=\"async\" class=\"pic\" src=\"https:\/\/www.diarioepoca.com\/content\/bucket\/4\/1235994w762h508c.jpg.webp\" alt=\"\" width=\"762\" height=\"508\" \/><\/picture><\/figure>\n<\/div>\n<p>La Justicia conden\u00f3 a Gabriel Tiscornia a 9 a\u00f1os de prisi\u00f3n por abuso sexual contra la hija de su ex pareja, una adolescente con leve retraso madurativo. El Ministerio P\u00fablico pidi\u00f3 12 a\u00f1os de c\u00e1rcel. Tras la audiencia y en contacto con la prensa, el Fiscal doctor Smith, indic\u00f3 que la condena &#8220;est\u00e1 dentro de lo razonable, de acuerdo al delito que peticion\u00f3 el Ministerio P\u00fablico Fiscal el delito de abuso sexual con acceso carnal agravado por la convivencia y que tiene una pena entre ocho y veinte a\u00f1os de prisi\u00f3n, de acuerdo a todos los antecedentes y el informe psicol\u00f3gico, es razonable la pena que se concret\u00f3&#8221;, remarc\u00f3.<\/p>\n<p>&#8220;El Ministerio P\u00fablico ha solicitado 12 a\u00f1os, pensando en algunos de los agravantes y tal vez, en algunas de las consecuencias que tuvo de acuerdo al informe psicol\u00f3gico pero entiendo razonable la pena de nueve a\u00f1os, insisti\u00f3.<\/p>\n<p>Al mismo tiempo, el doctor Smith, mencion\u00f3: &#8220;Tiscornia dijo que no ha cometido el hecho, que \u00e9l fue un buen padre, \u00e9l neg\u00f3 los hechos&#8221;. Agreg\u00f3 &#8220;tambi\u00e9n dijo que \u00e9l con el grupo familiar, durante la convivencia, ten\u00edan una buena convivencia y esto lo manifiestan todos los familiares, que era as\u00ed&#8221;.<\/p>\n<p>En tanto Rojas Buselatto, querrellante junto a Nieves Cuenca, manifest\u00f3 &#8220;en parte consideramos que ha sido un \u00e9xito porque justamente, la Defensa trat\u00f3 de desviar la cuesti\u00f3n hacia un delito de estupro, y l\u00f3gicamente nosotros, como estrategia fundamental, la idea era que esto era un abuso sexual, es decir una violaci\u00f3n&#8221;, puntualiz\u00f3. &#8220;Dec\u00edan que no se pod\u00eda probar el abuso, que eventualmente hab\u00eda un consentimiento porque b\u00e1sicamente falt\u00f3 que le eche la culpa a la v\u00edctima,\u00a0 que ella pr\u00e1cticamente consiti\u00f3 por ser mayor de 13 a\u00f1os. Obviamente un disparate&#8221;, indic\u00f3.<\/p>\n<div class=\"external\"><iframe id=\"instagram-embed-0\" class=\"instagram-media instagram-media-rendered\" src=\"https:\/\/www.instagram.com\/tv\/CfKFRi4piBg\/embed\/captioned\/?cr=1&amp;v=14&amp;wp=540&amp;rd=https%3A%2F%2Fwww.diarioepoca.com&amp;rp=%2F1252512-tiscornia-fue-condenado-a-nueve-anos-de-prision-por-abuso-sexual-a-una-menor#%7B%22ci%22%3A0%2C%22os%22%3A3592.599999964237%2C%22ls%22%3A808.3999999761581%2C%22le%22%3A3517.599999964237%7D\" height=\"1310\" frameborder=\"0\" scrolling=\"no\" allowfullscreen=\"allowfullscreen\" data-instgrm-payload-id=\"instagram-media-payload-0\" data-mce-fragment=\"1\"><\/iframe><\/div>\n<p>&#8220;La diferencia de pena entre lo que nosotros solicitamos y lo que finalmente termina condenado es porque nosotros hab\u00edamos ampliado la acusaci\u00f3n por delito de corrupci\u00f3n que no fue acompa\u00f1ado por el Ministerio P\u00fablico, en consecuencia eso genera un debilitamiento&#8221;, expres\u00f3. Asimismo dijo &#8220;lo mismo con el monto de la pena solicitado, y el monto de la pena finalmente acordado, en raz\u00f3n de la manera que nosotros computamos los hehcos eg\u00fan la querella\u00a0 como un concurso real, en cambio el Tribunal al parecer hab\u00eda entendido que se trat\u00f3 de un conjunto de un delito continuado, es decir, un solo delito y ah\u00ed la gran diferencia de pena entre lo solicitado y lo finalmente condenado&#8221;.<\/p>\n<p>Para finalizar Rojas Buselatto dijo &#8220;reconocemos como un buen acto de justicia en considerar que no hbuo consentimiento de la v\u00edctima, que es una persona vulnerable y que en consecuencia, esto consideramos ha sido un buen fallo&#8221;, resat\u00f3. &#8220;Pero en algunos aspectos vamos a recurrirlo porque consideramos que la pena debi\u00f3 ser m\u00e1s&#8221;.<\/p>\n<h2>El hecho<\/h2>\n<p>En 2019 el reconocido Dj, fue denunciado por su expareja tras conocer el relato de su hija de que habr\u00eda sido abusada. La joven habr\u00eda sido abusada por su padrasto desde los 14 a los 17 a\u00f1os. La denunciante se anim\u00f3 a comentar a una compa\u00f1era de clases que fue v\u00edctima de abusos. As\u00ed lleg\u00f3 el relato a los directivos de la escuela y desde entonces la denuncia formal en 2019.<\/p>\n<p><strong>Ampliaremos<\/strong><\/p>\n<div class=\"external\"><iframe loading=\"lazy\" src=\"https:\/\/www.facebook.com\/plugins\/video.php?height=476&amp;href=https%3A%2F%2Fwww.facebook.com%2FDiarioEpoca%2Fvideos%2F355154630084467%2F&amp;show_text=false&amp;width=267&amp;t=0\" width=\"267\" height=\"476\" frameborder=\"0\" scrolling=\"no\" allowfullscreen=\"allowfullscreen\" data-mce-fragment=\"1\"><\/iframe><\/div>\n<div class=\"content-tags floatFix\"><label>\u00a0Tags<\/label><\/div>\n<\/div>\n<\/section>\n<\/section>\n","protected":false},"excerpt":{"rendered":"<p>Gabriel Tiscornia est\u00e1 acusado de abusar de una menor, hija de su expareja. La v\u00edctima, que adem\u00e1s tiene un leve retraso madurativo, habr\u00eda sufrido abusos durante m\u00e1s de dos a\u00f1os. El juicio de desarroll\u00f3 en el Tribunal Oral Penal N\u00b0 2. Hoy lo condenaron a nueve a\u00f1os de prisi\u00f3n al Dj correntino. La Justicia conden\u00f3 [&hellip;]<\/p>\n","protected":false},"author":3,"featured_media":54664,"comment_status":"open","ping_status":"open","sticky":false,"template":"","format":"standard","meta":{"footnotes":""},"categories":[8,10,11],"tags":[],"class_list":["post-54663","post","type-post","status-publish","format-standard","has-post-thumbnail","hentry","category-policiales","category-provinciales","category-sociedad"],"_links":{"self":[{"href":"http:\/\/informateesquina.com\/index.php?rest_route=\/wp\/v2\/posts\/54663","targetHints":{"allow":["GET"]}}],"collection":[{"href":"http:\/\/informateesquina.com\/index.php?rest_route=\/wp\/v2\/posts"}],"about":[{"href":"http:\/\/informateesquina.com\/index.php?rest_route=\/wp\/v2\/types\/post"}],"author":[{"embeddable":true,"href":"http:\/\/informateesquina.com\/index.php?rest_route=\/wp\/v2\/users\/3"}],"replies":[{"embeddable":true,"href":"http:\/\/informateesquina.com\/index.php?rest_route=%2Fwp%2Fv2%2Fcomments&post=54663"}],"version-history":[{"count":0,"href":"http:\/\/informateesquina.com\/index.php?rest_route=\/wp\/v2\/posts\/54663\/revisions"}],"wp:featuredmedia":[{"embeddable":true,"href":"http:\/\/informateesquina.com\/index.php?rest_route=\/wp\/v2\/media\/54664"}],"wp:attachment":[{"href":"http:\/\/informateesquina.com\/index.php?rest_route=%2Fwp%2Fv2%2Fmedia&parent=54663"}],"wp:term":[{"taxonomy":"category","embeddable":true,"href":"http:\/\/informateesquina.com\/index.php?rest_route=%2Fwp%2Fv2%2Fcategories&post=54663"},{"taxonomy":"post_tag","embeddable":true,"href":"http:\/\/informateesquina.com\/index.php?rest_route=%2Fwp%2Fv2%2Ftags&post=54663"}],"curies":[{"name":"wp","href":"https:\/\/api.w.org\/{rel}","templated":true}]}}