{"id":54671,"date":"2022-06-24T19:24:34","date_gmt":"2022-06-24T22:24:34","guid":{"rendered":"https:\/\/informateesquina.com\/?p=54671"},"modified":"2022-06-24T19:24:34","modified_gmt":"2022-06-24T22:24:34","slug":"se-intensifica-la-protesta-de-los-transportistas-por-el-faltante-de-gasoil-y-el-dialogo-con-el-gobierno-no-logro-avances","status":"publish","type":"post","link":"http:\/\/informateesquina.com\/?p=54671","title":{"rendered":"Se intensifica la protesta de los transportistas por el faltante de gasoil y el di\u00e1logo con el Gobierno no logr\u00f3 avances"},"content":{"rendered":"<header class=\"article-header-wrapper\">\n<div class=\"article-header\">\n<p class=\"paragraph\"><mark class=\"hl_yellow\"><b>El interior del pa\u00eds atraviesa momentos de elevada tensi\u00f3n. El faltante de gasoil ha derivado en una protesta por tiempo indeterminado de algunos sectores del transporte de carga, con bloqueos en diferentes rutas. Mientras tanto ayer fracas\u00f3 una reuni\u00f3n en el ministerio de Transporte, y el ministro de Agricultura, Juli\u00e1n Dom\u00ednguez, garantiz\u00f3 que habr\u00e1 abastecimiento en los pr\u00f3ximos d\u00edas.<\/b><\/mark><\/p>\n<p class=\"paragraph\">El paro de los transportistas es encabezado por los integrantes de Transportistas Unidos de la Argentina (TUDA), Autoconvocados Unidos, y del Sindicato \u00danico de Trabajadores de Administraciones Portuarias (SUTAP). Los principales reclamos son el normal abastecimiento de combustible y a precios similares a los de Capital Federal, acceder sin problemas a los insumos como neum\u00e1ticos y repuestos, cuya escasez se ha profundizado en los \u00faltimos meses, y una actualizaci\u00f3n de la tarifa de flete ante el aumento que vienen registrando los costos de la actividad.<\/p>\n<\/div>\n<div class=\"nd-buttons-container\">\n<div class=\"Sms social-share\"><\/div>\n<\/div>\n<\/header>\n<article class=\"article\">\n<div class=\"nd-body-article\">\n<div class=\"visual__image\"><img loading=\"lazy\" decoding=\"async\" class=\"\" src=\"https:\/\/cloudfront-us-east-1.images.arcpublishing.com\/infobae\/4EXJM6IE7JCLZOPPVAJEG6KXUM.jpeg\" sizes=\"auto, (min-width: 800px) 50vw, 90vw\" srcset=\"https:\/\/www.infobae.com\/new-resizer\/nlFlN-lVIAZPFWaYR8w4i8kgpAc=\/420x236\/filters:format(webp):quality(85)\/cloudfront-us-east-1.images.arcpublishing.com\/infobae\/4EXJM6IE7JCLZOPPVAJEG6KXUM.jpeg 420w,https:\/\/www.infobae.com\/new-resizer\/KmIQvvH0E4eXoEl7URg8UbF5fRw=\/768x432\/filters:format(webp):quality(85)\/cloudfront-us-east-1.images.arcpublishing.com\/infobae\/4EXJM6IE7JCLZOPPVAJEG6KXUM.jpeg 768w,https:\/\/www.infobae.com\/new-resizer\/qV1yi_Bwsja9aTV0hGzrwhvVSaI=\/992x558\/filters:format(webp):quality(85)\/cloudfront-us-east-1.images.arcpublishing.com\/infobae\/4EXJM6IE7JCLZOPPVAJEG6KXUM.jpeg 992w,https:\/\/www.infobae.com\/new-resizer\/jk7VjqyoLTIUInCg5wIVX5GkDlw=\/1200x675\/filters:format(webp):quality(85)\/cloudfront-us-east-1.images.arcpublishing.com\/infobae\/4EXJM6IE7JCLZOPPVAJEG6KXUM.jpeg 1200w,https:\/\/www.infobae.com\/new-resizer\/zUPEMKSbZ9oFZAsSs_6TrrvfcQk=\/1440x810\/filters:format(webp):quality(85)\/cloudfront-us-east-1.images.arcpublishing.com\/infobae\/4EXJM6IE7JCLZOPPVAJEG6KXUM.jpeg 1440w\" alt=\"Se agrava el conflicto de los transportistas de carga. \" width=\"1599\" height=\"899\" \/>Se agrava el conflicto de los transportistas de carga.<\/div>\n<p class=\"paragraph\">\n<p class=\"paragraph\">Durante la jornada de ayer hubo manifestaciones de camioneros al costado de la ruta en diferentes puntos del pa\u00eds, y en algunos lugares se registraron bloqueos, como en\u00a0<b>R\u00edo Negro, Neuqu\u00e9n, Santiago del Estero, Corrientes, Misiones, Entre R\u00edos, C\u00f3rdoba, Santa Fe, Catamarca y Buenos Aires<\/b>. Y tambi\u00e9n se registr\u00f3 un bloqueo con camiones en la Autopista La Plata &#8211; Buenos Aires durante m\u00e1s de dos horas, y que cont\u00f3 con la intervenci\u00f3n del ministro de Seguridad bonaerense,\u00a0<b>Sergio Berni<\/b>.<\/p>\n<p class=\"paragraph\">En la protesta se impidi\u00f3 la circulaci\u00f3n del transporte de carga, mientras que hay una libre circulaci\u00f3n de los autom\u00f3viles particulares, el transporte de pasajeros, el transporte de caudales y los servicios de emergencia. A todo esto, la provincia de\u00a0<b>Tucum\u00e1n sigue siendo otro de los epicentros del reclamo.\u00a0<\/b>El presidente de<b>\u00a0<\/b>la C\u00e1mara de Transportistas de Carga de Tucum\u00e1n,\u00a0<b>Eduardo Reinoso<\/b>, confirm\u00f3 en las \u00faltimas horas que no se levanta el paro por tiempo indeterminado.<\/p>\n<p class=\"paragraph\">El Gobierno con la intenci\u00f3n de encontrar una salida al conflicto, convoc\u00f3 ayer a la tarde a los organizadores de la protesta a una reuni\u00f3n en el ministerio de Transporte.\u00a0<b>La misma fracas\u00f3 porque los transportistas decidieron no participar ante la ausencia del titular del \u00e1rea, Alexis Guerrera. Seg\u00fan inform\u00f3 ese ministerio, \u201clos manifestantes no pudieron ponerse de acuerdo entre ellos con quienes iban a asistir a la reuni\u00f3n en representaci\u00f3n del grupo, logrando as\u00ed no asistir a la convocatoria realizada por el gobierno nacional y provincial al di\u00e1logo\u201d<\/b>. La reuni\u00f3n \u201cno se realiz\u00f3 porque \u00e9stos no asistieron\u201d, agregaron en Transporte.<\/p>\n<div>\n<div id=\"Goi3b7Lu\" class=\"jwplayer jw-reset jw-state-idle jw-stretch-uniform jw-flag-aspect-mode jw-breakpoint-4 jw-floating-dismissible jw-flag-user-inactive\" tabindex=\"0\" role=\"application\" aria-label=\"Reproductor de Video\" aria-describedby=\"jw-shortcuts-tooltip-explanation\">\n<div class=\"jw-wrapper jw-reset\">\n<div class=\"jw-controls jw-reset\">\n<div class=\"jw-nextup-container jw-reset\">\n<div class=\"jw-nextup jw-background-color jw-reset jw-nextup-thumbnail-visible\"><\/div>\n<\/div>\n<\/div>\n<\/div>\n<\/div>\n<\/div>\n<h2 class=\"jwplayer-ctn\"><span style=\"color: #ff00ff;\">Protesta de transportistas en Tucum\u00e1n<\/span><\/h2>\n<p class=\"paragraph\">Los autoconvocados que hicieron los cortes aseguraron que esta ma\u00f1ana el ministro de Seguridad de Buenos Aires,\u00a0<b>Sergio Berni<\/b>, se comprometi\u00f3 a que en la mesa de di\u00e1logo iban a estar presentes el ministro de Transporte,\u00a0<b>Alexis Guerrera<\/b>, el de Econom\u00eda,\u00a0<b>Mart\u00edn Guzm\u00e1n,<\/b>\u00a0y el secretario de Energ\u00eda,\u00a0<b>Dar\u00edo Mart\u00ednez<\/b>. Sin embargo, los funcionarios que estaban preparados para recibirlos eran la subsecretaria de Transporte Automotor de la Naci\u00f3n,\u00a0<b>Laura Labat<\/b>, la subsecretaria de Hidrocarburos,<b>\u00a0Maggie Videla<\/b>, y director de Transporte de Cargas bonaerense,\u00a0<b>Miguel Betilli.<\/b><\/p>\n<p class=\"paragraph\">Mas temprano,\u00a0<b>el ministerio de Transporte hab\u00eda confirmado la presencia en el encuentro del ministro Carrera, el secretario Mart\u00ednez y el ministro de Transporte de la Provincia de Buenos Aires, Jorge D\u00b4Onofrio.\u00a0<\/b>\u201cLa reuni\u00f3n nunca comenz\u00f3 porque\u00a0<b>el ministro de Transporte rompi\u00f3 su promesa de estar presente en la reuni\u00f3n, tal como se hab\u00eda acordado. A partir de esto, van a continuar las medidas de fuerza\u201d,\u00a0<\/b>dijo a\u00a0<b>Infobae\u00a0<\/b>uno de los transportistas<b>, Santiago Carlucci.<\/b><\/p>\n<p class=\"paragraph\"><b>Una promesa desde Agricultura<\/b><\/p>\n<p class=\"paragraph\">Mientras fracasaba ayer la reuni\u00f3n en el ministerio de Transporte, el ministro de Agricultura,\u00a0<b>Juli\u00e1n Dom\u00ednguez<\/b>, hac\u00eda referencia al problema de la escasez de gasoil que afecta a 21 provincias, durante su exposici\u00f3n ante los integrantes de la Comisi\u00f3n de Agricultura y Ganader\u00eda de diputados.<\/p>\n<p class=\"paragraph\">El funcionario adelant\u00f3 que en los pr\u00f3ximos 15 d\u00edas ingresar\u00e1n al pa\u00eds 3 barcos con gasoil, que en total transportar\u00e1n unos 150.000 metros c\u00fabicos, que en la conversi\u00f3n son unos 150 millones de litros. Adem\u00e1s, se\u00f1al\u00f3 que el di\u00e1logo que mantuvo con el sector privado, en 7 a 12 d\u00edas estar\u00e1 funcionando a pleno el aumento del corte de biodi\u00e9sel con gasoil, que pas\u00f3 del 5 al 12,5% para los pr\u00f3ximos dos meses.\u00a0<b>\u201cYo quiero garantizar que en los pr\u00f3ximos dos meses, con estos dos instrumentos, el sector va a estar abastecido.<\/b>\u00a0Todo esto formaba parte de las estrategias de la Secretar\u00eda de Energ\u00eda para dar respuesta a esta crisis\u201d, dijo el ministro.<\/p>\n<div class=\"visual__image\"><img loading=\"lazy\" decoding=\"async\" class=\"\" src=\"https:\/\/cloudfront-us-east-1.images.arcpublishing.com\/infobae\/RMS36MZ5ZNHWPLDQ75VZ3JVPZM.jpg\" sizes=\"auto, (min-width: 800px) 50vw, 90vw\" srcset=\"https:\/\/www.infobae.com\/new-resizer\/RfDYXynPuBokvlJ7CYLoy9Z8P6Q=\/420x236\/filters:format(webp):quality(85)\/cloudfront-us-east-1.images.arcpublishing.com\/infobae\/RMS36MZ5ZNHWPLDQ75VZ3JVPZM.jpg 420w,https:\/\/www.infobae.com\/new-resizer\/7dWc62GItSREK-BZq7zWwHU6Do8=\/768x432\/filters:format(webp):quality(85)\/cloudfront-us-east-1.images.arcpublishing.com\/infobae\/RMS36MZ5ZNHWPLDQ75VZ3JVPZM.jpg 768w,https:\/\/www.infobae.com\/new-resizer\/3mO_Ris4EPjaQqpzTRJJjOX83po=\/992x558\/filters:format(webp):quality(85)\/cloudfront-us-east-1.images.arcpublishing.com\/infobae\/RMS36MZ5ZNHWPLDQ75VZ3JVPZM.jpg 992w,https:\/\/www.infobae.com\/new-resizer\/QIK5rcVLVipq7J4jFDnOKm3_cq0=\/1200x675\/filters:format(webp):quality(85)\/cloudfront-us-east-1.images.arcpublishing.com\/infobae\/RMS36MZ5ZNHWPLDQ75VZ3JVPZM.jpg 1200w,https:\/\/www.infobae.com\/new-resizer\/qt_TUD8tonz-llJyi5HybveqRbY=\/1440x810\/filters:format(webp):quality(85)\/cloudfront-us-east-1.images.arcpublishing.com\/infobae\/RMS36MZ5ZNHWPLDQ75VZ3JVPZM.jpg 1440w\" alt=\"El ministro de Agricultura durante su exposici\u00f3n en diputados. \" width=\"1920\" height=\"1080\" \/>El ministro de Agricultura durante su exposici\u00f3n en diputados.<\/div>\n<p class=\"paragraph\">Y agreg\u00f3: \u201cDebo confesarles que el diagn\u00f3stico en el mes de enero sobre el tema gasoil, no ten\u00edamos en claro lo que iba a pasar. Y permanentemente transmitimos la preocupaci\u00f3n y sab\u00edamos el impacto que esto iba a tener en la econom\u00eda de nuestro pa\u00eds.\u00a0<b>La respuesta que t\u00e9cnicamente tenemos es que hay dificultades con la log\u00edstica, pero que gasoil no va a faltar. No va a faltar el gasoil ni para la siembra ni para la cosecha, seguramente dificultades vamos a tener, pero vamos a garantizar la provisi\u00f3n para que se pueda sembrar y cosechar<\/b>\u201d.<\/p>\n<p class=\"paragraph\">Por \u00faltimo, el titular de cartera agropecuaria precis\u00f3 que hay una disputa por la compra de gas y de combustible a nivel mundial, donde en Estados Unidos el precio del gal\u00f3n de combustible lleg\u00f3 a niveles que nunca antes hab\u00eda llegado y con Inglaterra que enfrenta problemas en sus surtidores. \u201cUstedes me van a decir que se utiliza la guerra para explicar todo, pero la verdad que es un componente que ha desordenado todo el escenario global\u201d, concluy\u00f3.<\/p>\n<\/div>\n<\/article>\n","protected":false},"excerpt":{"rendered":"<p>El interior del pa\u00eds atraviesa momentos de elevada tensi\u00f3n. El faltante de gasoil ha derivado en una protesta por tiempo indeterminado de algunos sectores del transporte de carga, con bloqueos en diferentes rutas. Mientras tanto ayer fracas\u00f3 una reuni\u00f3n en el ministerio de Transporte, y el ministro de Agricultura, Juli\u00e1n Dom\u00ednguez, garantiz\u00f3 que habr\u00e1 abastecimiento [&hellip;]<\/p>\n","protected":false},"author":3,"featured_media":54672,"comment_status":"open","ping_status":"open","sticky":false,"template":"","format":"standard","meta":{"footnotes":""},"categories":[7,9,11],"tags":[],"class_list":["post-54671","post","type-post","status-publish","format-standard","has-post-thumbnail","hentry","category-nacionales","category-politica","category-sociedad"],"_links":{"self":[{"href":"http:\/\/informateesquina.com\/index.php?rest_route=\/wp\/v2\/posts\/54671","targetHints":{"allow":["GET"]}}],"collection":[{"href":"http:\/\/informateesquina.com\/index.php?rest_route=\/wp\/v2\/posts"}],"about":[{"href":"http:\/\/informateesquina.com\/index.php?rest_route=\/wp\/v2\/types\/post"}],"author":[{"embeddable":true,"href":"http:\/\/informateesquina.com\/index.php?rest_route=\/wp\/v2\/users\/3"}],"replies":[{"embeddable":true,"href":"http:\/\/informateesquina.com\/index.php?rest_route=%2Fwp%2Fv2%2Fcomments&post=54671"}],"version-history":[{"count":0,"href":"http:\/\/informateesquina.com\/index.php?rest_route=\/wp\/v2\/posts\/54671\/revisions"}],"wp:featuredmedia":[{"embeddable":true,"href":"http:\/\/informateesquina.com\/index.php?rest_route=\/wp\/v2\/media\/54672"}],"wp:attachment":[{"href":"http:\/\/informateesquina.com\/index.php?rest_route=%2Fwp%2Fv2%2Fmedia&parent=54671"}],"wp:term":[{"taxonomy":"category","embeddable":true,"href":"http:\/\/informateesquina.com\/index.php?rest_route=%2Fwp%2Fv2%2Fcategories&post=54671"},{"taxonomy":"post_tag","embeddable":true,"href":"http:\/\/informateesquina.com\/index.php?rest_route=%2Fwp%2Fv2%2Ftags&post=54671"}],"curies":[{"name":"wp","href":"https:\/\/api.w.org\/{rel}","templated":true}]}}