{"id":54677,"date":"2022-06-24T22:05:46","date_gmt":"2022-06-25T01:05:46","guid":{"rendered":"https:\/\/informateesquina.com\/?p=54677"},"modified":"2022-06-24T22:05:46","modified_gmt":"2022-06-25T01:05:46","slug":"cuantos-beneficiarios-de-planes-sociales-tiene-cada-organizacion","status":"publish","type":"post","link":"http:\/\/informateesquina.com\/?p=54677","title":{"rendered":"Cu\u00e1ntos beneficiarios de planes sociales tiene cada organizaci\u00f3n"},"content":{"rendered":"<div class=\"lay --apertura\">\n<div class=\"row\">\n<div class=\"col-12\">\n<p class=\"com-title --threexl\"><span style=\"font-size: 1.953em;\">Tanto los movimientos oficialistas como los opositores salieron al cruce de Cristina Kirchner, quien critic\u00f3 la \u201ctercerizaci\u00f3n\u201d de la pol\u00edtica social<\/span><\/p>\n<\/div>\n<\/div>\n<\/div>\n<div class=\"lay-sidebar\">\n<div class=\"sidebar__main\">\n<div class=\"row\">\n<div class=\"col-12 \">\n<div class=\"row FirmaAutor\">\n<div class=\"col-12\">\n<section class=\"mod-autor\">\n<div class=\"container-text\">\n<div class=\"container-medio\"><\/div>\n<\/div>\n<\/section>\n<\/div>\n<\/div>\n<section class=\"mod-opening\">\n<div class=\"content-media\">\n<section id=\"KBP6ZOU3PRCZHOJ64MWNLNXLOQ\" class=\"mod-media   \" role=\"button\">\n<figure class=\"mod-figure --horizontal\" role=\"button\">\n<div class=\"placeholder \"><img loading=\"lazy\" decoding=\"async\" class=\"com-image \" src=\"https:\/\/www.lanacion.com.ar\/resizer\/JU82tHuL9dYgrl896k2IGgUgvlg=\/309x206\/smart\/filters:format(webp):quality(80)\/cloudfront-us-east-1.images.arcpublishing.com\/lanacionar\/KBP6ZOU3PRCZHOJ64MWNLNXLOQ.JPG\" srcset=\"https:\/\/www.lanacion.com.ar\/resizer\/JU82tHuL9dYgrl896k2IGgUgvlg=\/309x206\/smart\/filters:format(webp):quality(80)\/cloudfront-us-east-1.images.arcpublishing.com\/lanacionar\/KBP6ZOU3PRCZHOJ64MWNLNXLOQ.JPG 309w, https:\/\/www.lanacion.com.ar\/resizer\/ALlCIKVjQm_l-_HTLja9NTQQAio=\/351x234\/smart\/filters:format(webp):quality(80)\/cloudfront-us-east-1.images.arcpublishing.com\/lanacionar\/KBP6ZOU3PRCZHOJ64MWNLNXLOQ.JPG 351w, https:\/\/www.lanacion.com.ar\/resizer\/4CdvHfqQJhNSk1SL1UN-fKFy6oA=\/768x512\/smart\/filters:format(webp):quality(80)\/cloudfront-us-east-1.images.arcpublishing.com\/lanacionar\/KBP6ZOU3PRCZHOJ64MWNLNXLOQ.JPG 768w, https:\/\/www.lanacion.com.ar\/resizer\/TshgdAZEqof8bzO9AbJ0GPK9X70=\/879x586\/smart\/filters:format(webp):quality(80)\/cloudfront-us-east-1.images.arcpublishing.com\/lanacionar\/KBP6ZOU3PRCZHOJ64MWNLNXLOQ.JPG 879w, https:\/\/www.lanacion.com.ar\/resizer\/KhicDKe2lB1lZ9fXya-LKOK9Raw=\/1200x800\/smart\/filters:format(webp):quality(80)\/cloudfront-us-east-1.images.arcpublishing.com\/lanacionar\/KBP6ZOU3PRCZHOJ64MWNLNXLOQ.JPG 1200w\" alt=\"Distintas organizaciones sociales cortan los accesos a CABA y marchan al Ministerio de Desarrollo Social\" width=\"768\" height=\"513\" \/><\/div><figcaption class=\"mod-figcaption\"><span class=\"com-text --caption --twoxs\">Distintas organizaciones sociales cortan los accesos a CABA y marchan al Ministerio de Desarrollo Social<\/span><span class=\"com-text --credit --twoxs\">Gerardo Viercovich &#8211; LA NACION<\/span><\/figcaption><\/figure>\n<\/section>\n<\/div>\n<\/section>\n<\/div>\n<\/div>\n<section class=\"cuerpo__nota\">\n<div class=\"row\">\n<div class=\"col-deskxl-10 offset-deskxl-1 col-desksm-11\">\n<div class=\"row\">\n<div class=\"col-12\">\n<p class=\"com-paragraph  --capital --s\">La in\u00e9dita escalada en el conflicto entre los movimientos sociales y Cristina Kirchner\u00a0<strong>puso en alerta tanto a las agrupaciones oficialistas como a las de izquierda<\/strong>. Ante las cr\u00edticas de la vicepresidenta el lunes \u00faltimo en\u00a0un acto de la CTA, cuando pidi\u00f3 que el Estado asuma el control de los planes sociales y deje de \u201ctercerizarse\u201d la ayuda social,\u00a0<strong>los dirigentes territoriales cerraron filas, reivindicaron el trabajo que realizan en los barrios y criticaron con dureza las palabras de la exmandataria<\/strong>.<\/p>\n<p class=\"com-paragraph   --s\"><strong>\u201cLa idea de que los intendentes vuelvan a administrar los planes es un retroceso\u201d<\/strong>, dijo esta semana el referente del Movimiento Evita,\u00a0<strong>Emilio P\u00e9rsico<\/strong>, quien adem\u00e1s se desempe\u00f1a como funcionario del ministerio de Desarrollo Social. Son m\u00e1s de\u00a0<mark class=\"hl_underline\"><strong>1.200.000 los beneficiarios del\u00a0<\/strong><\/mark><a class=\"com-link\" style=\"box-sizing: border-box; margin: 0px; padding: 0px; border: 0px; font-style: inherit; font-variant: inherit; font-weight: inherit; font-stretch: inherit; line-height: inherit; font-family: inherit; font-size: 19px; vertical-align: baseline; outline: none; text-decoration: none; color: #0250c9; user-select: text !important;\" title=\"&lt;mark class=&quot;hl_underline&quot;&gt;Potenciar Trabajo&lt;\/mark&gt;\" href=\"https:\/\/www.lanacion.com.ar\/politica\/potenciar-trabajo-como-impacta-en-la-desocupacion-y-como-se-distribuye-en-el-pais-nid21062022\/\" target=\"_self\" data-reactroot=\"\" rel=\"noopener\"><mark class=\"hl_underline\"><strong>Potenciar Trabajo<\/strong><\/mark><\/a>\u00a0que existen a lo largo y a lo ancho del pa\u00eds, aunque en su mayor\u00eda se concentran en el conurbano bonaerense.<\/p>\n<div class=\"content-media\">\n<section class=\"mod-media --zoom  \" role=\"button\">\n<figure class=\"mod-figure \" role=\"button\">\n<div class=\"placeholder \"><img loading=\"lazy\" decoding=\"async\" class=\"com-image \" src=\"https:\/\/resizer.glanacion.com\/resizer\/2wIjMOMYMDOdGgK9XlZIkpbTSoY=\/310x0\/filters:format(webp):quality(80)\/cloudfront-us-east-1.images.arcpublishing.com\/lanacionar\/EWAFGAIFR5EK7OY4EXVZ4EP2NQ.JPG\" srcset=\"https:\/\/resizer.glanacion.com\/resizer\/2F-MOrg0tteiDpCuuzOUsPndiJU=\/879x0\/filters:format(webp):quality(80)\/cloudfront-us-east-1.images.arcpublishing.com\/lanacionar\/EWAFGAIFR5EK7OY4EXVZ4EP2NQ.JPG 879w, https:\/\/resizer.glanacion.com\/resizer\/cw0OV94gYqd-zExnIrqFracc5VA=\/690x0\/filters:format(webp):quality(80)\/cloudfront-us-east-1.images.arcpublishing.com\/lanacionar\/EWAFGAIFR5EK7OY4EXVZ4EP2NQ.JPG 690w, https:\/\/resizer.glanacion.com\/resizer\/Zf1wemD--7PtACCPSNNPwsODENg=\/768x0\/filters:format(webp):quality(80)\/cloudfront-us-east-1.images.arcpublishing.com\/lanacionar\/EWAFGAIFR5EK7OY4EXVZ4EP2NQ.JPG 768w, https:\/\/resizer.glanacion.com\/resizer\/ANaQ3GvnVv-WuIioEembmp2JNrU=\/350x0\/filters:format(webp):quality(80)\/cloudfront-us-east-1.images.arcpublishing.com\/lanacionar\/EWAFGAIFR5EK7OY4EXVZ4EP2NQ.JPG 350w, https:\/\/resizer.glanacion.com\/resizer\/2wIjMOMYMDOdGgK9XlZIkpbTSoY=\/310x0\/filters:format(webp):quality(80)\/cloudfront-us-east-1.images.arcpublishing.com\/lanacionar\/EWAFGAIFR5EK7OY4EXVZ4EP2NQ.JPG 310w\" alt=\"Protestas y cortes en la ciudad de Buenos Aires, hay caos de tr\u00e1nsito\" width=\"1360\" height=\"906\" \/><\/div><figcaption class=\"mod-figcaption\"><span class=\"com-text --caption --twoxs\">Protestas y cortes en la ciudad de Buenos Aires, hay caos de tr\u00e1nsito<\/span><span class=\"com-text --credit --twoxs\">Fabi\u00e1n Marelli<\/span><\/figcaption><\/figure>\n<\/section>\n<\/div>\n<p class=\"com-paragraph   --s\">En gran parte de los casos,\u00a0<strong>las organizaciones hacen las veces de intermediarias\u00a0<\/strong>al coordinar unidades ejecutoras donde cada una de las personas deben cumplir con la jornada de\u00a0<strong>cuatro horas laborales<\/strong>\u00a0que les exige el programa para el cobro del equivalente a medio salario m\u00ednimo (<strong>$22.770<\/strong>), mediante una tarjeta individual. El resto de los programas, en tanto, se encuentran a cargo de ONGs y de distintas instituciones no partidarias.<\/p>\n<h2 class=\"com-title --l\"><u>Oficialistas<\/u><\/h2>\n<h2 class=\"com-title --l\">Movimiento Evita<\/h2>\n<p class=\"com-paragraph   --s\">El Movimiento Evita se convirti\u00f3 en un resorte fundamental del acotado poder que logr\u00f3 edificar Alberto Fern\u00e1ndez desde su llegada a la Casa Rosada. Con los dirigentes\u00a0<strong>Emilio P\u00e9rsico<\/strong>\u00a0y\u00a0<strong>Fernando \u201cChino\u201d Navarro<\/strong>\u00a0a la cabeza, desde la organizaci\u00f3n m\u00e1s numerosa de la\u00a0<strong>Uni\u00f3n de Trabajadores de la Econom\u00eda Popular (UTEP)<\/strong>\u00a0aseguraron que cuentan en sus filas con alrededor de\u00a0<mark class=\"hl_underline\"><strong>100.000 programas<\/strong><\/mark><strong>\u00a0Potenciar Trabajo\u00a0<\/strong>a nivel nacional. \u201cSe suele caer en la tentaci\u00f3n de cuantificar a las organizaciones populares a partir de sus \u2018beneficiarios\u2019, pero la red comunitaria excede much\u00edsimo a eso\u201d, se\u00f1al\u00f3 el dirigente\u00a0<strong>Gildo Onorato<\/strong>\u00a0al ser consultado al respecto por\u00a0<strong>LA NACION<\/strong>.<\/p>\n<div class=\"content-media\">\n<section class=\"mod-media --zoom  \" role=\"button\">\n<figure class=\"mod-figure \" role=\"button\">\n<div class=\"placeholder \"><img loading=\"lazy\" decoding=\"async\" class=\"com-image \" src=\"https:\/\/resizer.glanacion.com\/resizer\/XE6XDmdGxystC7xh97t2m2DfzSk=\/310x0\/filters:format(webp):quality(80)\/cloudfront-us-east-1.images.arcpublishing.com\/lanacionar\/3XS4D5BVHZESTFCYHV4IMQYPAY.jpg\" srcset=\"https:\/\/resizer.glanacion.com\/resizer\/UdNbswdEgyw2ixhOc9fbdMXxAM4=\/879x0\/filters:format(webp):quality(80)\/cloudfront-us-east-1.images.arcpublishing.com\/lanacionar\/3XS4D5BVHZESTFCYHV4IMQYPAY.jpg 879w, https:\/\/resizer.glanacion.com\/resizer\/UfNQQWTv0kDG4KIym40F65ncxG4=\/690x0\/filters:format(webp):quality(80)\/cloudfront-us-east-1.images.arcpublishing.com\/lanacionar\/3XS4D5BVHZESTFCYHV4IMQYPAY.jpg 690w, https:\/\/resizer.glanacion.com\/resizer\/FBvMQ4mJqCFyr7CP2lIu5Egl5yg=\/768x0\/filters:format(webp):quality(80)\/cloudfront-us-east-1.images.arcpublishing.com\/lanacionar\/3XS4D5BVHZESTFCYHV4IMQYPAY.jpg 768w, https:\/\/resizer.glanacion.com\/resizer\/gUxZoKdK145nd8gxzc1iYjV0yd0=\/350x0\/filters:format(webp):quality(80)\/cloudfront-us-east-1.images.arcpublishing.com\/lanacionar\/3XS4D5BVHZESTFCYHV4IMQYPAY.jpg 350w, https:\/\/resizer.glanacion.com\/resizer\/XE6XDmdGxystC7xh97t2m2DfzSk=\/310x0\/filters:format(webp):quality(80)\/cloudfront-us-east-1.images.arcpublishing.com\/lanacionar\/3XS4D5BVHZESTFCYHV4IMQYPAY.jpg 310w\" alt=\"Emilio P\u00e9rsico\" width=\"3511\" height=\"2282\" \/><\/div><figcaption class=\"mod-figcaption\"><span class=\"com-text --caption --twoxs\">Emilio P\u00e9rsico<\/span><span class=\"com-text --credit --twoxs\">Movimiento Evita<\/span><\/figcaption><\/figure>\n<\/section>\n<\/div>\n<p class=\"com-paragraph   --s\"><mark class=\"hl_underline\"><strong>\u201cHay unidades de gesti\u00f3n de 200, de 500, hasta de 2000 personas, que oscila de acuerdo a la zona del pa\u00eds\u201d<\/strong><\/mark>, agreg\u00f3 el secretario gremial de la UTEP, quien a su vez neg\u00f3 de forma rotunda que el n\u00famero de personas encuadradas en el programa del Ministerio de Desarrollo Social, y que est\u00e1n bajo la \u00f3rbita del Evita, alcance los 300.000 \u201ccomo repiten los medios\u201d.\u00a0<strong>\u201cEs mucho m\u00e1s la fantas\u00eda que la realidad\u201d<\/strong>, defini\u00f3 Onorato. Aunque admiti\u00f3 que no cuentan con una cifra precisa ya que \u201cel eje vertebrador de la organizaci\u00f3n comunitaria no es el Potenciar Trabajo, sino la econom\u00eda popular y la producci\u00f3n\u201d.<\/p>\n<p class=\"com-paragraph   --s\">Con P\u00e9rsico al frente de la\u00a0<strong>Secretar\u00eda de Econom\u00eda Social<\/strong>, un lugar estrat\u00e9gico de la cartera que encabeza\u00a0<strong>Juan Zabaleta\u00a0<\/strong>a cargo de la gesti\u00f3n del programa en cuesti\u00f3n, en el Movimiento Evita buscan enfocar sus esfuerzos en imprimirle una impronta \u201cproductiva\u201d a la pol\u00edtica social. Para ello, impulsan\u00a0un conjunto de proyectos de ley\u00a0en el Congreso que abarcar\u00eda a un universo de casi 7 millones de trabajadores no registrados. \u201cAc\u00e1 de lo que se trata es que toda la producci\u00f3n popular tenga canales institucionales que la regularicen\u201d, puntualizaron.<\/p>\n<h2 class=\"com-title --l\">Somos Barrios de Pie<\/h2>\n<p class=\"com-paragraph   --s\">Con una alianza estrat\u00e9gica tejida con el Movimiento Evita,\u00a0<strong>Somos Barrios de Pie<\/strong>\u00a0es una de las organizaciones m\u00e1s leales al Gobierno. Su referente y subsecretario de Pol\u00edticas de Integraci\u00f3n del Ministerio de Desarrollo Social,\u00a0<strong>Daniel Men\u00e9ndez<\/strong>, reconoci\u00f3 ante\u00a0<strong>LA NACION\u00a0<\/strong>que coordinan alrededor de\u00a0<mark class=\"hl_underline\"><strong>100.000<\/strong><\/mark>\u00a0programas sociales, asistencia estatal cuyos beneficiarios contraprestan en distintas unidades productivas del pa\u00eds.<\/p>\n<div class=\"content-media\">\n<section class=\"mod-media --zoom  \" role=\"button\">\n<figure class=\"mod-figure \" role=\"button\">\n<div class=\"placeholder \"><img loading=\"lazy\" decoding=\"async\" class=\"com-image \" src=\"https:\/\/resizer.glanacion.com\/resizer\/j-rSJdsQ9zqNszEOdudy46jald0=\/310x0\/filters:format(webp):quality(80)\/cloudfront-us-east-1.images.arcpublishing.com\/lanacionar\/4TDZKUQCTVGGFCJGBILJHDXZ3U.JPG\" srcset=\"https:\/\/resizer.glanacion.com\/resizer\/zyFE4Idq9np9lEeiKxx2fqivw28=\/879x0\/filters:format(webp):quality(80)\/cloudfront-us-east-1.images.arcpublishing.com\/lanacionar\/4TDZKUQCTVGGFCJGBILJHDXZ3U.JPG 879w, https:\/\/resizer.glanacion.com\/resizer\/ya4PHhaqH9kAhckE5ziRGJB_29k=\/690x0\/filters:format(webp):quality(80)\/cloudfront-us-east-1.images.arcpublishing.com\/lanacionar\/4TDZKUQCTVGGFCJGBILJHDXZ3U.JPG 690w, https:\/\/resizer.glanacion.com\/resizer\/vv9IRwIQnIBS1E4CNteyAIcYwMA=\/768x0\/filters:format(webp):quality(80)\/cloudfront-us-east-1.images.arcpublishing.com\/lanacionar\/4TDZKUQCTVGGFCJGBILJHDXZ3U.JPG 768w, https:\/\/resizer.glanacion.com\/resizer\/mH_cxCThxaf77D81ZJ_KwKeyeMw=\/350x0\/filters:format(webp):quality(80)\/cloudfront-us-east-1.images.arcpublishing.com\/lanacionar\/4TDZKUQCTVGGFCJGBILJHDXZ3U.JPG 350w, https:\/\/resizer.glanacion.com\/resizer\/j-rSJdsQ9zqNszEOdudy46jald0=\/310x0\/filters:format(webp):quality(80)\/cloudfront-us-east-1.images.arcpublishing.com\/lanacionar\/4TDZKUQCTVGGFCJGBILJHDXZ3U.JPG 310w\" alt=\"Daniel Men\u00e9ndez en el acto de la militancia llevado a cabo en el club Nueva Chicago\" width=\"2000\" height=\"1333\" \/><\/div><figcaption class=\"mod-figcaption\"><span class=\"com-text --caption --twoxs\">Daniel Men\u00e9ndez en el acto de la militancia llevado a cabo en el club Nueva Chicago<\/span><span class=\"com-text --credit --twoxs\">LA NACION<\/span><\/figcaption><\/figure>\n<\/section>\n<\/div>\n<p class=\"com-paragraph   --s\">Esta semana, Men\u00e9ndez fue uno de los dirigentes que apunt\u00f3 con mayor dureza contra la vicepresidenta Cristina Kirchner.\u00a0<strong>\u201cSe pas\u00f3 de rosca\u201d<\/strong>, dijo. Y remarc\u00f3 que el tono de su discurso fue \u201cdespectivo y maltratador\u201d.<\/p>\n<p class=\"com-paragraph   --s\">\u201cEs la referencia principal del campo nacional popular, es una dirigente indiscutida que muchos compa\u00f1eros y yo mismo nos iniciamos en la pol\u00edtica mirando, escuchando\u201d, aclar\u00f3 el dirigente en una entrevista radial, para despu\u00e9s a\u00f1adir: \u201c<strong>Pero uno no puede dejar de se\u00f1alar que son comentarios que generan mucho dolor y con los que uno no est\u00e1 de acuerdo\u201d<\/strong>.<\/p>\n<h2 class=\"com-title --l\">Corriente Clasista y Combativa (CCC)<\/h2>\n<p class=\"com-paragraph   --s\">Otra de las organizaciones que conforman la UTEP es la\u00a0<strong>Corriente Clasista y Combativa (CCC)<\/strong>, de cuya estructura dependen cerca de\u00a0<mark class=\"hl_underline\"><strong>60.000 programas sociales<\/strong><\/mark>\u00a0que est\u00e1n destinados, en tanto, a sus 300 cooperativas, en las cuales participan algo m\u00e1s de 4000 personas. Sin embargo, aseguran que \u201csolo 85 de ellas est\u00e1n activas\u201d. \u201cEsa es una pelea permanente con el Estado, que no adjudica obras a las cooperativas\u201d, precisaron desde la organizaci\u00f3n que lidera el hist\u00f3rico\u00a0<strong>Juan Carlos Alderete<\/strong>.<\/p>\n<div class=\"content-media\">\n<section class=\"mod-media --zoom  \" role=\"button\">\n<figure class=\"mod-figure \" role=\"button\">\n<div class=\"placeholder \"><img loading=\"lazy\" decoding=\"async\" class=\"com-image \" src=\"https:\/\/resizer.glanacion.com\/resizer\/elaZHGmoWa1yyFrXPZjfaTI2enk=\/310x0\/filters:format(webp):quality(80)\/cloudfront-us-east-1.images.arcpublishing.com\/lanacionar\/I7LPFW4TMNFXJK4T5JFWNGC3NQ.jpg\" srcset=\"https:\/\/resizer.glanacion.com\/resizer\/xQX_I1ZZRACw8LHZr5VkQwYw44I=\/879x0\/filters:format(webp):quality(80)\/cloudfront-us-east-1.images.arcpublishing.com\/lanacionar\/I7LPFW4TMNFXJK4T5JFWNGC3NQ.jpg 879w, https:\/\/resizer.glanacion.com\/resizer\/xaWRDWUiC13799BEhfziFoULtwA=\/690x0\/filters:format(webp):quality(80)\/cloudfront-us-east-1.images.arcpublishing.com\/lanacionar\/I7LPFW4TMNFXJK4T5JFWNGC3NQ.jpg 690w, https:\/\/resizer.glanacion.com\/resizer\/NNM37A0_xhUe3B3o5YDFFglDLdM=\/768x0\/filters:format(webp):quality(80)\/cloudfront-us-east-1.images.arcpublishing.com\/lanacionar\/I7LPFW4TMNFXJK4T5JFWNGC3NQ.jpg 768w, https:\/\/resizer.glanacion.com\/resizer\/KccuKLfqvbKzvFW8fTG7pZ_7GXc=\/350x0\/filters:format(webp):quality(80)\/cloudfront-us-east-1.images.arcpublishing.com\/lanacionar\/I7LPFW4TMNFXJK4T5JFWNGC3NQ.jpg 350w, https:\/\/resizer.glanacion.com\/resizer\/elaZHGmoWa1yyFrXPZjfaTI2enk=\/310x0\/filters:format(webp):quality(80)\/cloudfront-us-east-1.images.arcpublishing.com\/lanacionar\/I7LPFW4TMNFXJK4T5JFWNGC3NQ.jpg 310w\" alt=\"Juan Carlos Alderete\" width=\"2000\" height=\"1333\" \/><\/div><figcaption class=\"mod-figcaption\"><span class=\"com-text --caption --twoxs\">Juan Carlos Alderete<\/span><span class=\"com-text --credit --twoxs\">Archivo<\/span><\/figcaption><\/figure>\n<\/section>\n<\/div>\n<p class=\"com-paragraph   --s\">En medio de la peor crisis econ\u00f3mica y pol\u00edtica que vivi\u00f3 el pa\u00eds a finales de los 90, Alderete supo erigirse como uno de los principales dirigentes del movimiento piquetero junto a L<strong>uis D\u2019El\u00eda, Ra\u00fal Castells y N\u00e9stor Pitrola. Milit\u00f3 la abstenci\u00f3n electoral y el \u201cque se vayan todos\u201d durante el per\u00edodo de Fernando De la R\u00faa y Eduardo Duhalde<\/strong>.<\/p>\n<p class=\"com-paragraph   --s\">Los tiempos cambiaron y hoy es diputado nacional por el Frente de Todos. Sin embargo, no suele guardarse las cr\u00edticas. \u201cEl Frente de Todos sabe mi posici\u00f3n.\u00a0<strong>Cuando tengo diferencias las planteo en el bloque y p\u00fablicamente<\/strong>. No tengo porque esconder lo que yo pienso y defiendo\u201d, se\u00f1al\u00f3 Alderete a principio de a\u00f1o, en medio de la discusi\u00f3n en torno al acuerdo con el Fondo Monetario Internacional (FMI) por el que vot\u00f3 en contra.<\/p>\n<h2 class=\"com-title --l\">Movimiento de Trabajadores Excluidos (MTE)<\/h2>\n<p class=\"com-paragraph   --s\">El\u00a0<strong>Movimiento de Trabajadores Excluidos (MTE)<\/strong>\u00a0que lidera el dirigente social Juan Grabois reconoci\u00f3 ante\u00a0<strong>LA NACION\u00a0<\/strong>que cerca de\u00a0<mark class=\"hl_underline\"><strong>50.000 personas\u00a0<\/strong><\/mark>que forman parte de su organizaci\u00f3n \u201ccobran un salario social complementario en el marco del programa Potenciar Trabajo\u201d. Es un tercio del total de quienes forman parte de sus filas: 150.000 trabajadores, distribuidos en todo el pa\u00eds en m\u00e1s de 1.200 cooperativas y grupos de trabajo de base que desarrollan actividades en distintas ramas de la denominada \u201ceconom\u00eda popular\u201d.<\/p>\n<div class=\"content-media\">\n<section class=\"mod-media --zoom  \" role=\"button\">\n<figure class=\"mod-figure \" role=\"button\">\n<div class=\"placeholder \"><img loading=\"lazy\" decoding=\"async\" class=\"com-image \" src=\"https:\/\/resizer.glanacion.com\/resizer\/w1Cb4iRHGNs3jB3Epn8si4e0l_s=\/310x0\/filters:format(webp):quality(80)\/cloudfront-us-east-1.images.arcpublishing.com\/lanacionar\/LOR773J4D5AZNLW6AJ5EFWR3AU.jpeg\" srcset=\"https:\/\/resizer.glanacion.com\/resizer\/ySiNb79TOplRgzSM8AkTpyMJuyE=\/879x0\/filters:format(webp):quality(80)\/cloudfront-us-east-1.images.arcpublishing.com\/lanacionar\/LOR773J4D5AZNLW6AJ5EFWR3AU.jpeg 879w, https:\/\/resizer.glanacion.com\/resizer\/ph0YUcXEMO1eOWiVJZ5fN7p9SQI=\/690x0\/filters:format(webp):quality(80)\/cloudfront-us-east-1.images.arcpublishing.com\/lanacionar\/LOR773J4D5AZNLW6AJ5EFWR3AU.jpeg 690w, https:\/\/resizer.glanacion.com\/resizer\/JJvJ_sj1Xg-5peNFgVfeHVaTKao=\/768x0\/filters:format(webp):quality(80)\/cloudfront-us-east-1.images.arcpublishing.com\/lanacionar\/LOR773J4D5AZNLW6AJ5EFWR3AU.jpeg 768w, https:\/\/resizer.glanacion.com\/resizer\/Nu9oN6yA1fvPin31jErSm4KqtKE=\/350x0\/filters:format(webp):quality(80)\/cloudfront-us-east-1.images.arcpublishing.com\/lanacionar\/LOR773J4D5AZNLW6AJ5EFWR3AU.jpeg 350w, https:\/\/resizer.glanacion.com\/resizer\/w1Cb4iRHGNs3jB3Epn8si4e0l_s=\/310x0\/filters:format(webp):quality(80)\/cloudfront-us-east-1.images.arcpublishing.com\/lanacionar\/LOR773J4D5AZNLW6AJ5EFWR3AU.jpeg 310w\" alt=\"Grabois\" width=\"1280\" height=\"853\" \/><\/div><figcaption class=\"mod-figcaption\"><span class=\"com-text --caption --twoxs\">Grabois<\/span><span class=\"com-text --credit --twoxs\">Prensa MTE<\/span><\/figcaption><\/figure>\n<\/section>\n<\/div>\n<p class=\"com-paragraph   --s\">\u201cEs importante destacar que las cooperativas y grupos de base tienen autonom\u00eda en la organizaci\u00f3n del trabajo\u201d, precisaron desde el MTE, al tiempo que especificaron que son muy pocos los lugares en los que el ingreso del Potenciar Trabajo es suficiente. \u201cEn la mayor\u00eda de los casos,\u00a0<strong>esta transferencia del Estado es solo una parte<\/strong>, como sucede en los Polos Textiles, Centros de Reciclado, N\u00facleos de Agricultura Familiar y Grupos de Construcci\u00f3n\u201d.<\/p>\n<h2 class=\"com-title --l\"><u>Opositoras<\/u><\/h2>\n<h2 class=\"com-title --l\">Polo Obrero<\/h2>\n<p class=\"com-paragraph   --s\">El Polo Obrero es unas de los actores que, junto al resto de las organizaciones de izquierda que conforman la Unidad Piquetera, se moviliza con cada vez mayor frecuencia por las calles del centro de la ciudad de Buenos Aires. El mes pasado, su principal dirigente,\u00a0<strong>Eduardo Belliboni<\/strong>, reconoci\u00f3\u00a0ante que quienes integran su organizaci\u00f3n realizan\u00a0<strong>un aporte del 2% de sus ingresos\u00a0<\/strong>para sostener a la organizaci\u00f3n.\u00a0<strong>\u201cEs a conciencia, voluntario, como la hist\u00f3rica cuota sindical de las las viejas organizaciones anarquistas\u201d<\/strong>, argument\u00f3 el referente de esa agrupaci\u00f3n, que tiene bajo su \u00f3rbita a alrededor de\u00a0<mark class=\"hl_underline\"><strong>60.000 beneficiarios<\/strong><\/mark>\u00a0de programas sociales.<\/p>\n<div class=\"content-media\">\n<section class=\"mod-media --zoom  \" role=\"button\">\n<figure class=\"mod-figure \" role=\"button\">\n<div class=\"placeholder \"><img loading=\"lazy\" decoding=\"async\" class=\"com-image \" src=\"https:\/\/resizer.glanacion.com\/resizer\/WAAm_sbo4vxt5CxBCIaJqy5rYso=\/310x0\/filters:format(webp):quality(80)\/cloudfront-us-east-1.images.arcpublishing.com\/lanacionar\/6XDLFFSXHJDZZATYM6W23VHHLQ.JPG\" srcset=\"https:\/\/resizer.glanacion.com\/resizer\/gLxNbD7fqO_XuuhnElJsh3uGvOQ=\/879x0\/filters:format(webp):quality(80)\/cloudfront-us-east-1.images.arcpublishing.com\/lanacionar\/6XDLFFSXHJDZZATYM6W23VHHLQ.JPG 879w, https:\/\/resizer.glanacion.com\/resizer\/ag6VKB_OKEU8__qRq8gczePooGY=\/690x0\/filters:format(webp):quality(80)\/cloudfront-us-east-1.images.arcpublishing.com\/lanacionar\/6XDLFFSXHJDZZATYM6W23VHHLQ.JPG 690w, https:\/\/resizer.glanacion.com\/resizer\/Ee_Ku5FYobX8PcUMSLrzPRNZbcU=\/768x0\/filters:format(webp):quality(80)\/cloudfront-us-east-1.images.arcpublishing.com\/lanacionar\/6XDLFFSXHJDZZATYM6W23VHHLQ.JPG 768w, https:\/\/resizer.glanacion.com\/resizer\/bLn6SO-zVO0pa6zVnjgrKJquyFE=\/350x0\/filters:format(webp):quality(80)\/cloudfront-us-east-1.images.arcpublishing.com\/lanacionar\/6XDLFFSXHJDZZATYM6W23VHHLQ.JPG 350w, https:\/\/resizer.glanacion.com\/resizer\/WAAm_sbo4vxt5CxBCIaJqy5rYso=\/310x0\/filters:format(webp):quality(80)\/cloudfront-us-east-1.images.arcpublishing.com\/lanacionar\/6XDLFFSXHJDZZATYM6W23VHHLQ.JPG 310w\" alt=\"Eduardo Belliboni l\u00edder del Polo Obrero\" width=\"1360\" height=\"906\" \/><\/div><figcaption class=\"mod-figcaption\"><span class=\"com-text --caption --twoxs\">Eduardo Belliboni l\u00edder del Polo Obrero<\/span><span class=\"com-text --credit --twoxs\">Gerardo Viercovich<\/span><\/figcaption><\/figure>\n<\/section>\n<\/div>\n<p class=\"com-paragraph   --s\">\u201cEn el Polo debemos tener unos\u00a0<strong>5.000 compa\u00f1eros que se han pasado en el \u00faltimo a\u00f1o desde el Movimiento Evita o Somos Barrio de Pie<\/strong>\u201d, indic\u00f3 Belliboni, quien encuentra en \u201cla manipulaci\u00f3n y el maltrato\u201d el factor fundamental que, seg\u00fan interpreta, empuja a las personas a buscar otras representaciones por fuera del peronismo. Se debe, a su entender, a las caracter\u00edsticas de \u201cla vieja y tradicional pol\u00edtica\u201d que todav\u00eda persisten en los territorios.<\/p>\n<p class=\"com-paragraph   --s\">A diferencia de los movimientos sociales alineados con la Casa Rosada, que plantean que\u00a0el Estado debe reconocer a los trabajadores informales\u00a0en tanto trabajadores,<strong>\u00a0las organizaciones de izquierda ven en la noci\u00f3n de \u201ceconom\u00eda popular\u201d un ardid que busca enmascarar la precarizaci\u00f3n laboral y eludir la lucha por \u201ctrabajo genuino\u201d<\/strong>. En esa l\u00ednea, Belliboni no duda en afirmar que \u201cun tipo que tiene que ir a juntar cartones no es un emprendedor\u201d, sino alguien que \u201cvive en la miseria\u201d.<\/p>\n<h2 class=\"com-title --l\">Barrios de Pie-Libres del Sur<\/h2>\n<p class=\"com-paragraph   --s\">Con presencia en todas las provincias,\u00a0<strong>Barrios de Pie-Libres del Sur<\/strong>\u00a0cuenta con alrededor de\u00a0<mark class=\"hl_underline\"><strong>85.000 integrantes que poseen un programa social<\/strong><\/mark>. \u201cLa falta de respuesta genera enojo, nosotros eso lo percibimos. Por eso muchos se acercan a las organizaciones que la estamos peleando\u201d, coment\u00f3\u00a0<strong>Silvia Saravia\u00a0<\/strong>a\u00a0<strong>LA NACION<\/strong>.<\/p>\n<div class=\"content-media\">\n<section class=\"mod-media --zoom  \" role=\"button\">\n<figure class=\"mod-figure \" role=\"button\">\n<div class=\"placeholder \"><img loading=\"lazy\" decoding=\"async\" class=\"com-image \" src=\"https:\/\/resizer.glanacion.com\/resizer\/MkvgT_IQ7Med5WoiieKLK0U8L-k=\/310x0\/filters:format(webp):quality(80)\/cloudfront-us-east-1.images.arcpublishing.com\/lanacionar\/ZEMTZZTEKBDK3EZQVE5ZC3PJ4Q.jpg\" srcset=\"https:\/\/resizer.glanacion.com\/resizer\/z9x553KzqExsK5dS55J6K1520IM=\/879x0\/filters:format(webp):quality(80)\/cloudfront-us-east-1.images.arcpublishing.com\/lanacionar\/ZEMTZZTEKBDK3EZQVE5ZC3PJ4Q.jpg 879w, https:\/\/resizer.glanacion.com\/resizer\/-u0fTqi5qMBf9acNwLmFDv8U6CE=\/690x0\/filters:format(webp):quality(80)\/cloudfront-us-east-1.images.arcpublishing.com\/lanacionar\/ZEMTZZTEKBDK3EZQVE5ZC3PJ4Q.jpg 690w, https:\/\/resizer.glanacion.com\/resizer\/ecWIsyCMzJ273Yh5lyVjLqAg4gI=\/768x0\/filters:format(webp):quality(80)\/cloudfront-us-east-1.images.arcpublishing.com\/lanacionar\/ZEMTZZTEKBDK3EZQVE5ZC3PJ4Q.jpg 768w, https:\/\/resizer.glanacion.com\/resizer\/71b_Lj9wT7eJqxAK68RlXoQN-HA=\/350x0\/filters:format(webp):quality(80)\/cloudfront-us-east-1.images.arcpublishing.com\/lanacionar\/ZEMTZZTEKBDK3EZQVE5ZC3PJ4Q.jpg 350w, https:\/\/resizer.glanacion.com\/resizer\/MkvgT_IQ7Med5WoiieKLK0U8L-k=\/310x0\/filters:format(webp):quality(80)\/cloudfront-us-east-1.images.arcpublishing.com\/lanacionar\/ZEMTZZTEKBDK3EZQVE5ZC3PJ4Q.jpg 310w\" alt=\"Silvia Saravia\" width=\"2000\" height=\"1333\" \/><\/div><figcaption class=\"mod-figcaption\"><span class=\"com-text --caption --twoxs\">Silvia Saravia<\/span><\/figcaption><\/figure>\n<\/section>\n<\/div>\n<p class=\"com-paragraph   --s\">Organizaci\u00f3n que se distanci\u00f3 de\u00a0<strong>Daniel Men\u00e9ndez<\/strong>\u00a0cuando el dirigente se ali\u00f3 a Cristina Kirchner y conform\u00f3 Somos-Barrios de Pie en 2018, el grupo que encabeza Saravia, en cambio,\u00a0<strong>mantuvo su enfrentamiento con el kirchnerismo, con el que rompi\u00f3 en 2009<\/strong>, y sostuvo su apoyo candidaturas como la de Roberto Lavagna en 2019 o la de Florencio Randazzo en 2021.<\/p>\n<h2 class=\"com-title --l\">MST Teresa Vive<\/h2>\n<p class=\"com-paragraph   --s\">Con m\u00e1s de 20.000 miembros a lo largo y a lo ancho del pa\u00eds, de los cuales\u00a0<mark class=\"hl_underline\"><strong>13.000 cuentan con un programa del Estado<\/strong><\/mark>, la organizaci\u00f3n que tiene como coordinadora nacional a\u00a0<strong>M\u00f3nica Sulle<\/strong>\u00a0se diferencia de las dem\u00e1s, seg\u00fan la propia dirigente, por el fuerte \u00edmpetu \u201cpolitizado\u201d. \u201c<strong>Hay que generarle la conciencia al compa\u00f1ero, hacerle ver por qu\u00e9 se tiene esa necesidad<\/strong>. Y que entienda que se pelea contra el sistema para no tener que seguir marchando por un plan o por comida\u201d, indic\u00f3 Sulle en di\u00e1logo con<strong>\u00a0LA NACION<\/strong>.<\/p>\n<div class=\"content-media\">\n<section class=\"mod-media --zoom  \" role=\"button\">\n<figure class=\"mod-figure \" role=\"button\">\n<div class=\"placeholder \"><img loading=\"lazy\" decoding=\"async\" class=\"com-image \" src=\"https:\/\/resizer.glanacion.com\/resizer\/uct7DRhgQPexWktYMOv2XWCBs8g=\/310x0\/filters:format(webp):quality(80)\/cloudfront-us-east-1.images.arcpublishing.com\/lanacionar\/M6UZ4G7WRJDWTMOSWMG7ARZVSQ.jpeg\" srcset=\"https:\/\/resizer.glanacion.com\/resizer\/fAdqaX34Wj2NSiOjA4_nHb3ZkRg=\/879x0\/filters:format(webp):quality(80)\/cloudfront-us-east-1.images.arcpublishing.com\/lanacionar\/M6UZ4G7WRJDWTMOSWMG7ARZVSQ.jpeg 879w, https:\/\/resizer.glanacion.com\/resizer\/EmGltoEzv4qVkN-ng8bHrFszah0=\/690x0\/filters:format(webp):quality(80)\/cloudfront-us-east-1.images.arcpublishing.com\/lanacionar\/M6UZ4G7WRJDWTMOSWMG7ARZVSQ.jpeg 690w, https:\/\/resizer.glanacion.com\/resizer\/-keE5JglzlFdZoGVN8qpVJCj6CA=\/768x0\/filters:format(webp):quality(80)\/cloudfront-us-east-1.images.arcpublishing.com\/lanacionar\/M6UZ4G7WRJDWTMOSWMG7ARZVSQ.jpeg 768w, https:\/\/resizer.glanacion.com\/resizer\/6MMl6BAuA2MHTocdPmTVIf2wLZI=\/350x0\/filters:format(webp):quality(80)\/cloudfront-us-east-1.images.arcpublishing.com\/lanacionar\/M6UZ4G7WRJDWTMOSWMG7ARZVSQ.jpeg 350w, https:\/\/resizer.glanacion.com\/resizer\/uct7DRhgQPexWktYMOv2XWCBs8g=\/310x0\/filters:format(webp):quality(80)\/cloudfront-us-east-1.images.arcpublishing.com\/lanacionar\/M6UZ4G7WRJDWTMOSWMG7ARZVSQ.jpeg 310w\" alt=\"M\u00f3nica Sulle, coordinadora nacional del MST Teresa Vive\" width=\"1280\" height=\"853\" \/><\/div><figcaption class=\"mod-figcaption\"><span class=\"com-text --caption --twoxs\">M\u00f3nica Sulle, coordinadora nacional del MST Teresa Vive<\/span><span class=\"com-text --credit --twoxs\">Prensa MST<\/span><\/figcaption><\/figure>\n<\/section>\n<\/div>\n<p class=\"com-paragraph   --s\">En ese sentido, respecto al programa Potenciar Trabajo, la dirigente aclara que\u00a0<strong>\u201ccada compa\u00f1ero tiene su propia tarjeta\u201d<\/strong>\u00a0y que la organizaci\u00f3n solo interviene cuando se reparten los cupos.\u00a0<strong>\u201cEso es lo pol\u00edtico\u201d,\u00a0<\/strong>dice, al tiempo que, al igual que el resto de la Unidad Piquetera, le exige al Gobierno que se los \u201cuniversalice\u201d.<\/p>\n<p class=\"com-paragraph   --s\">Sulle, adem\u00e1s, sostuvo que<strong>\u00a0la vicepresidenta Cristina Kirchner pretende devolver el control de los programas sociales a los jefes comunales del peronismo y as\u00ed \u201cliberarlos\u201d de \u201ctoda carga social\u201d para sumar a beneficiarios a sus respectivas plantillas de personal<\/strong>. \u201cEllos perdieron mucho en todo este tiempo, por eso necesitan hacer esa tramoya del pase a medias, de la posibilidad de irse pero no de elegir\u201d, agreg\u00f3 la referente territorial.<\/p>\n<h2 class=\"com-title --l\">Frente de Organizaciones en Lucha (FOL)\/Coordinadora por el Cambio Social<\/h2>\n<p class=\"com-paragraph   --s\">En sus or\u00edgenes, el\u00a0<strong>Frente de Organizaciones en Lucha (FOL)\u00a0<\/strong>estaba conformado por un conjunto de distintas organizaciones que surgieron al calor de la crisis del 2001. Sin embargo, aunque en su nombre contin\u00fae conservando la palabra \u201cfrente\u201d, sus dirigentes le aseguran a\u00a0<strong>LA NACION\u00a0<\/strong>que desde el 2014 conforman un \u00fanico espacio.<\/p>\n<div class=\"content-media\">\n<section class=\"mod-media --zoom  \" role=\"button\">\n<figure class=\"mod-figure \" role=\"button\">\n<div class=\"placeholder \"><img loading=\"lazy\" decoding=\"async\" class=\"com-image \" src=\"https:\/\/resizer.glanacion.com\/resizer\/zmPvyvnJ33dA-bk6UGWExv2BQ0c=\/310x0\/filters:format(webp):quality(80)\/cloudfront-us-east-1.images.arcpublishing.com\/lanacionar\/HIRPDRLRTZBNRIV6B3KBOAEW7E.JPG\" srcset=\"https:\/\/resizer.glanacion.com\/resizer\/EamCTJVYFwL0-eh4Aqcj1PC7VB8=\/879x0\/filters:format(webp):quality(80)\/cloudfront-us-east-1.images.arcpublishing.com\/lanacionar\/HIRPDRLRTZBNRIV6B3KBOAEW7E.JPG 879w, https:\/\/resizer.glanacion.com\/resizer\/7uOhEIU1lwadnC8o5TrlaGMPqCM=\/690x0\/filters:format(webp):quality(80)\/cloudfront-us-east-1.images.arcpublishing.com\/lanacionar\/HIRPDRLRTZBNRIV6B3KBOAEW7E.JPG 690w, https:\/\/resizer.glanacion.com\/resizer\/f7jcoia3tw5TpJWYw0NS_KAv02A=\/768x0\/filters:format(webp):quality(80)\/cloudfront-us-east-1.images.arcpublishing.com\/lanacionar\/HIRPDRLRTZBNRIV6B3KBOAEW7E.JPG 768w, https:\/\/resizer.glanacion.com\/resizer\/6b6RLZqFZZMuaaLVMdelSCgnXMA=\/350x0\/filters:format(webp):quality(80)\/cloudfront-us-east-1.images.arcpublishing.com\/lanacionar\/HIRPDRLRTZBNRIV6B3KBOAEW7E.JPG 350w, https:\/\/resizer.glanacion.com\/resizer\/zmPvyvnJ33dA-bk6UGWExv2BQ0c=\/310x0\/filters:format(webp):quality(80)\/cloudfront-us-east-1.images.arcpublishing.com\/lanacionar\/HIRPDRLRTZBNRIV6B3KBOAEW7E.JPG 310w\" alt=\"El Frente de Organizaciones en Lucha (FOL)\" width=\"2000\" height=\"1333\" \/><\/div><figcaption class=\"mod-figcaption\"><span class=\"com-text --caption --twoxs\">El Frente de Organizaciones en Lucha (FOL)<\/span><span class=\"com-text --credit --twoxs\">Ricardo Pristupluk &#8211; LA NACION<\/span><\/figcaption><\/figure>\n<\/section>\n<\/div>\n<p class=\"com-paragraph   --s\">A nivel nacional, el FOL cuenta con alrededor de\u00a0<strong>9.000 integrantes<\/strong>\u00a0presentes en la mayor\u00eda de las provincias.\u00a0<strong>\u201cHoy somos nosotros los que visibilizamos lo que pasa tambi\u00e9n entre los trabajadores, porque las centrales sindicales no lo hacen\u201d<\/strong>, se\u00f1ala una de sus referentes,\u00a0<strong>Damaris Rol\u00f3n<\/strong>, quien a su vez se desempe\u00f1a como vocera de la denominada\u00a0<strong>Coordinadora por el Cambio Social<\/strong>.<\/p>\n<p class=\"com-paragraph   --s\">De ese agrupamiento adem\u00e1s forman parte el Frente Popular Dar\u00edo Santill\u00e1n Corriente Plurinacional, la Federaci\u00f3n de Organizaciones de Base Aut\u00f3noma, Izquierda Latinoamericana Socialista, el Movimiento por la Unidad Latinoamericana y el Cambio Social, el Movimiento 8 de abril, la Organizaci\u00f3n Libres del Pueblo Resistir y Luchar, Igualdad Social y el Frente Arde Rojo. Entre todas las organizaciones re\u00fanen alrededor de\u00a0<mark class=\"hl_underline\"><strong>45.000<\/strong>\u00a0<strong>de programas sociales<\/strong><\/mark>.<\/p>\n<\/div>\n<\/div>\n<\/div>\n<\/div>\n<\/section>\n<\/div>\n<\/div>\n","protected":false},"excerpt":{"rendered":"<p>Tanto los movimientos oficialistas como los opositores salieron al cruce de Cristina Kirchner, quien critic\u00f3 la \u201ctercerizaci\u00f3n\u201d de la pol\u00edtica social Distintas organizaciones sociales cortan los accesos a CABA y marchan al Ministerio de Desarrollo SocialGerardo Viercovich &#8211; LA NACION La in\u00e9dita escalada en el conflicto entre los movimientos sociales y Cristina Kirchner\u00a0puso en alerta [&hellip;]<\/p>\n","protected":false},"author":3,"featured_media":54678,"comment_status":"open","ping_status":"open","sticky":false,"template":"","format":"standard","meta":{"footnotes":""},"categories":[7,11],"tags":[],"class_list":["post-54677","post","type-post","status-publish","format-standard","has-post-thumbnail","hentry","category-nacionales","category-sociedad"],"_links":{"self":[{"href":"http:\/\/informateesquina.com\/index.php?rest_route=\/wp\/v2\/posts\/54677","targetHints":{"allow":["GET"]}}],"collection":[{"href":"http:\/\/informateesquina.com\/index.php?rest_route=\/wp\/v2\/posts"}],"about":[{"href":"http:\/\/informateesquina.com\/index.php?rest_route=\/wp\/v2\/types\/post"}],"author":[{"embeddable":true,"href":"http:\/\/informateesquina.com\/index.php?rest_route=\/wp\/v2\/users\/3"}],"replies":[{"embeddable":true,"href":"http:\/\/informateesquina.com\/index.php?rest_route=%2Fwp%2Fv2%2Fcomments&post=54677"}],"version-history":[{"count":0,"href":"http:\/\/informateesquina.com\/index.php?rest_route=\/wp\/v2\/posts\/54677\/revisions"}],"wp:featuredmedia":[{"embeddable":true,"href":"http:\/\/informateesquina.com\/index.php?rest_route=\/wp\/v2\/media\/54678"}],"wp:attachment":[{"href":"http:\/\/informateesquina.com\/index.php?rest_route=%2Fwp%2Fv2%2Fmedia&parent=54677"}],"wp:term":[{"taxonomy":"category","embeddable":true,"href":"http:\/\/informateesquina.com\/index.php?rest_route=%2Fwp%2Fv2%2Fcategories&post=54677"},{"taxonomy":"post_tag","embeddable":true,"href":"http:\/\/informateesquina.com\/index.php?rest_route=%2Fwp%2Fv2%2Ftags&post=54677"}],"curies":[{"name":"wp","href":"https:\/\/api.w.org\/{rel}","templated":true}]}}