{"id":54680,"date":"2022-06-24T22:23:30","date_gmt":"2022-06-25T01:23:30","guid":{"rendered":"https:\/\/informateesquina.com\/?p=54680"},"modified":"2022-06-24T22:33:19","modified_gmt":"2022-06-25T01:33:19","slug":"la-novia-del-militar-que-murio-en-un-bautismo-de-iniciacion-conto-detalles-de-esa-noche-matias-tenia-miedo-de-ir","status":"publish","type":"post","link":"http:\/\/informateesquina.com\/?p=54680","title":{"rendered":"La novia del militar que muri\u00f3 en un bautismo de iniciaci\u00f3n cont\u00f3 detalles de esa noche: &#8220;Mat\u00edas ten\u00eda miedo de ir&#8221;"},"content":{"rendered":"<div class=\"wrapper-layout flex center-content center_story max-width\">\n<div class=\"col-content\">\n<div class=\"article__header article__story article__article\">\n<div class=\"article__head\">\n<div class=\"article__lead-art article__lead-art-photo flex flex_column\">\n<figure class=\"\">\n<div class=\"aspect_ratio__container\"><picture class=\"responsive-image\"><img decoding=\"async\" class=\"width_full height_full article__lead-art-photo image_placeholder\" src=\"https:\/\/tn.com.ar\/resizer\/DONf7SbKO2fO-NLJwfmLkoZCvhs=\/767x0\/smart\/cloudfront-us-east-1.images.arcpublishing.com\/artear\/EFZ7XIYNIRCGFG4GAGDHOGZTEQ.jpeg\" alt=\"Mat\u00edas Chirino ten\u00eda 22 a\u00f1os. Muri\u00f3 durante su &quot;fiesta de iniciaci\u00f3n&quot; en el Ej\u00e9rcito Argentino. (Foto: gentileza familia Chirino)\" \/><\/picture><\/div><figcaption class=\"flex flex_column caption_image\">Mat\u00edas Chirino ten\u00eda 22 a\u00f1os. Muri\u00f3 durante su &#8220;fiesta de iniciaci\u00f3n&#8221; en el Ej\u00e9rcito Argentino. (Foto: gentileza familia Chirino)<\/figcaption><\/figure>\n<\/div>\n<\/div>\n<div class=\"flex align_items_center horizontal-share relative\"><\/div>\n<\/div>\n<div class=\"default-article-color article__body article__article\">\n<p class=\"paragraph\"><b>Valentina<\/b>\u00a0conserva en su celular el \u00faltimo mensaje que recibi\u00f3 de su novio,\u00a0<b>Mat\u00edas Chirino<\/b>. Eran las 20:00 del s\u00e1bado 18 y el joven subteniente le avisaba que hab\u00eda llegado al destacamento del\u00a0<b>Grupo de Artiller\u00eda Monte 3 de Paso de los Libres, Corrientes.<\/b><\/p>\n<p class=\"paragraph\">Mat\u00edas no estaba solo. Lo acompa\u00f1aban\u00a0<b>otros dos oficiales<\/b>\u00a0reci\u00e9n recibidos que hab\u00edan coincidido con la v\u00edctima durante sus estudios en el Colegio Militar de El Palomar. Los tres cargaban\u00a0<b>varias bolsas con carne, bebidas y cigarrillos<\/b>, los elementos presuntamente requeridos por oficiales de mayor rango para el ritual de iniciaci\u00f3n. Lo que iba a ser el \u201cbautismo\u201d de Mat\u00edas en el Ej\u00e9rcito Argentino fue, por el contrario, el camino hacia<b>\u00a0una muerte prematura y absurda<\/b>.<\/p>\n<p class=\"paragraph\">La autopsia revel\u00f3 que sufri\u00f3 una<b>\u00a0broncoaspiraci\u00f3n<\/b>. Es decir,\u00a0<b>se ahog\u00f3 con su propio v\u00f3mito<\/b>. El estudio precis\u00f3 adem\u00e1s que el cuerpo no exhib\u00eda signos de violencia. Sin embargo, su familia denuncia que el joven fue v\u00edctima de una serie de maltratos que le costaron la vida.<\/p>\n<p class=\"paragraph\">Esto \u00faltimo es investigado por la<b>\u00a0Justicia federal de Paso de los Libres<\/b>. La primera reacci\u00f3n del Ej\u00e9rcito Argentino fue<b>\u00a0suspender a los 11 oficiales\u00a0<\/b>que participaron del asado tr\u00e1gico, incluso a los dos que junto con Mat\u00edas se estaban sumando a las tareas en el destacamento correntino.<\/p>\n<p class=\"paragraph\">Este mi\u00e9rcoles, un jefe de regi\u00f3n del Ej\u00e9rcito Argentino present\u00f3 una denuncia penal en la Fiscal\u00eda Federal de Paso de Libres y denunci\u00f3 a esos 11 oficiales\u00a0<b>por abuso de autoridad, incumplimiento de los deberes de funcionarios p\u00fablico y abandono de persona.<\/b><\/p>\n<h2 class=\"font--primary\">Los chats que forman parte de la investigaci\u00f3n: \u201cEn el grupo de WhatsApp ya se dirig\u00edan a Mat\u00edas despectivamente\u201d<\/h2>\n<p class=\"paragraph\">\u201cLos chicos se ten\u00edan que presentar el domingo a la ma\u00f1ana. Estaba previsto que el lunes empezaran con sus actividades,\u00a0<b>pero un oficial le escribi\u00f3 el jueves a Mat\u00edas por privado<\/b>\u00a0y le pidi\u00f3 que se presentaran el s\u00e1bado\u201d, cuenta la novia en di\u00e1logo con\u00a0<b>TN<\/b>. \u201cLe dijo que era para organizarse mejor y le coment\u00f3 que su habitaci\u00f3n estaba lista\u201d.<\/p>\n<p class=\"paragraph\">Seg\u00fan el relato de Valentina, el s\u00e1bado Mat\u00edas fue invitado al\u00a0<b>grupo de WhatsApp<\/b>\u00a0conformado por los oficiales que cumpl\u00edan funciones en el\u00a0<b>Grupo de Artiller\u00eda Monte 3<\/b>: \u201cAh\u00ed le dicen que \u00e9l y los otros dos chicos\u00a0<b>ten\u00edan que invitar a todos a una cena\u201d.<\/b><\/p>\n<figure class=\"\">\n<div class=\"aspect_ratio__container\"><picture class=\"responsive-image\"><source srcset=\"https:\/\/tn.com.ar\/resizer\/d1eeUuTNa1Zu6WutEuI6Byg_wzQ=\/767x0\/smart\/cloudfront-us-east-1.images.arcpublishing.com\/artear\/K46HD22O7BANHHRRAFGC7K6R74.jpg\" type=\"image\/jpg\" media=\"(max-width: 728px)\" \/><source srcset=\"https:\/\/tn.com.ar\/resizer\/cb_tTRliGeaW6wy161Uz_W7Vfxc=\/1023x0\/smart\/cloudfront-us-east-1.images.arcpublishing.com\/artear\/K46HD22O7BANHHRRAFGC7K6R74.jpg\" type=\"image\/jpg\" media=\"(max-width: 1023px)\" \/><source srcset=\"https:\/\/tn.com.ar\/resizer\/xrjzZ3vux0NbUtF_phG8C77JGk4=\/1440x0\/smart\/cloudfront-us-east-1.images.arcpublishing.com\/artear\/K46HD22O7BANHHRRAFGC7K6R74.jpg\" type=\"image\/jpg\" \/><img decoding=\"async\" class=\"margin_bottom image flex flex_column image_placeholder\" src=\"https:\/\/tn.com.ar\/resizer\/d1eeUuTNa1Zu6WutEuI6Byg_wzQ=\/767x0\/smart\/cloudfront-us-east-1.images.arcpublishing.com\/artear\/K46HD22O7BANHHRRAFGC7K6R74.jpg\" alt=\"Mat\u00edas Chirino se hab\u00eda recibido de subteniente en diciembre. (Foto: gentileza familia Chirino)\" \/><\/picture><\/div><figcaption class=\"flex flex_column caption_image\">Mat\u00edas Chirino se hab\u00eda recibido de subteniente en diciembre. (Foto: gentileza familia Chirino)<\/figcaption><\/figure>\n<p class=\"paragraph\">El joven subteniente nacido y criado en\u00a0<b>Holmberg, R\u00edo Cuarto -C\u00f3rdoba-<\/b>\u00a0no solo sab\u00eda que ese momento iba a llegar, sino que ya ten\u00eda contemplado gastar\u00a0<b>\u201cla mitad del sueldo\u201d<\/b>\u00a0en su celebraci\u00f3n de bienvenida. Cuenta la joven de 21 a\u00f1os que los maltratos comenzaron en ese chat.<\/p>\n<p class=\"paragraph\"><b>\u201cEn el grupo ya se dirig\u00edan a \u00e9l despectivamente.\u00a0<\/b>Mat\u00edas, siempre muy educado, les ofreci\u00f3 comprar asado. Y los otros oficiales le empezaron a exigir bebidas puntuales.<b>\u00a0Se las iban detallando: cerveza Corona, whisky Jack Daniel\u2019s, vino Rutini, fernet Branca\u201d<\/b>, narra.\u00a0<b>\u201cHasta le dec\u00edan qu\u00e9 cigarrillos ten\u00eda que comprarles a cada uno\u201d.<\/b><\/p>\n<p class=\"paragraph\">Mat\u00edas se sinti\u00f3 perturbado, pero asinti\u00f3 las exigencias. Despu\u00e9s de todo, era el \u201cnuevo\u201d. Tras haberse recibido de subteniente en diciembre, ten\u00eda previsto permanecer hasta fin de a\u00f1o en el GA Monte 3. No quer\u00eda, de entrada, desobedecer a los superiores con los que iba a tratar durante los pr\u00f3ximos meses.<\/p>\n<h2 class=\"font--primary\">Los \u00faltimos minutos del subteniente muerto en Corrientes: \u201cLos compa\u00f1eros no recuerdan en qu\u00e9 estado lleg\u00f3 a la habitaci\u00f3n\u201d<\/h2>\n<p class=\"paragraph\"><b>\u201cLa \u00faltima vez que habl\u00e9 con \u00e9l, el s\u00e1bado, fue breve. Me dijo que estaba ocupado comprando la carne y la picada<\/b>, que lo disculpara por no poder hablar m\u00e1s.\u00a0<b>Estaba muy nervioso y me lo dijo<\/b>. Pero al mismo tiempo, yo s\u00e9 que estaba emocionado por empezar su carrera\u201d, detalla Valentina.<\/p>\n<p class=\"paragraph\">Despu\u00e9s de esa charla, la joven recibi\u00f3 un mensaje m\u00e1s:\u00a0<b>Mat\u00edas le avisaba que hab\u00eda llegado al destacamento<\/b>.<\/p>\n<p class=\"paragraph\">Luego, el inicio de la tragedia. \u201cLes exig\u00edan tomar. Los oficiales de mayor rango les daban sus vasos y<b>\u00a0los obligaban a hacer \u2018fondo blanco\u2019<\/b>\u00a0-vaciar el contenido del recipiente en una sola ingesta-. Mat\u00edas tomaba fernet, pero no le gustaban el whisky ni el vino.\u00a0<b>Nunca lo vi mal por tomar, y sal\u00ed mil veces con \u00e9l a boliches\u201d<\/b>, se\u00f1ala.<\/p>\n<figure class=\"\">\n<div class=\"aspect_ratio__container\"><picture class=\"responsive-image\"><source srcset=\"https:\/\/tn.com.ar\/resizer\/s1vDgJfVxdZ05xZJR7zmyFbo4Qg=\/767x0\/smart\/cloudfront-us-east-1.images.arcpublishing.com\/artear\/EYFJZSWRKVGKLGILIWFTLVYP74.jpeg\" type=\"image\/jpg\" media=\"(max-width: 728px)\" \/><source srcset=\"https:\/\/tn.com.ar\/resizer\/Doynl-HBug4yTVzOFrm5mAV5MgA=\/1023x0\/smart\/cloudfront-us-east-1.images.arcpublishing.com\/artear\/EYFJZSWRKVGKLGILIWFTLVYP74.jpeg\" type=\"image\/jpg\" media=\"(max-width: 1023px)\" \/><source srcset=\"https:\/\/tn.com.ar\/resizer\/vSBMCkhl2WKM4JkAJd-TvTLBGYw=\/1440x0\/smart\/cloudfront-us-east-1.images.arcpublishing.com\/artear\/EYFJZSWRKVGKLGILIWFTLVYP74.jpeg\" type=\"image\/jpg\" \/><img decoding=\"async\" class=\"margin_bottom image flex flex_column image_placeholder\" src=\"https:\/\/tn.com.ar\/resizer\/s1vDgJfVxdZ05xZJR7zmyFbo4Qg=\/767x0\/smart\/cloudfront-us-east-1.images.arcpublishing.com\/artear\/EYFJZSWRKVGKLGILIWFTLVYP74.jpeg\" alt=\"&quot;\u00c9l lo daba todo por el Ej\u00e9rcito&quot;, dijo a TN la novia de Mat\u00edas. (Foto: gentileza familia Chirino)\" \/><\/picture><\/div><figcaption class=\"flex flex_column caption_image\">&#8220;\u00c9l lo daba todo por el Ej\u00e9rcito&#8221;, dijo a TN la novia de Mat\u00edas. (Foto: gentileza familia Chirino)<\/figcaption><\/figure>\n<p class=\"paragraph\">Valentina cuenta que en el<b>\u00a0<\/b>transcurso de la noche a Mat\u00edas y sus dos compa\u00f1eros<b>\u00a0\u201clos obligaron a meterse en la pileta helada y sucia\u201d<\/b>. El consumo de alcohol, a esa hora, segu\u00eda su curso fren\u00e9tico:\u00a0<b>\u201cLos compa\u00f1eros no saben decir en qu\u00e9 estado lleg\u00f3 Mat\u00edas a la habitaci\u00f3n. Dicen que no lo recuerdan\u201d.<\/b><\/p>\n<p class=\"paragraph\">El festejo termin\u00f3 pasada la medianoche y, seg\u00fan una versi\u00f3n extraoficial atribuida a uno de los testigos, el subteniente muerto era \u201cuno de los m\u00e1s l\u00facidos\u201d. La novia de Mat\u00edas agrega: \u201cUno de los chicos, que ojal\u00e1 pueda armarse de fuerzas y testificar,\u00a0<b>se levant\u00f3 cuando a Mat\u00edas le hac\u00edan maniobras de RCP en el piso\u201d.<\/b><\/p>\n<p class=\"paragraph\">Valentina, pr\u00f3xima a recibirse de contadora, dice que con Mat\u00edas planeaban convivir a partir del a\u00f1o que viene. Los proyectos de una pareja joven y llena de sue\u00f1os quedaron sepultados bajo un ritual tr\u00e1gico:\u00a0<b>\u201cMe desped\u00ed de \u00e9l hace unos d\u00edas, pensando que en tres o cuatro semanas lo iba a volver a ver. Y ya no lo tengo m\u00e1s\u201d<\/b>.<\/p>\n<p class=\"paragraph\">\u201c\u00c9l lo daba todo por el Ej\u00e9rcito. Estoy destrozada. Quiero que se haga justicia y los responsables se hagan cargo de lo que hicieron. Que digan la verdad, que nos cuenten qu\u00e9 pas\u00f3\u201d, concluye.<\/p>\n<figure class=\"\">\n<div class=\"aspect_ratio__container\"><picture class=\"responsive-image\"><source srcset=\"https:\/\/tn.com.ar\/resizer\/SC-ts8USeKoQHnYAPJLACph4kB0=\/767x0\/smart\/cloudfront-us-east-1.images.arcpublishing.com\/artear\/QLOLMXXCMVEYDGIA5GXHOT6RYQ.png\" type=\"image\/jpg\" media=\"(max-width: 728px)\" \/><source srcset=\"https:\/\/tn.com.ar\/resizer\/43IRNQhr5SfziuSw4cV7Zaw8UKw=\/1023x0\/smart\/cloudfront-us-east-1.images.arcpublishing.com\/artear\/QLOLMXXCMVEYDGIA5GXHOT6RYQ.png\" type=\"image\/jpg\" media=\"(max-width: 1023px)\" \/><source srcset=\"https:\/\/tn.com.ar\/resizer\/ZusfgiBNwSUoftW5XI2Txidf8QQ=\/1440x0\/smart\/cloudfront-us-east-1.images.arcpublishing.com\/artear\/QLOLMXXCMVEYDGIA5GXHOT6RYQ.png\" type=\"image\/jpg\" \/><img decoding=\"async\" class=\"margin_bottom image flex flex_column image_placeholder\" src=\"https:\/\/tn.com.ar\/resizer\/SC-ts8USeKoQHnYAPJLACph4kB0=\/767x0\/smart\/cloudfront-us-east-1.images.arcpublishing.com\/artear\/QLOLMXXCMVEYDGIA5GXHOT6RYQ.png\" alt=\"La novia del militar que muri\u00f3 en un bautismo de iniciaci\u00f3n cont\u00f3 detalles de esa noche\" \/><\/picture><\/div><figcaption class=\"flex flex_column caption_image\"><\/figcaption><\/figure>\n<h2 class=\"font--primary\">El fiscal de la causa: \u201cCasi me pongo a llorar cuando habl\u00e9 con el padre\u201d<\/h2>\n<p class=\"paragraph\"><b>Fabi\u00e1n Mart\u00ednez<\/b>, fiscal federal de Paso de los Libres, describi\u00f3 los primeros pasos en la investigaci\u00f3n. \u201cLa parte de los hechos que acaecieron con la muerte los est\u00e1 llevando la Justicia provincial. Yo estoy esperando saber qu\u00e9 decisi\u00f3n va a tomar: si es que va a declinar o no su competencia,\u00a0<b>para yo acumular esta denuncia que ha hecho el padre aportando pruebas y continuar con la investigaci\u00f3n\u201d<\/b>, se\u00f1al\u00f3 el instructor de la causa, y reconoci\u00f3 que todav\u00eda no pudo tener contacto con el expediente.<\/p>\n<p class=\"paragraph\">\u201cC\u00f3mo sucedi\u00f3 (la muerte), si voluntariamente la v\u00edctima acept\u00f3 este tipo de hechos\u00a0<b>que en algunos son objetados como vejaciones y en otros, como abuso.<\/b>\u00a0Y despu\u00e9s, l\u00f3gicamente,\u00a0<b>hay que ver si hubo abandono de persona\u201d<\/b>, precis\u00f3 a\u00a0<i>Cadena 3<\/i>.<\/p>\n<p class=\"paragraph\">En ese sentido, explic\u00f3 que los hechos a investigar pueden constituir delitos y, al mismo tiempo, que la Justicia castrense determine \u201cque son infracciones grav\u00edsimas para el c\u00f3digo militar. Este mi\u00e9rcoles, el Ej\u00e9rcito inform\u00f3 la suspensi\u00f3n de 11 oficiales que participaron del rito de iniciaci\u00f3n, incluidos los dos compa\u00f1eros de Mat\u00edas.<\/p>\n<p class=\"paragraph\">El fiscal revel\u00f3 un di\u00e1logo que tuvo con<b>\u00a0Ezequiel Chirino<\/b>, pap\u00e1 de la v\u00edctima y quien hab\u00eda viajado a Paso de los Libres para acompa\u00f1arlo en sus primeros d\u00edas en el Ej\u00e9rcito.\u00a0<b>\u201cYo tambi\u00e9n soy padre y casi me pongo a llorar cuando habl\u00e9 con \u00e9l.<\/b>\u00a0Es atroz lo que sucedi\u00f3. No se lo deseo a nadie\u201d, dijo.<\/p>\n<\/div>\n<p>&nbsp;<\/p>\n<\/div>\n<\/div>\n","protected":false},"excerpt":{"rendered":"<p>Mat\u00edas Chirino ten\u00eda 22 a\u00f1os. Muri\u00f3 durante su &#8220;fiesta de iniciaci\u00f3n&#8221; en el Ej\u00e9rcito Argentino. (Foto: gentileza familia Chirino) Valentina\u00a0conserva en su celular el \u00faltimo mensaje que recibi\u00f3 de su novio,\u00a0Mat\u00edas Chirino. Eran las 20:00 del s\u00e1bado 18 y el joven subteniente le avisaba que hab\u00eda llegado al destacamento del\u00a0Grupo de Artiller\u00eda Monte 3 de [&hellip;]<\/p>\n","protected":false},"author":3,"featured_media":54605,"comment_status":"open","ping_status":"open","sticky":false,"template":"","format":"standard","meta":{"footnotes":""},"categories":[10,11],"tags":[136],"class_list":["post-54680","post","type-post","status-publish","format-standard","has-post-thumbnail","hentry","category-provinciales","category-sociedad","tag-destacados"],"_links":{"self":[{"href":"http:\/\/informateesquina.com\/index.php?rest_route=\/wp\/v2\/posts\/54680","targetHints":{"allow":["GET"]}}],"collection":[{"href":"http:\/\/informateesquina.com\/index.php?rest_route=\/wp\/v2\/posts"}],"about":[{"href":"http:\/\/informateesquina.com\/index.php?rest_route=\/wp\/v2\/types\/post"}],"author":[{"embeddable":true,"href":"http:\/\/informateesquina.com\/index.php?rest_route=\/wp\/v2\/users\/3"}],"replies":[{"embeddable":true,"href":"http:\/\/informateesquina.com\/index.php?rest_route=%2Fwp%2Fv2%2Fcomments&post=54680"}],"version-history":[{"count":0,"href":"http:\/\/informateesquina.com\/index.php?rest_route=\/wp\/v2\/posts\/54680\/revisions"}],"wp:featuredmedia":[{"embeddable":true,"href":"http:\/\/informateesquina.com\/index.php?rest_route=\/wp\/v2\/media\/54605"}],"wp:attachment":[{"href":"http:\/\/informateesquina.com\/index.php?rest_route=%2Fwp%2Fv2%2Fmedia&parent=54680"}],"wp:term":[{"taxonomy":"category","embeddable":true,"href":"http:\/\/informateesquina.com\/index.php?rest_route=%2Fwp%2Fv2%2Fcategories&post=54680"},{"taxonomy":"post_tag","embeddable":true,"href":"http:\/\/informateesquina.com\/index.php?rest_route=%2Fwp%2Fv2%2Ftags&post=54680"}],"curies":[{"name":"wp","href":"https:\/\/api.w.org\/{rel}","templated":true}]}}