{"id":54686,"date":"2022-06-24T23:37:16","date_gmt":"2022-06-25T02:37:16","guid":{"rendered":"https:\/\/informateesquina.com\/?p=54686"},"modified":"2022-06-24T23:37:16","modified_gmt":"2022-06-25T02:37:16","slug":"goya-asi-rescataron-al-puma-que-aparecio-en-un-desague","status":"publish","type":"post","link":"http:\/\/informateesquina.com\/?p=54686","title":{"rendered":"Goya: as\u00ed rescataron al puma que apareci\u00f3 en un desag\u00fce"},"content":{"rendered":"<div class=\"banner wline space-bottom\"><\/div>\n<div class=\"fotos-y-videos\">\n<div class=\"tab-content\">\n<div id=\"fotos\" class=\"tab-pane fade in active\" role=\"tabpanel\"><a class=\"fotos-desarrollo unlink\" title=\"Goya: as\u00ed rescataron al puma que apareci\u00f3 en un desag\u00fce\" href=\"https:\/\/www.radiosudamericana.com\/notix\/multimedia\/imagenes\/fotos\/2022-06-24\/424200.jpg\"><img loading=\"lazy\" decoding=\"async\" class=\"img-responsive lazyload center-block\" src=\"https:\/\/www.radiosudamericana.com\/notix\/multimedia\/imagenes\/fotos\/2022-06-24\/424200.jpg_nota.jpg\" alt=\"Goya: as\u00ed rescataron al puma que apareci\u00f3 en un desag\u00fce\" width=\"700\" height=\"811\" \/><\/a><\/div>\n<\/div>\n<\/div>\n<p>&nbsp;<\/p>\n<div class=\"audios-desarrollo\">\n<div id=\"audio-1\"><\/div>\n<\/div>\n<div class=\"cuerpo\">\n<p>En el d\u00eda de ayer, el Centro Aguar\u00e1 recibi\u00f3 un aviso de la Direcci\u00f3n de Recursos Naturales por la presencia de un ejemplar de Puma (???? ????????) en la zona &#8220;El Remanso&#8221; de la localidad de Goya.<\/p>\n<p><a class=\"fotos-desarrollo unlink\" title=\"Goya: as\u00ed rescataron al puma que apareci\u00f3 en un desag\u00fce\" href=\"https:\/\/www.radiosudamericana.com\/notix\/multimedia\/imagenes\/fotos\/2022-06-24\/448437.jpg\"><img decoding=\"async\" class=\"img-responsive\" src=\"https:\/\/www.radiosudamericana.com\/notix\/multimedia\/imagenes\/fotos\/2022-06-24\/448437.jpg_nota.jpg\" \/><\/a><a class=\"fotos-desarrollo unlink\" title=\"Goya: as\u00ed rescataron al puma que apareci\u00f3 en un desag\u00fce\" href=\"https:\/\/www.radiosudamericana.com\/notix\/multimedia\/imagenes\/fotos\/2022-06-24\/229298.jpg\"><img decoding=\"async\" class=\"img-responsive\" src=\"https:\/\/www.radiosudamericana.com\/notix\/multimedia\/imagenes\/fotos\/2022-06-24\/229298.jpg_nota.jpg\" \/><\/a><\/p>\n<p>El felino se encontraba en la alcantarilla de un peque\u00f1o puente, que utiliz\u00f3 como refugio al haber sido perseguido por perros de los vecinos del lugar.<\/p>\n<p><a class=\"fotos-desarrollo unlink\" title=\"Goya: as\u00ed rescataron al puma que apareci\u00f3 en un desag\u00fce\" href=\"https:\/\/www.radiosudamericana.com\/notix\/multimedia\/imagenes\/fotos\/2022-06-24\/844085.jpg\"><img decoding=\"async\" class=\"img-responsive\" src=\"https:\/\/www.radiosudamericana.com\/notix\/multimedia\/imagenes\/fotos\/2022-06-24\/844085.jpg_nota.jpg\" \/><\/a><br \/>\nAl hallarse en una ubicaci\u00f3n suburbana y con presencia de personas, el director Daniel Segovia junto al equipo t\u00e9cnico del Centro Aguar\u00e1, procedieron al rescate del animal.<br \/>\nMediante la utilizaci\u00f3n de un dardo anest\u00e9sico se captur\u00f3 al puma, para facilitar su traslado sin poner en riesgo al ejemplar ni a los presentes.<\/p>\n<p>Durante la anestesia se aprovech\u00f3 para hacerle una exploraci\u00f3n completa, extracci\u00f3n de sangre para detectar enfermedades y se constat\u00f3 su buen estado f\u00edsico y de salud.<\/p>\n<p><a class=\"fotos-desarrollo unlink\" title=\"Goya: as\u00ed rescataron al puma que apareci\u00f3 en un desag\u00fce\" href=\"https:\/\/www.radiosudamericana.com\/notix\/multimedia\/imagenes\/fotos\/2022-06-24\/650611.jpg\"><img decoding=\"async\" class=\"img-responsive\" src=\"https:\/\/www.radiosudamericana.com\/notix\/multimedia\/imagenes\/fotos\/2022-06-24\/650611.jpg_nota.jpg\" \/><\/a><br \/>\nEl puma era un macho juvenil de 37 kg de aproximadamente con 5 o 6 a\u00f1os de edad. No presentaba heridas actuales ni antiguas, sus miembros, articulaciones, cola, pelaje y dentici\u00f3n gozaban de buenas condiciones.<\/p>\n<p>Habi\u00e9ndose comprobado que no requer\u00eda rehabilitaci\u00f3n, se decidi\u00f3 su inmediata liberaci\u00f3n en una zona m\u00e1s segura y acorde a su ambiente natural.<\/p>\n<p><a class=\"fotos-desarrollo unlink\" title=\"Goya: as\u00ed rescataron al puma que apareci\u00f3 en un desag\u00fce\" href=\"https:\/\/www.radiosudamericana.com\/notix\/multimedia\/imagenes\/fotos\/2022-06-24\/260137.jpg\"><img decoding=\"async\" class=\"img-responsive\" src=\"https:\/\/www.radiosudamericana.com\/notix\/multimedia\/imagenes\/fotos\/2022-06-24\/260137.jpg_nota.jpg\" \/><\/a><a class=\"fotos-desarrollo unlink\" title=\"Goya: as\u00ed rescataron al puma que apareci\u00f3 en un desag\u00fce\" href=\"https:\/\/www.radiosudamericana.com\/notix\/multimedia\/imagenes\/fotos\/2022-06-24\/342514.jpg\"><img decoding=\"async\" class=\"img-responsive\" src=\"https:\/\/www.radiosudamericana.com\/notix\/multimedia\/imagenes\/fotos\/2022-06-24\/342514.jpg_nota.jpg\" \/><\/a><a class=\"fotos-desarrollo unlink\" title=\"Goya: as\u00ed rescataron al puma que apareci\u00f3 en un desag\u00fce\" href=\"https:\/\/www.radiosudamericana.com\/notix\/multimedia\/imagenes\/fotos\/2022-06-24\/681604.jpg\"><img decoding=\"async\" class=\"img-responsive\" src=\"https:\/\/www.radiosudamericana.com\/notix\/multimedia\/imagenes\/fotos\/2022-06-24\/681604.jpg_nota.jpg\" \/><\/a><\/p>\n<\/div>\n","protected":false},"excerpt":{"rendered":"<p>&nbsp; En el d\u00eda de ayer, el Centro Aguar\u00e1 recibi\u00f3 un aviso de la Direcci\u00f3n de Recursos Naturales por la presencia de un ejemplar de Puma (???? ????????) en la zona &#8220;El Remanso&#8221; de la localidad de Goya. El felino se encontraba en la alcantarilla de un peque\u00f1o puente, que utiliz\u00f3 como refugio al haber [&hellip;]<\/p>\n","protected":false},"author":3,"featured_media":54687,"comment_status":"open","ping_status":"open","sticky":false,"template":"","format":"standard","meta":{"footnotes":""},"categories":[10,11],"tags":[136],"class_list":["post-54686","post","type-post","status-publish","format-standard","has-post-thumbnail","hentry","category-provinciales","category-sociedad","tag-destacados"],"_links":{"self":[{"href":"http:\/\/informateesquina.com\/index.php?rest_route=\/wp\/v2\/posts\/54686","targetHints":{"allow":["GET"]}}],"collection":[{"href":"http:\/\/informateesquina.com\/index.php?rest_route=\/wp\/v2\/posts"}],"about":[{"href":"http:\/\/informateesquina.com\/index.php?rest_route=\/wp\/v2\/types\/post"}],"author":[{"embeddable":true,"href":"http:\/\/informateesquina.com\/index.php?rest_route=\/wp\/v2\/users\/3"}],"replies":[{"embeddable":true,"href":"http:\/\/informateesquina.com\/index.php?rest_route=%2Fwp%2Fv2%2Fcomments&post=54686"}],"version-history":[{"count":0,"href":"http:\/\/informateesquina.com\/index.php?rest_route=\/wp\/v2\/posts\/54686\/revisions"}],"wp:featuredmedia":[{"embeddable":true,"href":"http:\/\/informateesquina.com\/index.php?rest_route=\/wp\/v2\/media\/54687"}],"wp:attachment":[{"href":"http:\/\/informateesquina.com\/index.php?rest_route=%2Fwp%2Fv2%2Fmedia&parent=54686"}],"wp:term":[{"taxonomy":"category","embeddable":true,"href":"http:\/\/informateesquina.com\/index.php?rest_route=%2Fwp%2Fv2%2Fcategories&post=54686"},{"taxonomy":"post_tag","embeddable":true,"href":"http:\/\/informateesquina.com\/index.php?rest_route=%2Fwp%2Fv2%2Ftags&post=54686"}],"curies":[{"name":"wp","href":"https:\/\/api.w.org\/{rel}","templated":true}]}}