{"id":54698,"date":"2022-06-28T18:57:06","date_gmt":"2022-06-28T21:57:06","guid":{"rendered":"https:\/\/informateesquina.com\/?p=54698"},"modified":"2022-06-28T18:57:06","modified_gmt":"2022-06-28T21:57:06","slug":"el-comunicado-de-la-policia-luego-de-que-un-agente-haya-atropellado-a-un-perro","status":"publish","type":"post","link":"http:\/\/informateesquina.com\/?p=54698","title":{"rendered":"El comunicado de la Polic\u00eda luego de que un agente haya atropellado a un perro"},"content":{"rendered":"<p>EL COMUNICADO<\/p>\n<p>La Jefatura de Polic\u00eda actu\u00f3 de manera inmediata al ser notificados y ver el video viral en donde claramente un agente policial atropella a un perro. En un r\u00e1pido actuar el animal fue llevado a la veterinaria donde lamentablemente falleci\u00f3. El mismo jefe de la Jefatura Regional, comisario Mayor Roque B\u00e1ez se puso en contacto con la familia due\u00f1a del canino.<\/p>\n<p>Ya est\u00e1n elaboradas todas las sanciones correspondientes present\u00e1ndose a la brevedad una Denuncia Penal contra el agente que de manera inhumada paso por arriba de un indefenso animal, hecho que quedo registrado por una c\u00e1mara de seguridad.<\/p>\n<p>La Policia de Corriente lamenta profundamente lo sucedido y esta a disposicion para intervenir ante cualquier suceso de incumplimientos de los agentes policiales.<\/p>\n","protected":false},"excerpt":{"rendered":"<p>EL COMUNICADO La Jefatura de Polic\u00eda actu\u00f3 de manera inmediata al ser notificados y ver el video viral en donde claramente un agente policial atropella a un perro. En un r\u00e1pido actuar el animal fue llevado a la veterinaria donde lamentablemente falleci\u00f3. El mismo jefe de la Jefatura Regional, comisario Mayor Roque B\u00e1ez se puso [&hellip;]<\/p>\n","protected":false},"author":3,"featured_media":54699,"comment_status":"open","ping_status":"open","sticky":false,"template":"","format":"standard","meta":{"footnotes":""},"categories":[8,10],"tags":[],"class_list":["post-54698","post","type-post","status-publish","format-standard","has-post-thumbnail","hentry","category-policiales","category-provinciales"],"_links":{"self":[{"href":"http:\/\/informateesquina.com\/index.php?rest_route=\/wp\/v2\/posts\/54698","targetHints":{"allow":["GET"]}}],"collection":[{"href":"http:\/\/informateesquina.com\/index.php?rest_route=\/wp\/v2\/posts"}],"about":[{"href":"http:\/\/informateesquina.com\/index.php?rest_route=\/wp\/v2\/types\/post"}],"author":[{"embeddable":true,"href":"http:\/\/informateesquina.com\/index.php?rest_route=\/wp\/v2\/users\/3"}],"replies":[{"embeddable":true,"href":"http:\/\/informateesquina.com\/index.php?rest_route=%2Fwp%2Fv2%2Fcomments&post=54698"}],"version-history":[{"count":0,"href":"http:\/\/informateesquina.com\/index.php?rest_route=\/wp\/v2\/posts\/54698\/revisions"}],"wp:featuredmedia":[{"embeddable":true,"href":"http:\/\/informateesquina.com\/index.php?rest_route=\/wp\/v2\/media\/54699"}],"wp:attachment":[{"href":"http:\/\/informateesquina.com\/index.php?rest_route=%2Fwp%2Fv2%2Fmedia&parent=54698"}],"wp:term":[{"taxonomy":"category","embeddable":true,"href":"http:\/\/informateesquina.com\/index.php?rest_route=%2Fwp%2Fv2%2Fcategories&post=54698"},{"taxonomy":"post_tag","embeddable":true,"href":"http:\/\/informateesquina.com\/index.php?rest_route=%2Fwp%2Fv2%2Ftags&post=54698"}],"curies":[{"name":"wp","href":"https:\/\/api.w.org\/{rel}","templated":true}]}}